{"id":6905,"date":"2026-04-01T09:46:24","date_gmt":"2026-04-01T09:46:24","guid":{"rendered":"https:\/\/hsls.hr\/web\/hsls-na-konferenciji-libseen-a-u-podgorici-demokracija-pod-pritiskom-dezinformacije-autoritarizam-i-put-prema-eu\/"},"modified":"2026-04-01T09:46:45","modified_gmt":"2026-04-01T09:46:45","slug":"hsls-na-konferenciji-libseen-a-u-podgorici-demokracija-pod-pritiskom-dezinformacije-autoritarizam-i-put-prema-eu","status":"publish","type":"post","link":"https:\/\/hsls.hr\/web\/hsls-na-konferenciji-libseen-a-u-podgorici-demokracija-pod-pritiskom-dezinformacije-autoritarizam-i-put-prema-eu\/","title":{"rendered":"HSLS na konferenciji LIBSEEN-a u Podgorici: \u201eDemokracija pod pritiskom: Dezinformacije, autoritarizam i put prema EU\u201c"},"content":{"rendered":"<p>Proteklog vikenda <strong>Goran Kurevija<\/strong>, me\u0111unarodni tajnik i \u010dlan Predsjedni\u0161tva HSLS-a sudjelovao je u Podgorici (Crna Gora) na vrlo uspje\u0161noj konferenciji LIBSEEN-a pod nazivom <strong>\u201cDemokracija pod pritiskom: dezinformacije, autoritarizam i put prema EU\u201d,<\/strong> koju je organizirala <strong>Liberalna partija Crne Gore<\/strong> u suradnji s <strong>Liberalnim Demokratima<\/strong> iz Velike Britanije te <strong>ALDE Party-jem<\/strong>, krovnom organizacijom liberala Europe.<\/p>\n<p>Na panelima se raspravljalo o dezinformacijama, autoritarizmu, etni\u010dkim tenzijama i pritiscima na javno mnijenje, ali i o konkretnim rje\u0161enjima koja mogu ubrzati reforme i o\u010duvati demokratske standarde i ubrzati put u EU.<\/p>\n<p>Uz \u010dlanove LIBSEEN-a, konferenciji su sudjelovali i predstavnici drugih stranaka i mre\u017ea, uklju\u010duju\u0107i SDP Crne Gore, \u010dlanovi Evropskog saveza, Liberalne internacionale.<\/p>\n<p>Crna Gora je najdalje oti\u0161la u pregovorima s Europskom komisijom te je najozbiljniji kandidat za \u010dlanstvo u EU ve\u0107 do 2028. godine. No, kako se taj datum pribli\u017eava, primjetni su poku\u0161aji sabotiranja europskog puta, i to od dijelova (prosrpske\/proruske) vlasti, ali i od radikalnih elemenata u regiji i izvan regije. Zato je od izuzetne va\u017enosti da budu\u0107a vlada nakon parlamentarnih izbora koji \u0107e se odr\u017eati idu\u0107e godine uklju\u010duje proeuropske i gra\u0111anske stranke.<\/p>\n<p>Tijekom konferencije odr\u017eali smo i sastanak izvr\u0161nog odbora LIBSEEN-a, gdje smo definirali prioritete za naredne mjesece, pripremali projekte do kraja godine i pripreme za ALDE kongres u Be\u010d, te aktivnosti za promicanje liberalnih vrijednosti u regiji.<\/p>\n<p>HSLS, kao i Republika Hrvatska, sna\u017eno podr\u017eava zemlje Zapadnog Balkana na njihovom putu prema Europskoj uniji.<\/p>\n<p>Sljede\u0107i sastanak LIBSEEN-a odr\u017eat \u0107e se u Var\u0161avi u svibnju u sklopu \u0161ire konferencije koju organizira nizozemski VVD.<div data-sliderid=\"58094\" id=\"penci-post-gallery__58094\" class=\"penci-post-gallery-container masonry column-3\" data-height=\"150\" data-margin=\"3\"><div class=\"inner-gallery-masonry-container\"><div class=\"item-gallery-masonry\"><a class=\"penci-gallery-ite item-link-relative\" href=\"https:\/\/hsls.hr\/web\/wp-content\/uploads\/2026\/04\/55176232860_a0ce5fe276_b.jpg\"><div class=\"inner-item-masonry-gallery\"><span class=\"penci-isotope-padding\" style=\"padding-bottom:66.66666667%;\"><\/span><img decoding=\"async\" src=\"https:\/\/hsls.hr\/web\/wp-content\/uploads\/2026\/04\/55176232860_a0ce5fe276_b-585x390.jpg\" alt=\"\" title=\"55176232860_a0ce5fe276_b\"><\/div><\/a><\/div><div class=\"item-gallery-masonry\"><a class=\"penci-gallery-ite item-link-relative\" href=\"https:\/\/hsls.hr\/web\/wp-content\/uploads\/2026\/04\/GK-scaled.jpg\"><div class=\"inner-item-masonry-gallery\"><span class=\"penci-isotope-padding\" style=\"padding-bottom:150.08547009%;\"><\/span><img decoding=\"async\" src=\"https:\/\/hsls.hr\/web\/wp-content\/uploads\/2026\/04\/GK-585x878.jpg\" alt=\"\" title=\"GK\"><\/div><\/a><\/div><div class=\"item-gallery-masonry\"><a class=\"penci-gallery-ite item-link-relative\" href=\"https:\/\/hsls.hr\/web\/wp-content\/uploads\/2026\/04\/55176233650_031c8da76e_b.jpg\"><div class=\"inner-item-masonry-gallery\"><span class=\"penci-isotope-padding\" style=\"padding-bottom:66.66666667%;\"><\/span><img decoding=\"async\" src=\"https:\/\/hsls.hr\/web\/wp-content\/uploads\/2026\/04\/55176233650_031c8da76e_b-585x390.jpg\" alt=\"\" title=\"55176233650_031c8da76e_b\"><\/div><\/a><\/div><div class=\"item-gallery-masonry\"><a class=\"penci-gallery-ite item-link-relative\" href=\"https:\/\/hsls.hr\/web\/wp-content\/uploads\/2026\/04\/55176229625_2a767e523b_b.jpg\"><div class=\"inner-item-masonry-gallery\"><span class=\"penci-isotope-padding\" style=\"padding-bottom:66.66666667%;\"><\/span><img decoding=\"async\" src=\"https:\/\/hsls.hr\/web\/wp-content\/uploads\/2026\/04\/55176229625_2a767e523b_b-585x390.jpg\" alt=\"\" title=\"55176229625_2a767e523b_b\"><\/div><\/a><\/div><\/div><\/div><\/p>\n","protected":false},"excerpt":{"rendered":"<p>Proteklog vikenda Goran Kurevija, me\u0111unarodni tajnik i \u010dlan Predsjedni\u0161tva HSLS-a sudjelovao je u Podgorici (Crna Gora) na vrlo uspje\u0161noj konferenciji LIBSEEN-a pod nazivom \u201cDemokracija pod pritiskom: dezinformacije, autoritarizam i put&hellip;<\/p>\n","protected":false},"author":8,"featured_media":6897,"comment_status":"closed","ping_status":"open","sticky":false,"template":"","format":"gallery","meta":{"_lmt_disableupdate":"","_lmt_disable":"","footnotes":""},"categories":[1],"tags":[],"class_list":["post-6905","post","type-post","status-publish","format-gallery","has-post-thumbnail","hentry","category-nacionalne-vijesti","post_format-post-format-gallery"],"yoast_head":"<!-- This site is optimized with the Yoast SEO plugin v27.5 - https:\/\/yoast.com\/product\/yoast-seo-wordpress\/ -->\n<title>HSLS na konferenciji LIBSEEN-a u Podgorici: \u201eDemokracija pod pritiskom: Dezinformacije, autoritarizam i put prema EU\u201c - HSLS<\/title>\n<meta name=\"robots\" content=\"index, follow, max-snippet:-1, max-image-preview:large, max-video-preview:-1\" \/>\n<link rel=\"canonical\" href=\"https:\/\/hsls.hr\/web\/hsls-na-konferenciji-libseen-a-u-podgorici-demokracija-pod-pritiskom-dezinformacije-autoritarizam-i-put-prema-eu\/\" \/>\n<meta property=\"og:locale\" content=\"hr_HR\" \/>\n<meta property=\"og:type\" content=\"article\" \/>\n<meta property=\"og:title\" content=\"HSLS na konferenciji LIBSEEN-a u Podgorici: \u201eDemokracija pod pritiskom: Dezinformacije, autoritarizam i put prema EU\u201c - HSLS\" \/>\n<meta property=\"og:description\" content=\"Proteklog vikenda Goran Kurevija, me\u0111unarodni tajnik i \u010dlan Predsjedni\u0161tva HSLS-a sudjelovao je u Podgorici (Crna Gora) na vrlo uspje\u0161noj konferenciji LIBSEEN-a pod nazivom \u201cDemokracija pod pritiskom: dezinformacije, autoritarizam i put&hellip;\" \/>\n<meta property=\"og:url\" content=\"https:\/\/hsls.hr\/web\/hsls-na-konferenciji-libseen-a-u-podgorici-demokracija-pod-pritiskom-dezinformacije-autoritarizam-i-put-prema-eu\/\" \/>\n<meta property=\"og:site_name\" content=\"HSLS\" \/>\n<meta property=\"article:published_time\" content=\"2026-04-01T09:46:24+00:00\" \/>\n<meta property=\"article:modified_time\" content=\"2026-04-01T09:46:45+00:00\" \/>\n<meta property=\"og:image\" content=\"https:\/\/hsls.hr\/web\/wp-content\/uploads\/2026\/04\/55176232860_a0ce5fe276_b.jpg\" \/>\n\t<meta property=\"og:image:width\" content=\"1024\" \/>\n\t<meta property=\"og:image:height\" content=\"683\" \/>\n\t<meta property=\"og:image:type\" content=\"image\/jpeg\" \/>\n<meta name=\"author\" content=\"Goran Kurevija\" \/>\n<meta name=\"twitter:card\" content=\"summary_large_image\" \/>\n<meta name=\"twitter:label1\" content=\"Napisao\/la\" \/>\n\t<meta name=\"twitter:data1\" content=\"Goran Kurevija\" \/>\n\t<meta name=\"twitter:label2\" content=\"Procijenjeno vrijeme \u010ditanja\" \/>\n\t<meta name=\"twitter:data2\" content=\"1 minuta\" \/>\n<script type=\"application\/ld+json\" class=\"yoast-schema-graph\">{\"@context\":\"https:\\\/\\\/schema.org\",\"@graph\":[{\"@type\":\"Article\",\"@id\":\"https:\\\/\\\/hsls.hr\\\/web\\\/hsls-na-konferenciji-libseen-a-u-podgorici-demokracija-pod-pritiskom-dezinformacije-autoritarizam-i-put-prema-eu\\\/#article\",\"isPartOf\":{\"@id\":\"https:\\\/\\\/hsls.hr\\\/web\\\/hsls-na-konferenciji-libseen-a-u-podgorici-demokracija-pod-pritiskom-dezinformacije-autoritarizam-i-put-prema-eu\\\/\"},\"author\":{\"name\":\"Goran Kurevija\",\"@id\":\"https:\\\/\\\/hsls.hr\\\/web\\\/#\\\/schema\\\/person\\\/888bae21f60f75871ef73376110e0f25\"},\"headline\":\"HSLS na konferenciji LIBSEEN-a u Podgorici: \u201eDemokracija pod pritiskom: Dezinformacije, autoritarizam i put prema EU\u201c\",\"datePublished\":\"2026-04-01T09:46:24+00:00\",\"dateModified\":\"2026-04-01T09:46:45+00:00\",\"mainEntityOfPage\":{\"@id\":\"https:\\\/\\\/hsls.hr\\\/web\\\/hsls-na-konferenciji-libseen-a-u-podgorici-demokracija-pod-pritiskom-dezinformacije-autoritarizam-i-put-prema-eu\\\/\"},\"wordCount\":291,\"image\":{\"@id\":\"https:\\\/\\\/hsls.hr\\\/web\\\/hsls-na-konferenciji-libseen-a-u-podgorici-demokracija-pod-pritiskom-dezinformacije-autoritarizam-i-put-prema-eu\\\/#primaryimage\"},\"thumbnailUrl\":\"https:\\\/\\\/hsls.hr\\\/web\\\/wp-content\\\/uploads\\\/2026\\\/04\\\/55176232860_a0ce5fe276_b.jpg\",\"articleSection\":[\"Nacionalno\"],\"inLanguage\":\"hr\"},{\"@type\":\"WebPage\",\"@id\":\"https:\\\/\\\/hsls.hr\\\/web\\\/hsls-na-konferenciji-libseen-a-u-podgorici-demokracija-pod-pritiskom-dezinformacije-autoritarizam-i-put-prema-eu\\\/\",\"url\":\"https:\\\/\\\/hsls.hr\\\/web\\\/hsls-na-konferenciji-libseen-a-u-podgorici-demokracija-pod-pritiskom-dezinformacije-autoritarizam-i-put-prema-eu\\\/\",\"name\":\"HSLS na konferenciji LIBSEEN-a u Podgorici: \u201eDemokracija pod pritiskom: Dezinformacije, autoritarizam i put prema EU\u201c - HSLS\",\"isPartOf\":{\"@id\":\"https:\\\/\\\/hsls.hr\\\/web\\\/#website\"},\"primaryImageOfPage\":{\"@id\":\"https:\\\/\\\/hsls.hr\\\/web\\\/hsls-na-konferenciji-libseen-a-u-podgorici-demokracija-pod-pritiskom-dezinformacije-autoritarizam-i-put-prema-eu\\\/#primaryimage\"},\"image\":{\"@id\":\"https:\\\/\\\/hsls.hr\\\/web\\\/hsls-na-konferenciji-libseen-a-u-podgorici-demokracija-pod-pritiskom-dezinformacije-autoritarizam-i-put-prema-eu\\\/#primaryimage\"},\"thumbnailUrl\":\"https:\\\/\\\/hsls.hr\\\/web\\\/wp-content\\\/uploads\\\/2026\\\/04\\\/55176232860_a0ce5fe276_b.jpg\",\"datePublished\":\"2026-04-01T09:46:24+00:00\",\"dateModified\":\"2026-04-01T09:46:45+00:00\",\"author\":{\"@id\":\"https:\\\/\\\/hsls.hr\\\/web\\\/#\\\/schema\\\/person\\\/888bae21f60f75871ef73376110e0f25\"},\"breadcrumb\":{\"@id\":\"https:\\\/\\\/hsls.hr\\\/web\\\/hsls-na-konferenciji-libseen-a-u-podgorici-demokracija-pod-pritiskom-dezinformacije-autoritarizam-i-put-prema-eu\\\/#breadcrumb\"},\"inLanguage\":\"hr\",\"potentialAction\":[{\"@type\":\"ReadAction\",\"target\":[\"https:\\\/\\\/hsls.hr\\\/web\\\/hsls-na-konferenciji-libseen-a-u-podgorici-demokracija-pod-pritiskom-dezinformacije-autoritarizam-i-put-prema-eu\\\/\"]}]},{\"@type\":\"ImageObject\",\"inLanguage\":\"hr\",\"@id\":\"https:\\\/\\\/hsls.hr\\\/web\\\/hsls-na-konferenciji-libseen-a-u-podgorici-demokracija-pod-pritiskom-dezinformacije-autoritarizam-i-put-prema-eu\\\/#primaryimage\",\"url\":\"https:\\\/\\\/hsls.hr\\\/web\\\/wp-content\\\/uploads\\\/2026\\\/04\\\/55176232860_a0ce5fe276_b.jpg\",\"contentUrl\":\"https:\\\/\\\/hsls.hr\\\/web\\\/wp-content\\\/uploads\\\/2026\\\/04\\\/55176232860_a0ce5fe276_b.jpg\",\"width\":1024,\"height\":683},{\"@type\":\"BreadcrumbList\",\"@id\":\"https:\\\/\\\/hsls.hr\\\/web\\\/hsls-na-konferenciji-libseen-a-u-podgorici-demokracija-pod-pritiskom-dezinformacije-autoritarizam-i-put-prema-eu\\\/#breadcrumb\",\"itemListElement\":[{\"@type\":\"ListItem\",\"position\":1,\"name\":\"Po\u010detna stranica\",\"item\":\"https:\\\/\\\/hsls.hr\\\/web\\\/\"},{\"@type\":\"ListItem\",\"position\":2,\"name\":\"HSLS na konferenciji LIBSEEN-a u Podgorici: \u201eDemokracija pod pritiskom: Dezinformacije, autoritarizam i put prema EU\u201c\"}]},{\"@type\":\"WebSite\",\"@id\":\"https:\\\/\\\/hsls.hr\\\/web\\\/#website\",\"url\":\"https:\\\/\\\/hsls.hr\\\/web\\\/\",\"name\":\"HSLS\",\"description\":\"Hrvatska socijalno-liberalna stranka\",\"potentialAction\":[{\"@type\":\"SearchAction\",\"target\":{\"@type\":\"EntryPoint\",\"urlTemplate\":\"https:\\\/\\\/hsls.hr\\\/web\\\/?s={search_term_string}\"},\"query-input\":{\"@type\":\"PropertyValueSpecification\",\"valueRequired\":true,\"valueName\":\"search_term_string\"}}],\"inLanguage\":\"hr\"},{\"@type\":\"Person\",\"@id\":\"https:\\\/\\\/hsls.hr\\\/web\\\/#\\\/schema\\\/person\\\/888bae21f60f75871ef73376110e0f25\",\"name\":\"Goran Kurevija\",\"image\":{\"@type\":\"ImageObject\",\"inLanguage\":\"hr\",\"@id\":\"https:\\\/\\\/secure.gravatar.com\\\/avatar\\\/6b1f2afe416aa12538a6c62f93829110ce5c7bff351ace5f03a51bac4ad75ccf?s=96&d=mm&r=g\",\"url\":\"https:\\\/\\\/secure.gravatar.com\\\/avatar\\\/6b1f2afe416aa12538a6c62f93829110ce5c7bff351ace5f03a51bac4ad75ccf?s=96&d=mm&r=g\",\"contentUrl\":\"https:\\\/\\\/secure.gravatar.com\\\/avatar\\\/6b1f2afe416aa12538a6c62f93829110ce5c7bff351ace5f03a51bac4ad75ccf?s=96&d=mm&r=g\",\"caption\":\"Goran Kurevija\"},\"url\":\"https:\\\/\\\/hsls.hr\\\/web\\\/author\\\/gkurevija\\\/\"}]}<\/script>\n<!-- \/ Yoast SEO plugin. -->","yoast_head_json":{"title":"HSLS na konferenciji LIBSEEN-a u Podgorici: \u201eDemokracija pod pritiskom: Dezinformacije, autoritarizam i put prema EU\u201c - HSLS","robots":{"index":"index","follow":"follow","max-snippet":"max-snippet:-1","max-image-preview":"max-image-preview:large","max-video-preview":"max-video-preview:-1"},"canonical":"https:\/\/hsls.hr\/web\/hsls-na-konferenciji-libseen-a-u-podgorici-demokracija-pod-pritiskom-dezinformacije-autoritarizam-i-put-prema-eu\/","og_locale":"hr_HR","og_type":"article","og_title":"HSLS na konferenciji LIBSEEN-a u Podgorici: \u201eDemokracija pod pritiskom: Dezinformacije, autoritarizam i put prema EU\u201c - HSLS","og_description":"Proteklog vikenda Goran Kurevija, me\u0111unarodni tajnik i \u010dlan Predsjedni\u0161tva HSLS-a sudjelovao je u Podgorici (Crna Gora) na vrlo uspje\u0161noj konferenciji LIBSEEN-a pod nazivom \u201cDemokracija pod pritiskom: dezinformacije, autoritarizam i put&hellip;","og_url":"https:\/\/hsls.hr\/web\/hsls-na-konferenciji-libseen-a-u-podgorici-demokracija-pod-pritiskom-dezinformacije-autoritarizam-i-put-prema-eu\/","og_site_name":"HSLS","article_published_time":"2026-04-01T09:46:24+00:00","article_modified_time":"2026-04-01T09:46:45+00:00","og_image":[{"width":1024,"height":683,"url":"https:\/\/hsls.hr\/web\/wp-content\/uploads\/2026\/04\/55176232860_a0ce5fe276_b.jpg","type":"image\/jpeg"}],"author":"Goran Kurevija","twitter_card":"summary_large_image","twitter_misc":{"Napisao\/la":"Goran Kurevija","Procijenjeno vrijeme \u010ditanja":"1 minuta"},"schema":{"@context":"https:\/\/schema.org","@graph":[{"@type":"Article","@id":"https:\/\/hsls.hr\/web\/hsls-na-konferenciji-libseen-a-u-podgorici-demokracija-pod-pritiskom-dezinformacije-autoritarizam-i-put-prema-eu\/#article","isPartOf":{"@id":"https:\/\/hsls.hr\/web\/hsls-na-konferenciji-libseen-a-u-podgorici-demokracija-pod-pritiskom-dezinformacije-autoritarizam-i-put-prema-eu\/"},"author":{"name":"Goran Kurevija","@id":"https:\/\/hsls.hr\/web\/#\/schema\/person\/888bae21f60f75871ef73376110e0f25"},"headline":"HSLS na konferenciji LIBSEEN-a u Podgorici: \u201eDemokracija pod pritiskom: Dezinformacije, autoritarizam i put prema EU\u201c","datePublished":"2026-04-01T09:46:24+00:00","dateModified":"2026-04-01T09:46:45+00:00","mainEntityOfPage":{"@id":"https:\/\/hsls.hr\/web\/hsls-na-konferenciji-libseen-a-u-podgorici-demokracija-pod-pritiskom-dezinformacije-autoritarizam-i-put-prema-eu\/"},"wordCount":291,"image":{"@id":"https:\/\/hsls.hr\/web\/hsls-na-konferenciji-libseen-a-u-podgorici-demokracija-pod-pritiskom-dezinformacije-autoritarizam-i-put-prema-eu\/#primaryimage"},"thumbnailUrl":"https:\/\/hsls.hr\/web\/wp-content\/uploads\/2026\/04\/55176232860_a0ce5fe276_b.jpg","articleSection":["Nacionalno"],"inLanguage":"hr"},{"@type":"WebPage","@id":"https:\/\/hsls.hr\/web\/hsls-na-konferenciji-libseen-a-u-podgorici-demokracija-pod-pritiskom-dezinformacije-autoritarizam-i-put-prema-eu\/","url":"https:\/\/hsls.hr\/web\/hsls-na-konferenciji-libseen-a-u-podgorici-demokracija-pod-pritiskom-dezinformacije-autoritarizam-i-put-prema-eu\/","name":"HSLS na konferenciji LIBSEEN-a u Podgorici: \u201eDemokracija pod pritiskom: Dezinformacije, autoritarizam i put prema EU\u201c - HSLS","isPartOf":{"@id":"https:\/\/hsls.hr\/web\/#website"},"primaryImageOfPage":{"@id":"https:\/\/hsls.hr\/web\/hsls-na-konferenciji-libseen-a-u-podgorici-demokracija-pod-pritiskom-dezinformacije-autoritarizam-i-put-prema-eu\/#primaryimage"},"image":{"@id":"https:\/\/hsls.hr\/web\/hsls-na-konferenciji-libseen-a-u-podgorici-demokracija-pod-pritiskom-dezinformacije-autoritarizam-i-put-prema-eu\/#primaryimage"},"thumbnailUrl":"https:\/\/hsls.hr\/web\/wp-content\/uploads\/2026\/04\/55176232860_a0ce5fe276_b.jpg","datePublished":"2026-04-01T09:46:24+00:00","dateModified":"2026-04-01T09:46:45+00:00","author":{"@id":"https:\/\/hsls.hr\/web\/#\/schema\/person\/888bae21f60f75871ef73376110e0f25"},"breadcrumb":{"@id":"https:\/\/hsls.hr\/web\/hsls-na-konferenciji-libseen-a-u-podgorici-demokracija-pod-pritiskom-dezinformacije-autoritarizam-i-put-prema-eu\/#breadcrumb"},"inLanguage":"hr","potentialAction":[{"@type":"ReadAction","target":["https:\/\/hsls.hr\/web\/hsls-na-konferenciji-libseen-a-u-podgorici-demokracija-pod-pritiskom-dezinformacije-autoritarizam-i-put-prema-eu\/"]}]},{"@type":"ImageObject","inLanguage":"hr","@id":"https:\/\/hsls.hr\/web\/hsls-na-konferenciji-libseen-a-u-podgorici-demokracija-pod-pritiskom-dezinformacije-autoritarizam-i-put-prema-eu\/#primaryimage","url":"https:\/\/hsls.hr\/web\/wp-content\/uploads\/2026\/04\/55176232860_a0ce5fe276_b.jpg","contentUrl":"https:\/\/hsls.hr\/web\/wp-content\/uploads\/2026\/04\/55176232860_a0ce5fe276_b.jpg","width":1024,"height":683},{"@type":"BreadcrumbList","@id":"https:\/\/hsls.hr\/web\/hsls-na-konferenciji-libseen-a-u-podgorici-demokracija-pod-pritiskom-dezinformacije-autoritarizam-i-put-prema-eu\/#breadcrumb","itemListElement":[{"@type":"ListItem","position":1,"name":"Po\u010detna stranica","item":"https:\/\/hsls.hr\/web\/"},{"@type":"ListItem","position":2,"name":"HSLS na konferenciji LIBSEEN-a u Podgorici: \u201eDemokracija pod pritiskom: Dezinformacije, autoritarizam i put prema EU\u201c"}]},{"@type":"WebSite","@id":"https:\/\/hsls.hr\/web\/#website","url":"https:\/\/hsls.hr\/web\/","name":"HSLS","description":"Hrvatska socijalno-liberalna stranka","potentialAction":[{"@type":"SearchAction","target":{"@type":"EntryPoint","urlTemplate":"https:\/\/hsls.hr\/web\/?s={search_term_string}"},"query-input":{"@type":"PropertyValueSpecification","valueRequired":true,"valueName":"search_term_string"}}],"inLanguage":"hr"},{"@type":"Person","@id":"https:\/\/hsls.hr\/web\/#\/schema\/person\/888bae21f60f75871ef73376110e0f25","name":"Goran Kurevija","image":{"@type":"ImageObject","inLanguage":"hr","@id":"https:\/\/secure.gravatar.com\/avatar\/6b1f2afe416aa12538a6c62f93829110ce5c7bff351ace5f03a51bac4ad75ccf?s=96&d=mm&r=g","url":"https:\/\/secure.gravatar.com\/avatar\/6b1f2afe416aa12538a6c62f93829110ce5c7bff351ace5f03a51bac4ad75ccf?s=96&d=mm&r=g","contentUrl":"https:\/\/secure.gravatar.com\/avatar\/6b1f2afe416aa12538a6c62f93829110ce5c7bff351ace5f03a51bac4ad75ccf?s=96&d=mm&r=g","caption":"Goran Kurevija"},"url":"https:\/\/hsls.hr\/web\/author\/gkurevija\/"}]}},"_links":{"self":[{"href":"https:\/\/hsls.hr\/web\/wp-json\/wp\/v2\/posts\/6905","targetHints":{"allow":["GET"]}}],"collection":[{"href":"https:\/\/hsls.hr\/web\/wp-json\/wp\/v2\/posts"}],"about":[{"href":"https:\/\/hsls.hr\/web\/wp-json\/wp\/v2\/types\/post"}],"author":[{"embeddable":true,"href":"https:\/\/hsls.hr\/web\/wp-json\/wp\/v2\/users\/8"}],"replies":[{"embeddable":true,"href":"https:\/\/hsls.hr\/web\/wp-json\/wp\/v2\/comments?post=6905"}],"version-history":[{"count":1,"href":"https:\/\/hsls.hr\/web\/wp-json\/wp\/v2\/posts\/6905\/revisions"}],"predecessor-version":[{"id":6906,"href":"https:\/\/hsls.hr\/web\/wp-json\/wp\/v2\/posts\/6905\/revisions\/6906"}],"wp:featuredmedia":[{"embeddable":true,"href":"https:\/\/hsls.hr\/web\/wp-json\/wp\/v2\/media\/6897"}],"wp:attachment":[{"href":"https:\/\/hsls.hr\/web\/wp-json\/wp\/v2\/media?parent=6905"}],"wp:term":[{"taxonomy":"category","embeddable":true,"href":"https:\/\/hsls.hr\/web\/wp-json\/wp\/v2\/categories?post=6905"},{"taxonomy":"post_tag","embeddable":true,"href":"https:\/\/hsls.hr\/web\/wp-json\/wp\/v2\/tags?post=6905"}],"curies":[{"name":"wp","href":"https:\/\/api.w.org\/{rel}","templated":true}]}}