{"id":6869,"date":"2025-09-30T05:31:00","date_gmt":"2025-09-30T05:31:00","guid":{"rendered":"https:\/\/hsls.hr\/web\/?p=6869"},"modified":"2025-12-12T05:44:07","modified_gmt":"2025-12-12T05:44:07","slug":"hibridna-prijetnja-rasprava-hrvatski-sabor","status":"publish","type":"post","link":"https:\/\/hsls.hr\/web\/hibridna-prijetnja-rasprava-hrvatski-sabor\/","title":{"rendered":"Hibridna prijetnja , rasprava Hrvatski sabor"},"content":{"rendered":"\n<p>Za nekoliko dana , po\u010detkom listopada u glavnom gradu Danske okupit \u0107e se lideri gotovo svih europskih dr\u017eava i europskih institucija osim Rusije i Bjelorusije. Jedna od tema biti \u0107e opet obrana i sigurnost Europe u svjetlu Ruske agresije na Ukrajinu. O ovoj temi Europa raspravlja ve\u0107 vi\u0161e od &nbsp;3 i pol godine , na\u017ealost samo raspravlja a iznimno malo je konkretnih pomaka u svrhu ja\u010danja obrambenih mogu\u0107nosti , a koliko su te rasprave u\u010dinkovite na europsku obranu &nbsp;&nbsp;najbolje pokazuju incidenti i zatvaranje zra\u010dnih luka iznad glavnog dana &nbsp;Danske u proteklih 10 dana.<\/p>\n\n\n\n<p>Ova hibridna akcija u Danskoj vjerojatno je osmi\u0161ljena kako bi diskreditirala NATO i pokazala zapadnoevropskim zemljama da nisu u stanju za\u0161tititi svoju nacionalnu sigurnosti a oni poma\u017eu Ukrajini u ratu.<\/p>\n\n\n\n<p>Apsurdno je da je ova hibridna akcija i uspjela , jer policija i vojska su pratili &nbsp;dronove iznad zra\u010dnih luka i osjetljive infrastrukture i &nbsp;nisu znali &nbsp;\u0161to bi poduzeli.&nbsp;<\/p>\n\n\n\n<p>Ovi doga\u0111aji razotkrili su ranjivost obrambenih &nbsp;i civilnih infrastrukture pojedinih europskih&nbsp; zemalja te pokazali koliko smo u Europi zapostavili obranu. &nbsp;Nakon ovakvih propusta u sigurnosti&nbsp; Europskih dr\u017eava nadam se da \u0107e ve\u0107ina lidera europskih zemalja na ovom samitu u Kopenhagenu &nbsp;osje\u0107ati se barem neugodno zbog svoje odgovornosti u za\u0161titi svojih zemlja i Europe.<\/p>\n\n\n\n<p>Hrvatska je &nbsp;prije vi\u0161e od tri godine ostala zate\u010dena padom drona gotovo u centru Zagreba te postala tek onda &nbsp;svjesna&nbsp; potreba ulaganja u obranu i sigurnosti. &nbsp;Godinama smo izdatke za obranu smatrali&nbsp; samo nepotrebnim tro\u0161kom koji smo iz godine u godinu smanjivali a novac za obranu uvijek&nbsp; uspore\u0111ivali sa time koliko se vrti\u0107a i \u0161kola mo\u017ee za isti izgraditi.&nbsp;&nbsp; Na \u017ealost i dalje Hrvatske oru\u017eane&nbsp; snage promatramo &nbsp;samo kao prigodno paradno sredstvo, a &nbsp;koncepciju razvoja oru\u017eanih snaga temeljimo &nbsp;na&nbsp; sukobima &nbsp;90-tih godina uglavnom impresionirani mo\u0107nim paradnim strojevima. Da se ne spominje konfuzija oko toga tko i kada zapovijeda HV-om. I dalje&nbsp; smo u poziciji da dok se dva brda dogovore&nbsp; tko je sad tu glavni, ne daj Bo\u017ee da nas netko napadne.<\/p>\n\n\n\n<p>S druge strane cjelokupni sustav oru\u017eanih snaga nakon vi\u0161e od 20 godina sustavne devastacije Hrvatske vojske u posljednje tri godine tek bilje\u017ee zna\u010dajnije &nbsp;pomake &nbsp;u opremanju i modernizaciji HV uz veliki &nbsp;trud i htjenje aktualnog ministra da te procese ubrza.<\/p>\n\n\n\n<p>Pad drona u centru Zagreba ve\u0107 tada razotkrio je&nbsp; slabosti NATO-a&nbsp; . Od ovakvih hibridnih prijetnji&nbsp; ne mo\u017ee nas za\u0161titi samo 12 Rafala , kao \u0161to niti Dansku nisu za\u0161titili njihovi F-16 .&nbsp; Bez efikasnog PZO proturaketnog i protudronskog sustava OSRH ne\u0107e biti u mogu\u0107nosti u\u010dinkovito obraniti nacionalni teritorij, pa tako ni bazu ili baze u kojima su smje\u0161teni Rafali koji su zapravo sada na\u0161e jedino strate\u0161ko oru\u017eje odvra\u0107anja.<\/p>\n\n\n\n<p>&nbsp; Pad drona u Zagrebu nam je bila opomena da hibridni ratovi uklju\u010duju\u0107i dronove, ometanje GPS-a i hakerske napade predstavljaju nove ugroze i da se njima mogu nanositi zna\u010dajne \u0161tete zemljama koje i nisu u sudionici sukoba ali da se stvaranjem nesigurnosti kod stanovni\u0161tva mogu posti\u0107i pojedini politi\u010dki ciljevi ili utjecati na javnost i osje\u0107aj sigurnosti u pojedinim dr\u017eavama.&nbsp;<\/p>\n\n\n\n<p>&nbsp;Zamislite samo u\u010dinak i posljedice&nbsp; ovakvog incidenta sa dronovima iznad na\u0161ih zra\u010dnih luka za vrijeme turisti\u010dke sezone, ili LNG terminala i zapitajmo se koliko bi \u0161tetu Hrvatska time imala &nbsp;i dali dovoljno \u010dinimo da do takvog incidenta ne do\u0111e. &nbsp;<\/p>\n\n\n\n<p>I dok \u0107e &nbsp;EU diplomati o\u010digledno i dalje nastaviti usugla\u0161avati se &nbsp;oko koreografija&nbsp; svojih sastanaka i beskrajnih deklaracija na vrhu , Hrvatskoj je vrijeme da po\u010dne&nbsp; odlu\u010dno djelovati&nbsp; i to prvenstveno pove\u0107anjem prora\u010duna za obranu znatno iznad 2 % , jer sve ostalo je zanemarivanje nacionalnih interesa i vo\u0111enje kratkovidnih politika .&nbsp; &nbsp;Ovo je postala &nbsp;utrka u naoru\u017eanju izme\u0111u prijetnji u obliku novih tehnologija i obrane od &nbsp;novih tehnologija .<\/p>\n\n\n\n<p>U okru\u017eenju u kojem se nalazimo, ovo je utrka koju si ne mo\u017eemo priu\u0161titi izgubiti .<\/p>\n","protected":false},"excerpt":{"rendered":"<p>Za nekoliko dana , po\u010detkom listopada u glavnom gradu Danske okupit \u0107e se lideri gotovo svih europskih dr\u017eava i europskih institucija osim Rusije i Bjelorusije. Jedna od tema biti \u0107e&hellip;<\/p>\n","protected":false},"author":1,"featured_media":5390,"comment_status":"closed","ping_status":"open","sticky":false,"template":"","format":"standard","meta":{"_lmt_disableupdate":"","_lmt_disable":"","footnotes":""},"categories":[1],"tags":[],"class_list":["post-6869","post","type-post","status-publish","format-standard","has-post-thumbnail","hentry","category-nacionalne-vijesti"],"yoast_head":"<!-- This site is optimized with the Yoast SEO plugin v27.5 - https:\/\/yoast.com\/product\/yoast-seo-wordpress\/ -->\n<title>Hibridna prijetnja , rasprava Hrvatski sabor - HSLS<\/title>\n<meta name=\"robots\" content=\"index, follow, max-snippet:-1, max-image-preview:large, max-video-preview:-1\" \/>\n<link rel=\"canonical\" href=\"https:\/\/hsls.hr\/web\/hibridna-prijetnja-rasprava-hrvatski-sabor\/\" \/>\n<meta property=\"og:locale\" content=\"hr_HR\" \/>\n<meta property=\"og:type\" content=\"article\" \/>\n<meta property=\"og:title\" content=\"Hibridna prijetnja , rasprava Hrvatski sabor - HSLS\" \/>\n<meta property=\"og:description\" content=\"Za nekoliko dana , po\u010detkom listopada u glavnom gradu Danske okupit \u0107e se lideri gotovo svih europskih dr\u017eava i europskih institucija osim Rusije i Bjelorusije. Jedna od tema biti \u0107e&hellip;\" \/>\n<meta property=\"og:url\" content=\"https:\/\/hsls.hr\/web\/hibridna-prijetnja-rasprava-hrvatski-sabor\/\" \/>\n<meta property=\"og:site_name\" content=\"HSLS\" \/>\n<meta property=\"article:published_time\" content=\"2025-09-30T05:31:00+00:00\" \/>\n<meta property=\"article:modified_time\" content=\"2025-12-12T05:44:07+00:00\" \/>\n<meta property=\"og:image\" content=\"https:\/\/hsls.hr\/web\/wp-content\/uploads\/2023\/09\/vlcsnap-2022-04-10-01h05m39s446.jpg\" \/>\n\t<meta property=\"og:image:width\" content=\"1920\" \/>\n\t<meta property=\"og:image:height\" content=\"1080\" \/>\n\t<meta property=\"og:image:type\" content=\"image\/jpeg\" \/>\n<meta name=\"author\" content=\"HSLS\" \/>\n<meta name=\"twitter:card\" content=\"summary_large_image\" \/>\n<meta name=\"twitter:label1\" content=\"Napisao\/la\" \/>\n\t<meta name=\"twitter:data1\" content=\"HSLS\" \/>\n\t<meta name=\"twitter:label2\" content=\"Procijenjeno vrijeme \u010ditanja\" \/>\n\t<meta name=\"twitter:data2\" content=\"4 minute\" \/>\n<script type=\"application\/ld+json\" class=\"yoast-schema-graph\">{\"@context\":\"https:\\\/\\\/schema.org\",\"@graph\":[{\"@type\":\"Article\",\"@id\":\"https:\\\/\\\/hsls.hr\\\/web\\\/hibridna-prijetnja-rasprava-hrvatski-sabor\\\/#article\",\"isPartOf\":{\"@id\":\"https:\\\/\\\/hsls.hr\\\/web\\\/hibridna-prijetnja-rasprava-hrvatski-sabor\\\/\"},\"author\":{\"name\":\"HSLS\",\"@id\":\"https:\\\/\\\/hsls.hr\\\/web\\\/#\\\/schema\\\/person\\\/e3f651016d644a22e87c41fd9bc31f7b\"},\"headline\":\"Hibridna prijetnja , rasprava Hrvatski sabor\",\"datePublished\":\"2025-09-30T05:31:00+00:00\",\"dateModified\":\"2025-12-12T05:44:07+00:00\",\"mainEntityOfPage\":{\"@id\":\"https:\\\/\\\/hsls.hr\\\/web\\\/hibridna-prijetnja-rasprava-hrvatski-sabor\\\/\"},\"wordCount\":724,\"image\":{\"@id\":\"https:\\\/\\\/hsls.hr\\\/web\\\/hibridna-prijetnja-rasprava-hrvatski-sabor\\\/#primaryimage\"},\"thumbnailUrl\":\"https:\\\/\\\/hsls.hr\\\/web\\\/wp-content\\\/uploads\\\/2023\\\/09\\\/vlcsnap-2022-04-10-01h05m39s446.jpg\",\"articleSection\":[\"Nacionalno\"],\"inLanguage\":\"hr\"},{\"@type\":\"WebPage\",\"@id\":\"https:\\\/\\\/hsls.hr\\\/web\\\/hibridna-prijetnja-rasprava-hrvatski-sabor\\\/\",\"url\":\"https:\\\/\\\/hsls.hr\\\/web\\\/hibridna-prijetnja-rasprava-hrvatski-sabor\\\/\",\"name\":\"Hibridna prijetnja , rasprava Hrvatski sabor - HSLS\",\"isPartOf\":{\"@id\":\"https:\\\/\\\/hsls.hr\\\/web\\\/#website\"},\"primaryImageOfPage\":{\"@id\":\"https:\\\/\\\/hsls.hr\\\/web\\\/hibridna-prijetnja-rasprava-hrvatski-sabor\\\/#primaryimage\"},\"image\":{\"@id\":\"https:\\\/\\\/hsls.hr\\\/web\\\/hibridna-prijetnja-rasprava-hrvatski-sabor\\\/#primaryimage\"},\"thumbnailUrl\":\"https:\\\/\\\/hsls.hr\\\/web\\\/wp-content\\\/uploads\\\/2023\\\/09\\\/vlcsnap-2022-04-10-01h05m39s446.jpg\",\"datePublished\":\"2025-09-30T05:31:00+00:00\",\"dateModified\":\"2025-12-12T05:44:07+00:00\",\"author\":{\"@id\":\"https:\\\/\\\/hsls.hr\\\/web\\\/#\\\/schema\\\/person\\\/e3f651016d644a22e87c41fd9bc31f7b\"},\"breadcrumb\":{\"@id\":\"https:\\\/\\\/hsls.hr\\\/web\\\/hibridna-prijetnja-rasprava-hrvatski-sabor\\\/#breadcrumb\"},\"inLanguage\":\"hr\",\"potentialAction\":[{\"@type\":\"ReadAction\",\"target\":[\"https:\\\/\\\/hsls.hr\\\/web\\\/hibridna-prijetnja-rasprava-hrvatski-sabor\\\/\"]}]},{\"@type\":\"ImageObject\",\"inLanguage\":\"hr\",\"@id\":\"https:\\\/\\\/hsls.hr\\\/web\\\/hibridna-prijetnja-rasprava-hrvatski-sabor\\\/#primaryimage\",\"url\":\"https:\\\/\\\/hsls.hr\\\/web\\\/wp-content\\\/uploads\\\/2023\\\/09\\\/vlcsnap-2022-04-10-01h05m39s446.jpg\",\"contentUrl\":\"https:\\\/\\\/hsls.hr\\\/web\\\/wp-content\\\/uploads\\\/2023\\\/09\\\/vlcsnap-2022-04-10-01h05m39s446.jpg\",\"width\":1920,\"height\":1080},{\"@type\":\"BreadcrumbList\",\"@id\":\"https:\\\/\\\/hsls.hr\\\/web\\\/hibridna-prijetnja-rasprava-hrvatski-sabor\\\/#breadcrumb\",\"itemListElement\":[{\"@type\":\"ListItem\",\"position\":1,\"name\":\"Po\u010detna stranica\",\"item\":\"https:\\\/\\\/hsls.hr\\\/web\\\/\"},{\"@type\":\"ListItem\",\"position\":2,\"name\":\"Hibridna prijetnja , rasprava Hrvatski sabor\"}]},{\"@type\":\"WebSite\",\"@id\":\"https:\\\/\\\/hsls.hr\\\/web\\\/#website\",\"url\":\"https:\\\/\\\/hsls.hr\\\/web\\\/\",\"name\":\"HSLS\",\"description\":\"Hrvatska socijalno-liberalna stranka\",\"potentialAction\":[{\"@type\":\"SearchAction\",\"target\":{\"@type\":\"EntryPoint\",\"urlTemplate\":\"https:\\\/\\\/hsls.hr\\\/web\\\/?s={search_term_string}\"},\"query-input\":{\"@type\":\"PropertyValueSpecification\",\"valueRequired\":true,\"valueName\":\"search_term_string\"}}],\"inLanguage\":\"hr\"},{\"@type\":\"Person\",\"@id\":\"https:\\\/\\\/hsls.hr\\\/web\\\/#\\\/schema\\\/person\\\/e3f651016d644a22e87c41fd9bc31f7b\",\"name\":\"HSLS\",\"image\":{\"@type\":\"ImageObject\",\"inLanguage\":\"hr\",\"@id\":\"https:\\\/\\\/secure.gravatar.com\\\/avatar\\\/1f45d97b500c25de1ecef91e0eaa08ca0ada41c344c17876869f452108429fb9?s=96&d=mm&r=g\",\"url\":\"https:\\\/\\\/secure.gravatar.com\\\/avatar\\\/1f45d97b500c25de1ecef91e0eaa08ca0ada41c344c17876869f452108429fb9?s=96&d=mm&r=g\",\"contentUrl\":\"https:\\\/\\\/secure.gravatar.com\\\/avatar\\\/1f45d97b500c25de1ecef91e0eaa08ca0ada41c344c17876869f452108429fb9?s=96&d=mm&r=g\",\"caption\":\"HSLS\"},\"sameAs\":[\"https:\\\/\\\/hsls.hr\\\/web\"],\"url\":\"https:\\\/\\\/hsls.hr\\\/web\\\/author\\\/hsadminls\\\/\"}]}<\/script>\n<!-- \/ Yoast SEO plugin. -->","yoast_head_json":{"title":"Hibridna prijetnja , rasprava Hrvatski sabor - HSLS","robots":{"index":"index","follow":"follow","max-snippet":"max-snippet:-1","max-image-preview":"max-image-preview:large","max-video-preview":"max-video-preview:-1"},"canonical":"https:\/\/hsls.hr\/web\/hibridna-prijetnja-rasprava-hrvatski-sabor\/","og_locale":"hr_HR","og_type":"article","og_title":"Hibridna prijetnja , rasprava Hrvatski sabor - HSLS","og_description":"Za nekoliko dana , po\u010detkom listopada u glavnom gradu Danske okupit \u0107e se lideri gotovo svih europskih dr\u017eava i europskih institucija osim Rusije i Bjelorusije. Jedna od tema biti \u0107e&hellip;","og_url":"https:\/\/hsls.hr\/web\/hibridna-prijetnja-rasprava-hrvatski-sabor\/","og_site_name":"HSLS","article_published_time":"2025-09-30T05:31:00+00:00","article_modified_time":"2025-12-12T05:44:07+00:00","og_image":[{"width":1920,"height":1080,"url":"https:\/\/hsls.hr\/web\/wp-content\/uploads\/2023\/09\/vlcsnap-2022-04-10-01h05m39s446.jpg","type":"image\/jpeg"}],"author":"HSLS","twitter_card":"summary_large_image","twitter_misc":{"Napisao\/la":"HSLS","Procijenjeno vrijeme \u010ditanja":"4 minute"},"schema":{"@context":"https:\/\/schema.org","@graph":[{"@type":"Article","@id":"https:\/\/hsls.hr\/web\/hibridna-prijetnja-rasprava-hrvatski-sabor\/#article","isPartOf":{"@id":"https:\/\/hsls.hr\/web\/hibridna-prijetnja-rasprava-hrvatski-sabor\/"},"author":{"name":"HSLS","@id":"https:\/\/hsls.hr\/web\/#\/schema\/person\/e3f651016d644a22e87c41fd9bc31f7b"},"headline":"Hibridna prijetnja , rasprava Hrvatski sabor","datePublished":"2025-09-30T05:31:00+00:00","dateModified":"2025-12-12T05:44:07+00:00","mainEntityOfPage":{"@id":"https:\/\/hsls.hr\/web\/hibridna-prijetnja-rasprava-hrvatski-sabor\/"},"wordCount":724,"image":{"@id":"https:\/\/hsls.hr\/web\/hibridna-prijetnja-rasprava-hrvatski-sabor\/#primaryimage"},"thumbnailUrl":"https:\/\/hsls.hr\/web\/wp-content\/uploads\/2023\/09\/vlcsnap-2022-04-10-01h05m39s446.jpg","articleSection":["Nacionalno"],"inLanguage":"hr"},{"@type":"WebPage","@id":"https:\/\/hsls.hr\/web\/hibridna-prijetnja-rasprava-hrvatski-sabor\/","url":"https:\/\/hsls.hr\/web\/hibridna-prijetnja-rasprava-hrvatski-sabor\/","name":"Hibridna prijetnja , rasprava Hrvatski sabor - HSLS","isPartOf":{"@id":"https:\/\/hsls.hr\/web\/#website"},"primaryImageOfPage":{"@id":"https:\/\/hsls.hr\/web\/hibridna-prijetnja-rasprava-hrvatski-sabor\/#primaryimage"},"image":{"@id":"https:\/\/hsls.hr\/web\/hibridna-prijetnja-rasprava-hrvatski-sabor\/#primaryimage"},"thumbnailUrl":"https:\/\/hsls.hr\/web\/wp-content\/uploads\/2023\/09\/vlcsnap-2022-04-10-01h05m39s446.jpg","datePublished":"2025-09-30T05:31:00+00:00","dateModified":"2025-12-12T05:44:07+00:00","author":{"@id":"https:\/\/hsls.hr\/web\/#\/schema\/person\/e3f651016d644a22e87c41fd9bc31f7b"},"breadcrumb":{"@id":"https:\/\/hsls.hr\/web\/hibridna-prijetnja-rasprava-hrvatski-sabor\/#breadcrumb"},"inLanguage":"hr","potentialAction":[{"@type":"ReadAction","target":["https:\/\/hsls.hr\/web\/hibridna-prijetnja-rasprava-hrvatski-sabor\/"]}]},{"@type":"ImageObject","inLanguage":"hr","@id":"https:\/\/hsls.hr\/web\/hibridna-prijetnja-rasprava-hrvatski-sabor\/#primaryimage","url":"https:\/\/hsls.hr\/web\/wp-content\/uploads\/2023\/09\/vlcsnap-2022-04-10-01h05m39s446.jpg","contentUrl":"https:\/\/hsls.hr\/web\/wp-content\/uploads\/2023\/09\/vlcsnap-2022-04-10-01h05m39s446.jpg","width":1920,"height":1080},{"@type":"BreadcrumbList","@id":"https:\/\/hsls.hr\/web\/hibridna-prijetnja-rasprava-hrvatski-sabor\/#breadcrumb","itemListElement":[{"@type":"ListItem","position":1,"name":"Po\u010detna stranica","item":"https:\/\/hsls.hr\/web\/"},{"@type":"ListItem","position":2,"name":"Hibridna prijetnja , rasprava Hrvatski sabor"}]},{"@type":"WebSite","@id":"https:\/\/hsls.hr\/web\/#website","url":"https:\/\/hsls.hr\/web\/","name":"HSLS","description":"Hrvatska socijalno-liberalna stranka","potentialAction":[{"@type":"SearchAction","target":{"@type":"EntryPoint","urlTemplate":"https:\/\/hsls.hr\/web\/?s={search_term_string}"},"query-input":{"@type":"PropertyValueSpecification","valueRequired":true,"valueName":"search_term_string"}}],"inLanguage":"hr"},{"@type":"Person","@id":"https:\/\/hsls.hr\/web\/#\/schema\/person\/e3f651016d644a22e87c41fd9bc31f7b","name":"HSLS","image":{"@type":"ImageObject","inLanguage":"hr","@id":"https:\/\/secure.gravatar.com\/avatar\/1f45d97b500c25de1ecef91e0eaa08ca0ada41c344c17876869f452108429fb9?s=96&d=mm&r=g","url":"https:\/\/secure.gravatar.com\/avatar\/1f45d97b500c25de1ecef91e0eaa08ca0ada41c344c17876869f452108429fb9?s=96&d=mm&r=g","contentUrl":"https:\/\/secure.gravatar.com\/avatar\/1f45d97b500c25de1ecef91e0eaa08ca0ada41c344c17876869f452108429fb9?s=96&d=mm&r=g","caption":"HSLS"},"sameAs":["https:\/\/hsls.hr\/web"],"url":"https:\/\/hsls.hr\/web\/author\/hsadminls\/"}]}},"_links":{"self":[{"href":"https:\/\/hsls.hr\/web\/wp-json\/wp\/v2\/posts\/6869","targetHints":{"allow":["GET"]}}],"collection":[{"href":"https:\/\/hsls.hr\/web\/wp-json\/wp\/v2\/posts"}],"about":[{"href":"https:\/\/hsls.hr\/web\/wp-json\/wp\/v2\/types\/post"}],"author":[{"embeddable":true,"href":"https:\/\/hsls.hr\/web\/wp-json\/wp\/v2\/users\/1"}],"replies":[{"embeddable":true,"href":"https:\/\/hsls.hr\/web\/wp-json\/wp\/v2\/comments?post=6869"}],"version-history":[{"count":1,"href":"https:\/\/hsls.hr\/web\/wp-json\/wp\/v2\/posts\/6869\/revisions"}],"predecessor-version":[{"id":6870,"href":"https:\/\/hsls.hr\/web\/wp-json\/wp\/v2\/posts\/6869\/revisions\/6870"}],"wp:featuredmedia":[{"embeddable":true,"href":"https:\/\/hsls.hr\/web\/wp-json\/wp\/v2\/media\/5390"}],"wp:attachment":[{"href":"https:\/\/hsls.hr\/web\/wp-json\/wp\/v2\/media?parent=6869"}],"wp:term":[{"taxonomy":"category","embeddable":true,"href":"https:\/\/hsls.hr\/web\/wp-json\/wp\/v2\/categories?post=6869"},{"taxonomy":"post_tag","embeddable":true,"href":"https:\/\/hsls.hr\/web\/wp-json\/wp\/v2\/tags?post=6869"}],"curies":[{"name":"wp","href":"https:\/\/api.w.org\/{rel}","templated":true}]}}