{"id":6866,"date":"2025-10-22T05:29:00","date_gmt":"2025-10-22T05:29:00","guid":{"rendered":"https:\/\/hsls.hr\/web\/?p=6866"},"modified":"2025-12-12T05:30:11","modified_gmt":"2025-12-12T05:30:11","slug":"zakon-o-obrani-rasprava-u-saboru-stajalista-hsls-a-darko-klasic","status":"publish","type":"post","link":"https:\/\/hsls.hr\/web\/zakon-o-obrani-rasprava-u-saboru-stajalista-hsls-a-darko-klasic\/","title":{"rendered":"Zakon o obrani rasprava u Saboru,  stajali\u0161ta HSLS-a Darko Klasi\u0107"},"content":{"rendered":"\n<p>Sustav nacionalne obrane temeljni je stup svakog suvereniteta, ogledalo dr\u017eavne odgovornosti i sposobnosti za\u0161tite vlastitih gra\u0111ana. U Republici Hrvatskoj, obrana nije samo vojno, ona je postala &nbsp;i politi\u010dko, dru\u0161tveno i moralno pitanje. Zato dono\u0161enje ovoga &nbsp;<strong>Zakona o izmjenama i dopunama Zakona o obrani iz 2025. godine<\/strong> predstavlja klju\u010dan trenutak u redefiniranju hrvatske sigurnosne politike i uskla\u0111ivanju s novim globalnim izazovima. Rasprave koje su pratile dono\u0161enje zakona pokazale su kako se iza svake pravne odredbe krije i \u0161ira rasprava o viziji budu\u0107nosti Hrvatske: ho\u0107e li ona biti pasivni promatra\u010d ili dr\u017eava koja aktivno gradi vlastitu sigurnost i stabilnost.<\/p>\n\n\n\n<p>Jedno od sredi\u0161njih pitanja javnih dvojbi je bio populisti\u010dki narativ da \u0107e se zbog pove\u0107anja tro\u0161kova za obranu &nbsp;&nbsp;\u0161tedjeti na ostalim socijalnim davanjima i potrebama gra\u0111ana. &nbsp;Dio politike &nbsp;i dru\u0161tvene javnosti izra\u017eavao je zabrinutost da pove\u0107ana ulaganja u oru\u017eane snage mogu ugroziti financiranje zdravstva, \u0161kolstva i socijalnih prava ili mirovinskog sustava. &nbsp;<\/p>\n\n\n\n<p>Me\u0111utim na posljednjem rebalansu prora\u010duna pokazalo se da su u\u0161tede u prora\u010dunu napravljene na \u0161tetu ministarstvu obrane kako bi se mogao &nbsp;pove\u0107ati standard&nbsp; na\u0161im umirovljenicima jer prinosi mirovinskih fondova to ne omogu\u0107avaju.&nbsp;&nbsp; Ovakva zabrinutost djela politi\u010dke i \u0161ire javnosti \u010desto se temelji na pogre\u0161nom razumijevanju odnosa izme\u0111u sigurnosti i blagostanja. Sigurnost nije suprotnost razvoju, ve\u0107 njegov preduvjet.<\/p>\n\n\n\n<p>Statisti\u010dki podaci pokazuju da Hrvatska na obranu tro\u0161i tek <strong>jedan od 25 eura prora\u010duna<\/strong>, dok znatno ve\u0107i udio odlazi na mirovinski, zdravstveni i obrazovni sustav. Istovremeno, ulaganja u vojsku i modernizaciju ne zna\u010de smanjenje prava gra\u0111ana, nego upravo suprotno \u2013 <strong>pove\u0107anje nacionalne otpornosti<\/strong> i stvaranje uvjeta za gospodarska ulaganja.<\/p>\n\n\n\n<p>Zakon o obrani i slu\u017ebi u OS &nbsp;ponovno reafirmira <strong>vojnu obvezu<\/strong> kao du\u017enost svih sposobnih dr\u017eavljana, no u novom kontekstu. Slu\u017eba domovini vi\u0161e se ne promatra samo kroz slu\u017ebu u oru\u017eanim snagama, ve\u0107 i kroz koncept <strong>civilne obrane i dru\u0161tvene solidarnosti<\/strong>. Obnova vojnog roka u nekom obliku ne predstavlja povratak u pro\u0161lost, nego prilagodbu novim okolnostima \u2013 geopoliti\u010dkim, demografskim i dru\u0161tvenim.<\/p>\n\n\n\n<p>Rat u Ukrajini temeljito je promijenio percepciju vojske u Europi. Mnoge zemlje, poput \u0160vedske, Finske i Njema\u010dke, ponovno uvode obvezno slu\u017eenje ili ga nadogra\u0111uju kroz dragovoljne i profesionalne modele. Hrvatska, suo\u010dena s demografskim padom i iseljavanjem mladih, prepoznaje potrebu da kroz <strong>vojni rok<\/strong> i sustav poticaja \u2013 prednost pri zapo\u0161ljavanju, porezne olak\u0161ice i rje\u0161avanje stambenih pitanja \u2013 stvori motiviraju\u0107i okvir za mlade. Time se ne ja\u010da samo pri\u010duvni sastav oru\u017eanih snaga, ve\u0107 i <strong>dru\u0161tvena kohezija i osje\u0107aj pripadnosti dr\u017eavi<\/strong>.<\/p>\n\n\n\n<p>Uz to, zakon ponovno uvodi institut <strong>prigovora savjesti<\/strong> i mogu\u0107nost civilne slu\u017ebe u dr\u017eavnim i lokalnim tijelima, \u010dime se po\u0161tuju ljudska prava i pluralizam vrijednosti. Obrana time postaje zajedni\u010dka odgovornost \u2013 i vojnika i civila.<\/p>\n\n\n\n<p>Operativnost i mogu\u0107nost svih oru\u017eanih sustava danas se mjeri i brojem pri\u010duvne posade za svaki sustav u oru\u017eanim snagama. Naju\u010dinkovitije OS raspola\u017eu po svakom oru\u0111u sa dvije do tri pri\u010duvne posade , a kod zrakoplovstva je min odnos 2 naprama 1 po zrakoplovima. Istovremeno dana\u0161nje oru\u017eane snage zahtijevaju sve ve\u0107u&nbsp; stru\u010dnost u upravljanju sve kompliciranijim oru\u017eanim sustava i za te sustave treba tako\u0111er osposobiti odgovaraju\u0107u pri\u010duvu. &nbsp;Mo\u017eda je zato ve\u0107 danas potrebno razmisliti te po\u010deti planirati&nbsp; i dodatni modulu dobrovoljne vojne obuke za ro\u010dnike koji su zavr\u0161ili obaveznu vojnu obuku te sukladno tome &nbsp;krenuti i u izradu potrebnog zakonskog okvira za dobrovoljnu specijalisti\u010dku vojnu obuku.<\/p>\n\n\n\n<p>&nbsp;Izmjene zakona o obrani su zbilja rijetkost zbog svojih specifi\u010dnosti i zadnji puta su izmjene zakona o obrani ra\u0111ene 2013. godine&nbsp; , zato mi je iznimno \u017eao \u0161to je ovim izmjenama propu\u0161tena prilika promjene nekih \u010dlanaka koje su &nbsp;prepreka daljnjem razvoju&nbsp; i unaprje\u0111enju i razvoju letenja na bespilotnim sustavima predstavljaju pojedine zastarjele odredbe u Zakonu o obrani . Ovdje prvenstveno mislim na &nbsp;promjene \u010dlanaka 98. i 100. iz Zakona o obrani koji nala\u017eu Dr\u017eavnoj geodetskoj upravi DGU pregled svih snimaka iz zraka.<\/p>\n\n\n\n<p>Budu\u0107i na tr\u017ei\u0161tu mo\u017eemo kupiti \u201esvje\u017ee\u201c satelitske snimke \u017eeljenog teritorija u vrlo preciznoj rezoluciji, zastarjelo je tra\u017eiti odobrenje za snimanje i pregledavanje snimaka te odobrenje za njihovu uporabu, jer to vi\u0161e pripada nekoj pro\u0161losti. Apsurd je time ve\u0107i \u0161to ve\u0107 sada na DGU podlogama&nbsp; u kartama koje slu\u017ee kao podloga, imamo ve\u0107 ozna\u010dene konkretne lokacije i nazive Vojnih objekata, gdje je uklju\u010dena zabrana leta . Kako podaci o ograni\u010denjima letenja moraju biti dostupni svima u EU u digitalnom formatu. Hrvatska za tu namjenu ima ve\u0107 vrlo napredni AMC Portal koji je centralno mjesto za informiranje korisnika zra\u010dnog prostora u RH i tamo je isti ozna\u010den. U cilju prilagodbe novim okolnostima te aktualnim uredbama, predla\u017eemo ukidanje \u010dlanaka 98. i 100. te samim time i procesa tra\u017eenja odobrenja za snimanje iz zraka i pregledavanje tako nastalih snimaka od strane MORH i DGU, jer za\u0161titu mo\u017eemo provoditi kroz daleko u\u010dinkovitije zone zabrane letenja oko kriti\u010dnih objekata i infrastrukture u skladu sa propisima koji reguliraju zra\u010dni promet. Dana\u0161nja funkcija koju DGU provodi u zakonu o obrani jest osiguranje da \u0161ti\u0107eni objekti nisu snimani, te ako jesu, da se \u0161ti\u0107eni dio podru\u010dja ukloni sa snimke. Vjerujemo da se sla\u017eete, kako onaj tko \u017eeli namjerno snimiti takav \u0161ti\u0107eni objekt sigurno ne\u0107e predati zahtjev za snimanje prema DGU, nego \u0107e tome pristupiti i snimati tajno. 2022. godine imao sam sastanak sa ravnateljem DGU i njegovim suradnicima , a koji su se slo\u017eili kako su potrebne promjene i prilagodbe novim okolnostima te da oni nemaju adekvatne kapacitete za pregled sve ve\u0107eg broja dronskih snimaka.<\/p>\n\n\n\n<p>Dodatni argument predlo\u017eenim izmjenama svakako je i \u010dinjenica da trenutno mnogi leta\u010di dronova (procjena vi\u0161e od 90%) najvi\u0161e zbog odobrenja DGU uop\u0107e ne po\u0161tuju zakonsku regulativu. Vjerujemo kako bi gore predlo\u017eenim izmjenama uvelike doprinijeli legalizaciji letova bespilotnim letjelicama , te popularizaciji istih kod mladih te postavljanja osnove za dalji razvoj&nbsp; novih tehnologija i njezinu primjenu u \u0161iroj populaciji.<\/p>\n\n\n\n<p>Novi <strong>Zakon o obrani<\/strong> i te zakon o slu\u017ebi u oru\u017eanima snagama nisu samo tehni\u010dki propisi, ve\u0107 simbol politi\u010dke zrelosti i svijesti o va\u017enosti nacionalne sigurnosti. Obrana domovine nije pitanje ideologije, nego opstanka. Samo dr\u017eava koja zna za\u0161tititi svoje gra\u0111ane i teritorij mo\u017ee osigurati mir, razvoj i dostojanstvo. Hrvatska, koja je svoju slobodu stekla u ratu, sada mora pokazati da zna istu <strong>o\u010duvati mir kroz mudrost, odgovornost i snagu vlastitih institucija<\/strong>.<\/p>\n","protected":false},"excerpt":{"rendered":"<p>Sustav nacionalne obrane temeljni je stup svakog suvereniteta, ogledalo dr\u017eavne odgovornosti i sposobnosti za\u0161tite vlastitih gra\u0111ana. U Republici Hrvatskoj, obrana nije samo vojno, ona je postala &nbsp;i politi\u010dko, dru\u0161tveno i&hellip;<\/p>\n","protected":false},"author":11,"featured_media":6867,"comment_status":"closed","ping_status":"open","sticky":false,"template":"","format":"standard","meta":{"_lmt_disableupdate":"","_lmt_disable":"","footnotes":""},"categories":[1],"tags":[],"class_list":["post-6866","post","type-post","status-publish","format-standard","has-post-thumbnail","hentry","category-nacionalne-vijesti"],"yoast_head":"<!-- This site is optimized with the Yoast SEO plugin v27.5 - https:\/\/yoast.com\/product\/yoast-seo-wordpress\/ -->\n<title>Zakon o obrani rasprava u Saboru, stajali\u0161ta HSLS-a Darko Klasi\u0107 - HSLS<\/title>\n<meta name=\"robots\" content=\"index, follow, max-snippet:-1, max-image-preview:large, max-video-preview:-1\" \/>\n<link rel=\"canonical\" href=\"https:\/\/hsls.hr\/web\/zakon-o-obrani-rasprava-u-saboru-stajalista-hsls-a-darko-klasic\/\" \/>\n<meta property=\"og:locale\" content=\"hr_HR\" \/>\n<meta property=\"og:type\" content=\"article\" \/>\n<meta property=\"og:title\" content=\"Zakon o obrani rasprava u Saboru, stajali\u0161ta HSLS-a Darko Klasi\u0107 - HSLS\" \/>\n<meta property=\"og:description\" content=\"Sustav nacionalne obrane temeljni je stup svakog suvereniteta, ogledalo dr\u017eavne odgovornosti i sposobnosti za\u0161tite vlastitih gra\u0111ana. U Republici Hrvatskoj, obrana nije samo vojno, ona je postala &nbsp;i politi\u010dko, dru\u0161tveno i&hellip;\" \/>\n<meta property=\"og:url\" content=\"https:\/\/hsls.hr\/web\/zakon-o-obrani-rasprava-u-saboru-stajalista-hsls-a-darko-klasic\/\" \/>\n<meta property=\"og:site_name\" content=\"HSLS\" \/>\n<meta property=\"article:published_time\" content=\"2025-10-22T05:29:00+00:00\" \/>\n<meta property=\"article:modified_time\" content=\"2025-12-12T05:30:11+00:00\" \/>\n<meta property=\"og:image\" content=\"https:\/\/hsls.hr\/web\/wp-content\/uploads\/2025\/12\/6.jpg\" \/>\n\t<meta property=\"og:image:width\" content=\"2000\" \/>\n\t<meta property=\"og:image:height\" content=\"1263\" \/>\n\t<meta property=\"og:image:type\" content=\"image\/jpeg\" \/>\n<meta name=\"author\" content=\"Darko Klasi\u0107\" \/>\n<meta name=\"twitter:card\" content=\"summary_large_image\" \/>\n<meta name=\"twitter:label1\" content=\"Napisao\/la\" \/>\n\t<meta name=\"twitter:data1\" content=\"Darko Klasi\u0107\" \/>\n\t<meta name=\"twitter:label2\" content=\"Procijenjeno vrijeme \u010ditanja\" \/>\n\t<meta name=\"twitter:data2\" content=\"6 minuta\" \/>\n<script type=\"application\/ld+json\" class=\"yoast-schema-graph\">{\"@context\":\"https:\\\/\\\/schema.org\",\"@graph\":[{\"@type\":\"Article\",\"@id\":\"https:\\\/\\\/hsls.hr\\\/web\\\/zakon-o-obrani-rasprava-u-saboru-stajalista-hsls-a-darko-klasic\\\/#article\",\"isPartOf\":{\"@id\":\"https:\\\/\\\/hsls.hr\\\/web\\\/zakon-o-obrani-rasprava-u-saboru-stajalista-hsls-a-darko-klasic\\\/\"},\"author\":{\"name\":\"Darko Klasi\u0107\",\"@id\":\"https:\\\/\\\/hsls.hr\\\/web\\\/#\\\/schema\\\/person\\\/0dcafb2d4e6b1c050a6be43aee6851bf\"},\"headline\":\"Zakon o obrani rasprava u Saboru, stajali\u0161ta HSLS-a Darko Klasi\u0107\",\"datePublished\":\"2025-10-22T05:29:00+00:00\",\"dateModified\":\"2025-12-12T05:30:11+00:00\",\"mainEntityOfPage\":{\"@id\":\"https:\\\/\\\/hsls.hr\\\/web\\\/zakon-o-obrani-rasprava-u-saboru-stajalista-hsls-a-darko-klasic\\\/\"},\"wordCount\":1156,\"image\":{\"@id\":\"https:\\\/\\\/hsls.hr\\\/web\\\/zakon-o-obrani-rasprava-u-saboru-stajalista-hsls-a-darko-klasic\\\/#primaryimage\"},\"thumbnailUrl\":\"https:\\\/\\\/hsls.hr\\\/web\\\/wp-content\\\/uploads\\\/2025\\\/12\\\/6.jpg\",\"articleSection\":[\"Nacionalno\"],\"inLanguage\":\"hr\"},{\"@type\":\"WebPage\",\"@id\":\"https:\\\/\\\/hsls.hr\\\/web\\\/zakon-o-obrani-rasprava-u-saboru-stajalista-hsls-a-darko-klasic\\\/\",\"url\":\"https:\\\/\\\/hsls.hr\\\/web\\\/zakon-o-obrani-rasprava-u-saboru-stajalista-hsls-a-darko-klasic\\\/\",\"name\":\"Zakon o obrani rasprava u Saboru, stajali\u0161ta HSLS-a Darko Klasi\u0107 - HSLS\",\"isPartOf\":{\"@id\":\"https:\\\/\\\/hsls.hr\\\/web\\\/#website\"},\"primaryImageOfPage\":{\"@id\":\"https:\\\/\\\/hsls.hr\\\/web\\\/zakon-o-obrani-rasprava-u-saboru-stajalista-hsls-a-darko-klasic\\\/#primaryimage\"},\"image\":{\"@id\":\"https:\\\/\\\/hsls.hr\\\/web\\\/zakon-o-obrani-rasprava-u-saboru-stajalista-hsls-a-darko-klasic\\\/#primaryimage\"},\"thumbnailUrl\":\"https:\\\/\\\/hsls.hr\\\/web\\\/wp-content\\\/uploads\\\/2025\\\/12\\\/6.jpg\",\"datePublished\":\"2025-10-22T05:29:00+00:00\",\"dateModified\":\"2025-12-12T05:30:11+00:00\",\"author\":{\"@id\":\"https:\\\/\\\/hsls.hr\\\/web\\\/#\\\/schema\\\/person\\\/0dcafb2d4e6b1c050a6be43aee6851bf\"},\"breadcrumb\":{\"@id\":\"https:\\\/\\\/hsls.hr\\\/web\\\/zakon-o-obrani-rasprava-u-saboru-stajalista-hsls-a-darko-klasic\\\/#breadcrumb\"},\"inLanguage\":\"hr\",\"potentialAction\":[{\"@type\":\"ReadAction\",\"target\":[\"https:\\\/\\\/hsls.hr\\\/web\\\/zakon-o-obrani-rasprava-u-saboru-stajalista-hsls-a-darko-klasic\\\/\"]}]},{\"@type\":\"ImageObject\",\"inLanguage\":\"hr\",\"@id\":\"https:\\\/\\\/hsls.hr\\\/web\\\/zakon-o-obrani-rasprava-u-saboru-stajalista-hsls-a-darko-klasic\\\/#primaryimage\",\"url\":\"https:\\\/\\\/hsls.hr\\\/web\\\/wp-content\\\/uploads\\\/2025\\\/12\\\/6.jpg\",\"contentUrl\":\"https:\\\/\\\/hsls.hr\\\/web\\\/wp-content\\\/uploads\\\/2025\\\/12\\\/6.jpg\",\"width\":2000,\"height\":1263},{\"@type\":\"BreadcrumbList\",\"@id\":\"https:\\\/\\\/hsls.hr\\\/web\\\/zakon-o-obrani-rasprava-u-saboru-stajalista-hsls-a-darko-klasic\\\/#breadcrumb\",\"itemListElement\":[{\"@type\":\"ListItem\",\"position\":1,\"name\":\"Po\u010detna stranica\",\"item\":\"https:\\\/\\\/hsls.hr\\\/web\\\/\"},{\"@type\":\"ListItem\",\"position\":2,\"name\":\"Zakon o obrani rasprava u Saboru, stajali\u0161ta HSLS-a Darko Klasi\u0107\"}]},{\"@type\":\"WebSite\",\"@id\":\"https:\\\/\\\/hsls.hr\\\/web\\\/#website\",\"url\":\"https:\\\/\\\/hsls.hr\\\/web\\\/\",\"name\":\"HSLS\",\"description\":\"Hrvatska socijalno-liberalna stranka\",\"potentialAction\":[{\"@type\":\"SearchAction\",\"target\":{\"@type\":\"EntryPoint\",\"urlTemplate\":\"https:\\\/\\\/hsls.hr\\\/web\\\/?s={search_term_string}\"},\"query-input\":{\"@type\":\"PropertyValueSpecification\",\"valueRequired\":true,\"valueName\":\"search_term_string\"}}],\"inLanguage\":\"hr\"},{\"@type\":\"Person\",\"@id\":\"https:\\\/\\\/hsls.hr\\\/web\\\/#\\\/schema\\\/person\\\/0dcafb2d4e6b1c050a6be43aee6851bf\",\"name\":\"Darko Klasi\u0107\",\"image\":{\"@type\":\"ImageObject\",\"inLanguage\":\"hr\",\"@id\":\"https:\\\/\\\/secure.gravatar.com\\\/avatar\\\/2bbea8559acdb457219cb78972701312ce7cc832eb4ad55ca42662ab0b9e7bff?s=96&d=mm&r=g\",\"url\":\"https:\\\/\\\/secure.gravatar.com\\\/avatar\\\/2bbea8559acdb457219cb78972701312ce7cc832eb4ad55ca42662ab0b9e7bff?s=96&d=mm&r=g\",\"contentUrl\":\"https:\\\/\\\/secure.gravatar.com\\\/avatar\\\/2bbea8559acdb457219cb78972701312ce7cc832eb4ad55ca42662ab0b9e7bff?s=96&d=mm&r=g\",\"caption\":\"Darko Klasi\u0107\"},\"url\":\"https:\\\/\\\/hsls.hr\\\/web\\\/author\\\/dklasic\\\/\"}]}<\/script>\n<!-- \/ Yoast SEO plugin. -->","yoast_head_json":{"title":"Zakon o obrani rasprava u Saboru, stajali\u0161ta HSLS-a Darko Klasi\u0107 - HSLS","robots":{"index":"index","follow":"follow","max-snippet":"max-snippet:-1","max-image-preview":"max-image-preview:large","max-video-preview":"max-video-preview:-1"},"canonical":"https:\/\/hsls.hr\/web\/zakon-o-obrani-rasprava-u-saboru-stajalista-hsls-a-darko-klasic\/","og_locale":"hr_HR","og_type":"article","og_title":"Zakon o obrani rasprava u Saboru, stajali\u0161ta HSLS-a Darko Klasi\u0107 - HSLS","og_description":"Sustav nacionalne obrane temeljni je stup svakog suvereniteta, ogledalo dr\u017eavne odgovornosti i sposobnosti za\u0161tite vlastitih gra\u0111ana. U Republici Hrvatskoj, obrana nije samo vojno, ona je postala &nbsp;i politi\u010dko, dru\u0161tveno i&hellip;","og_url":"https:\/\/hsls.hr\/web\/zakon-o-obrani-rasprava-u-saboru-stajalista-hsls-a-darko-klasic\/","og_site_name":"HSLS","article_published_time":"2025-10-22T05:29:00+00:00","article_modified_time":"2025-12-12T05:30:11+00:00","og_image":[{"width":2000,"height":1263,"url":"https:\/\/hsls.hr\/web\/wp-content\/uploads\/2025\/12\/6.jpg","type":"image\/jpeg"}],"author":"Darko Klasi\u0107","twitter_card":"summary_large_image","twitter_misc":{"Napisao\/la":"Darko Klasi\u0107","Procijenjeno vrijeme \u010ditanja":"6 minuta"},"schema":{"@context":"https:\/\/schema.org","@graph":[{"@type":"Article","@id":"https:\/\/hsls.hr\/web\/zakon-o-obrani-rasprava-u-saboru-stajalista-hsls-a-darko-klasic\/#article","isPartOf":{"@id":"https:\/\/hsls.hr\/web\/zakon-o-obrani-rasprava-u-saboru-stajalista-hsls-a-darko-klasic\/"},"author":{"name":"Darko Klasi\u0107","@id":"https:\/\/hsls.hr\/web\/#\/schema\/person\/0dcafb2d4e6b1c050a6be43aee6851bf"},"headline":"Zakon o obrani rasprava u Saboru, stajali\u0161ta HSLS-a Darko Klasi\u0107","datePublished":"2025-10-22T05:29:00+00:00","dateModified":"2025-12-12T05:30:11+00:00","mainEntityOfPage":{"@id":"https:\/\/hsls.hr\/web\/zakon-o-obrani-rasprava-u-saboru-stajalista-hsls-a-darko-klasic\/"},"wordCount":1156,"image":{"@id":"https:\/\/hsls.hr\/web\/zakon-o-obrani-rasprava-u-saboru-stajalista-hsls-a-darko-klasic\/#primaryimage"},"thumbnailUrl":"https:\/\/hsls.hr\/web\/wp-content\/uploads\/2025\/12\/6.jpg","articleSection":["Nacionalno"],"inLanguage":"hr"},{"@type":"WebPage","@id":"https:\/\/hsls.hr\/web\/zakon-o-obrani-rasprava-u-saboru-stajalista-hsls-a-darko-klasic\/","url":"https:\/\/hsls.hr\/web\/zakon-o-obrani-rasprava-u-saboru-stajalista-hsls-a-darko-klasic\/","name":"Zakon o obrani rasprava u Saboru, stajali\u0161ta HSLS-a Darko Klasi\u0107 - HSLS","isPartOf":{"@id":"https:\/\/hsls.hr\/web\/#website"},"primaryImageOfPage":{"@id":"https:\/\/hsls.hr\/web\/zakon-o-obrani-rasprava-u-saboru-stajalista-hsls-a-darko-klasic\/#primaryimage"},"image":{"@id":"https:\/\/hsls.hr\/web\/zakon-o-obrani-rasprava-u-saboru-stajalista-hsls-a-darko-klasic\/#primaryimage"},"thumbnailUrl":"https:\/\/hsls.hr\/web\/wp-content\/uploads\/2025\/12\/6.jpg","datePublished":"2025-10-22T05:29:00+00:00","dateModified":"2025-12-12T05:30:11+00:00","author":{"@id":"https:\/\/hsls.hr\/web\/#\/schema\/person\/0dcafb2d4e6b1c050a6be43aee6851bf"},"breadcrumb":{"@id":"https:\/\/hsls.hr\/web\/zakon-o-obrani-rasprava-u-saboru-stajalista-hsls-a-darko-klasic\/#breadcrumb"},"inLanguage":"hr","potentialAction":[{"@type":"ReadAction","target":["https:\/\/hsls.hr\/web\/zakon-o-obrani-rasprava-u-saboru-stajalista-hsls-a-darko-klasic\/"]}]},{"@type":"ImageObject","inLanguage":"hr","@id":"https:\/\/hsls.hr\/web\/zakon-o-obrani-rasprava-u-saboru-stajalista-hsls-a-darko-klasic\/#primaryimage","url":"https:\/\/hsls.hr\/web\/wp-content\/uploads\/2025\/12\/6.jpg","contentUrl":"https:\/\/hsls.hr\/web\/wp-content\/uploads\/2025\/12\/6.jpg","width":2000,"height":1263},{"@type":"BreadcrumbList","@id":"https:\/\/hsls.hr\/web\/zakon-o-obrani-rasprava-u-saboru-stajalista-hsls-a-darko-klasic\/#breadcrumb","itemListElement":[{"@type":"ListItem","position":1,"name":"Po\u010detna stranica","item":"https:\/\/hsls.hr\/web\/"},{"@type":"ListItem","position":2,"name":"Zakon o obrani rasprava u Saboru, stajali\u0161ta HSLS-a Darko Klasi\u0107"}]},{"@type":"WebSite","@id":"https:\/\/hsls.hr\/web\/#website","url":"https:\/\/hsls.hr\/web\/","name":"HSLS","description":"Hrvatska socijalno-liberalna stranka","potentialAction":[{"@type":"SearchAction","target":{"@type":"EntryPoint","urlTemplate":"https:\/\/hsls.hr\/web\/?s={search_term_string}"},"query-input":{"@type":"PropertyValueSpecification","valueRequired":true,"valueName":"search_term_string"}}],"inLanguage":"hr"},{"@type":"Person","@id":"https:\/\/hsls.hr\/web\/#\/schema\/person\/0dcafb2d4e6b1c050a6be43aee6851bf","name":"Darko Klasi\u0107","image":{"@type":"ImageObject","inLanguage":"hr","@id":"https:\/\/secure.gravatar.com\/avatar\/2bbea8559acdb457219cb78972701312ce7cc832eb4ad55ca42662ab0b9e7bff?s=96&d=mm&r=g","url":"https:\/\/secure.gravatar.com\/avatar\/2bbea8559acdb457219cb78972701312ce7cc832eb4ad55ca42662ab0b9e7bff?s=96&d=mm&r=g","contentUrl":"https:\/\/secure.gravatar.com\/avatar\/2bbea8559acdb457219cb78972701312ce7cc832eb4ad55ca42662ab0b9e7bff?s=96&d=mm&r=g","caption":"Darko Klasi\u0107"},"url":"https:\/\/hsls.hr\/web\/author\/dklasic\/"}]}},"_links":{"self":[{"href":"https:\/\/hsls.hr\/web\/wp-json\/wp\/v2\/posts\/6866","targetHints":{"allow":["GET"]}}],"collection":[{"href":"https:\/\/hsls.hr\/web\/wp-json\/wp\/v2\/posts"}],"about":[{"href":"https:\/\/hsls.hr\/web\/wp-json\/wp\/v2\/types\/post"}],"author":[{"embeddable":true,"href":"https:\/\/hsls.hr\/web\/wp-json\/wp\/v2\/users\/11"}],"replies":[{"embeddable":true,"href":"https:\/\/hsls.hr\/web\/wp-json\/wp\/v2\/comments?post=6866"}],"version-history":[{"count":1,"href":"https:\/\/hsls.hr\/web\/wp-json\/wp\/v2\/posts\/6866\/revisions"}],"predecessor-version":[{"id":6868,"href":"https:\/\/hsls.hr\/web\/wp-json\/wp\/v2\/posts\/6866\/revisions\/6868"}],"wp:featuredmedia":[{"embeddable":true,"href":"https:\/\/hsls.hr\/web\/wp-json\/wp\/v2\/media\/6867"}],"wp:attachment":[{"href":"https:\/\/hsls.hr\/web\/wp-json\/wp\/v2\/media?parent=6866"}],"wp:term":[{"taxonomy":"category","embeddable":true,"href":"https:\/\/hsls.hr\/web\/wp-json\/wp\/v2\/categories?post=6866"},{"taxonomy":"post_tag","embeddable":true,"href":"https:\/\/hsls.hr\/web\/wp-json\/wp\/v2\/tags?post=6866"}],"curies":[{"name":"wp","href":"https:\/\/api.w.org\/{rel}","templated":true}]}}