{"id":6853,"date":"2025-10-17T04:49:42","date_gmt":"2025-10-17T04:49:42","guid":{"rendered":"https:\/\/hsls.hr\/web\/?p=6853"},"modified":"2025-12-12T04:59:11","modified_gmt":"2025-12-12T04:59:11","slug":"hsls-sinj-razvoj-a-ne-paranoja","status":"publish","type":"post","link":"https:\/\/hsls.hr\/web\/hsls-sinj-razvoj-a-ne-paranoja\/","title":{"rendered":"HSLS Sinj: \u2018Razvoj a ne paranoja!\u2019"},"content":{"rendered":"\n<p>Nemojte nasjesti na umjetno kreiranu paranoju! U vremenu kada cijela Europa tra\u017ei rje\u0161enja za energetsku sigurnost i odr\u017eivi razvoj, te ubrzano ula\u017ee u \u010distu i obnovljivu energiju, Sinj i Cetinska krajina ne smiju ostati taoci politi\u010dkih progona i osobnih interesa Bulja i Mosta.<\/p>\n\n\n\n<figure class=\"wp-block-image size-full\"><img fetchpriority=\"high\" decoding=\"async\" width=\"610\" height=\"371\" src=\"https:\/\/hsls.hr\/web\/wp-content\/uploads\/2025\/03\/tomislav-klaric-kukuz.jpg\" alt=\"\" class=\"wp-image-6628\" srcset=\"https:\/\/hsls.hr\/web\/wp-content\/uploads\/2025\/03\/tomislav-klaric-kukuz.jpg 610w, https:\/\/hsls.hr\/web\/wp-content\/uploads\/2025\/03\/tomislav-klaric-kukuz-300x182.jpg 300w, https:\/\/hsls.hr\/web\/wp-content\/uploads\/2025\/03\/tomislav-klaric-kukuz-585x356.jpg 585w\" sizes=\"(max-width: 610px) 100vw, 610px\" \/><\/figure>\n\n\n\n<p>Projekt izgradnje solarne elektrane u Gali \u2013 Obrovcu Sinjskom prilika je da na\u0161 kraj napravi korak prema zelenijoj i energetski neovisnijoj budu\u0107nosti. Selektivni Buljev aktivizam koji se primjenjuje samo na one koji nisu u njegovoj sferi osobnih interesa vu\u010de nas na ovisnost o fosilnim gorivima i prema nuklearnoj energiji. Tako\u0111er nas vu\u010de u mra\u010dna vremena pro\u0161losti u kojem su poduzetnici bili neprijatelji re\u017eima. Nama danas za bolju budu\u0107nost ne treba \u2018komesar\u2019 nego gradona\u010delnik koji mo\u017ee uskladiti interese grada i kapitala.<\/p>\n\n\n\n<p>Podrazumijeva se da sve \u0161to \u010dovjek radi ima utjecaja na okoli\u0161 pa tako i ovaj planirani zahvat. Ali koristi i dobiti koje imamo u ovom projektu uvelike nadma\u0161uju odre\u0111enu \u0161tetu. Nadalje, kada pri\u010damo o ugrozi podzemnih voda ona nije realna prema predo\u010denoj metodologiji rada solarne elektrane. Ono \u0161to moramo je inzistirati na mehanizmu kontrole rada od strane grada u budu\u0107nosti te inzistirati na kori\u0161tenju biorazgradivih ulja u radu elektrane.<\/p>\n\n\n\n<p>Time \u0107e se opasnosti od havarije koja mo\u017ee prouzro\u010diti ozbiljnije posljedice eliminirati. Podru\u010dje koje se planira koristiti ovim zahvatom nije visoko vrijedno ni poljoprivredno pa je stoga itekako pogodno za ovaj oblik strate\u0161ke djelatnosti.<\/p>\n\n\n\n<p>Kada pri\u010damo o ugrozi sto\u010darstva, puno vi\u0161e \u0161tete je za njega napravila neprihvatljiva ekspanzija vuka \u010dije brojke danas desetorostruko nadma\u0161uju one koje su zacrtane za njegovo biolo\u0161ko odr\u017eavanje. Mo\u017eda bi upravo oni koji se brinu o za\u0161titi prirode trebali o tome izvijestiti javnost a ne kontinuirano inzistirati na namjernom umanjivanju tih brojki. Tako\u0111er, puno bi vi\u0161e \u0161tete za migracije \u017eivotinja napravila bodljikava \u017eica koju je Bulj zagovarao u borbi protiv migranata nego za\u0161titna ograda oko solarne elektrane.<\/p>\n\n\n\n<p>Nadalje, smatramo da se gradska vlast treba usmjeriti na to da nakon razdoblja koncesije i ekonomskog ciklusa iskori\u0161tavanja ovog platoa gradu Sinju ostane na kori\u0161tenje infrastruktura u obliku pristupnih puteva, kablova, trafostanica, nosa\u010da i ostaloga te da solarne plo\u010de koje zavr\u0161e svoj vijek budu u potpunosti zbrinute od strane investitora.<\/p>\n\n\n\n<p>Na taj na\u010din otvoriti \u0107emo nove perspektive za grad Sinj i njegov daljnji ciklus razvoja, a da ne ka\u017eemo da \u0107emo usvojiti vrijedna znanja koja danas naprosto nemamo. Novac koji \u0107e se dobiti od koncesije treba najve\u0107im dijelom i\u0107i u razvoj one lokalne zajednice na \u010dijem je podru\u010dju solarna elektrana.<\/p>\n\n\n\n<p>Neodgovorno je u 21. stolje\u0107u dizati glas protiv projekata koji donose radna mjesta, prihod lokalnoj samoupravi i smanjenje ovisnosti o uvozu energije \u2014 posebno ako se time na\u0161im mladima uskra\u0107uje perspektiva i ostanak u vlastitom kraju.<\/p>\n\n\n\n<p>Razvoj i za\u0161tita okoli\u0161a ne isklju\u010duju jedno drugo \u2014 naprotiv, samo zajedno mogu jam\u010diti budu\u0107nost Sinja i cijele Cetinske krajine. Oni koji to ne razumiju, svjesno biraju stagnaciju pod pla\u0161tem la\u017ene brige, sa skrivenim interesima i figom u d\u017eepu.<\/p>\n","protected":false},"excerpt":{"rendered":"<p>Nemojte nasjesti na umjetno kreiranu paranoju! U vremenu kada cijela Europa tra\u017ei rje\u0161enja za energetsku sigurnost i odr\u017eivi razvoj, te ubrzano ula\u017ee u \u010distu i obnovljivu energiju, Sinj i Cetinska&hellip;<\/p>\n","protected":false},"author":11,"featured_media":6854,"comment_status":"closed","ping_status":"open","sticky":false,"template":"","format":"standard","meta":{"_lmt_disableupdate":"","_lmt_disable":"","footnotes":""},"categories":[4],"tags":[],"class_list":["post-6853","post","type-post","status-publish","format-standard","has-post-thumbnail","hentry","category-lokalne-vijesti"],"yoast_head":"<!-- This site is optimized with the Yoast SEO plugin v27.5 - https:\/\/yoast.com\/product\/yoast-seo-wordpress\/ -->\n<title>HSLS Sinj: \u2018Razvoj a ne paranoja!\u2019 - HSLS<\/title>\n<meta name=\"robots\" content=\"index, follow, max-snippet:-1, max-image-preview:large, max-video-preview:-1\" \/>\n<link rel=\"canonical\" href=\"https:\/\/hsls.hr\/web\/hsls-sinj-razvoj-a-ne-paranoja\/\" \/>\n<meta property=\"og:locale\" content=\"hr_HR\" \/>\n<meta property=\"og:type\" content=\"article\" \/>\n<meta property=\"og:title\" content=\"HSLS Sinj: \u2018Razvoj a ne paranoja!\u2019 - HSLS\" \/>\n<meta property=\"og:description\" content=\"Nemojte nasjesti na umjetno kreiranu paranoju! U vremenu kada cijela Europa tra\u017ei rje\u0161enja za energetsku sigurnost i odr\u017eivi razvoj, te ubrzano ula\u017ee u \u010distu i obnovljivu energiju, Sinj i Cetinska&hellip;\" \/>\n<meta property=\"og:url\" content=\"https:\/\/hsls.hr\/web\/hsls-sinj-razvoj-a-ne-paranoja\/\" \/>\n<meta property=\"og:site_name\" content=\"HSLS\" \/>\n<meta property=\"article:published_time\" content=\"2025-10-17T04:49:42+00:00\" \/>\n<meta property=\"article:modified_time\" content=\"2025-12-12T04:59:11+00:00\" \/>\n<meta property=\"og:image\" content=\"https:\/\/hsls.hr\/web\/wp-content\/uploads\/2025\/12\/IMG_7244.jpg\" \/>\n\t<meta property=\"og:image:width\" content=\"2000\" \/>\n\t<meta property=\"og:image:height\" content=\"1124\" \/>\n\t<meta property=\"og:image:type\" content=\"image\/jpeg\" \/>\n<meta name=\"author\" content=\"Darko Klasi\u0107\" \/>\n<meta name=\"twitter:card\" content=\"summary_large_image\" \/>\n<meta name=\"twitter:label1\" content=\"Napisao\/la\" \/>\n\t<meta name=\"twitter:data1\" content=\"Darko Klasi\u0107\" \/>\n\t<meta name=\"twitter:label2\" content=\"Procijenjeno vrijeme \u010ditanja\" \/>\n\t<meta name=\"twitter:data2\" content=\"3 minute\" \/>\n<script type=\"application\/ld+json\" class=\"yoast-schema-graph\">{\"@context\":\"https:\\\/\\\/schema.org\",\"@graph\":[{\"@type\":\"Article\",\"@id\":\"https:\\\/\\\/hsls.hr\\\/web\\\/hsls-sinj-razvoj-a-ne-paranoja\\\/#article\",\"isPartOf\":{\"@id\":\"https:\\\/\\\/hsls.hr\\\/web\\\/hsls-sinj-razvoj-a-ne-paranoja\\\/\"},\"author\":{\"name\":\"Darko Klasi\u0107\",\"@id\":\"https:\\\/\\\/hsls.hr\\\/web\\\/#\\\/schema\\\/person\\\/0dcafb2d4e6b1c050a6be43aee6851bf\"},\"headline\":\"HSLS Sinj: \u2018Razvoj a ne paranoja!\u2019\",\"datePublished\":\"2025-10-17T04:49:42+00:00\",\"dateModified\":\"2025-12-12T04:59:11+00:00\",\"mainEntityOfPage\":{\"@id\":\"https:\\\/\\\/hsls.hr\\\/web\\\/hsls-sinj-razvoj-a-ne-paranoja\\\/\"},\"wordCount\":537,\"image\":{\"@id\":\"https:\\\/\\\/hsls.hr\\\/web\\\/hsls-sinj-razvoj-a-ne-paranoja\\\/#primaryimage\"},\"thumbnailUrl\":\"https:\\\/\\\/hsls.hr\\\/web\\\/wp-content\\\/uploads\\\/2025\\\/12\\\/IMG_7244.jpg\",\"articleSection\":[\"Lokalno\"],\"inLanguage\":\"hr\"},{\"@type\":\"WebPage\",\"@id\":\"https:\\\/\\\/hsls.hr\\\/web\\\/hsls-sinj-razvoj-a-ne-paranoja\\\/\",\"url\":\"https:\\\/\\\/hsls.hr\\\/web\\\/hsls-sinj-razvoj-a-ne-paranoja\\\/\",\"name\":\"HSLS Sinj: \u2018Razvoj a ne paranoja!\u2019 - HSLS\",\"isPartOf\":{\"@id\":\"https:\\\/\\\/hsls.hr\\\/web\\\/#website\"},\"primaryImageOfPage\":{\"@id\":\"https:\\\/\\\/hsls.hr\\\/web\\\/hsls-sinj-razvoj-a-ne-paranoja\\\/#primaryimage\"},\"image\":{\"@id\":\"https:\\\/\\\/hsls.hr\\\/web\\\/hsls-sinj-razvoj-a-ne-paranoja\\\/#primaryimage\"},\"thumbnailUrl\":\"https:\\\/\\\/hsls.hr\\\/web\\\/wp-content\\\/uploads\\\/2025\\\/12\\\/IMG_7244.jpg\",\"datePublished\":\"2025-10-17T04:49:42+00:00\",\"dateModified\":\"2025-12-12T04:59:11+00:00\",\"author\":{\"@id\":\"https:\\\/\\\/hsls.hr\\\/web\\\/#\\\/schema\\\/person\\\/0dcafb2d4e6b1c050a6be43aee6851bf\"},\"breadcrumb\":{\"@id\":\"https:\\\/\\\/hsls.hr\\\/web\\\/hsls-sinj-razvoj-a-ne-paranoja\\\/#breadcrumb\"},\"inLanguage\":\"hr\",\"potentialAction\":[{\"@type\":\"ReadAction\",\"target\":[\"https:\\\/\\\/hsls.hr\\\/web\\\/hsls-sinj-razvoj-a-ne-paranoja\\\/\"]}]},{\"@type\":\"ImageObject\",\"inLanguage\":\"hr\",\"@id\":\"https:\\\/\\\/hsls.hr\\\/web\\\/hsls-sinj-razvoj-a-ne-paranoja\\\/#primaryimage\",\"url\":\"https:\\\/\\\/hsls.hr\\\/web\\\/wp-content\\\/uploads\\\/2025\\\/12\\\/IMG_7244.jpg\",\"contentUrl\":\"https:\\\/\\\/hsls.hr\\\/web\\\/wp-content\\\/uploads\\\/2025\\\/12\\\/IMG_7244.jpg\",\"width\":2000,\"height\":1124},{\"@type\":\"BreadcrumbList\",\"@id\":\"https:\\\/\\\/hsls.hr\\\/web\\\/hsls-sinj-razvoj-a-ne-paranoja\\\/#breadcrumb\",\"itemListElement\":[{\"@type\":\"ListItem\",\"position\":1,\"name\":\"Po\u010detna stranica\",\"item\":\"https:\\\/\\\/hsls.hr\\\/web\\\/\"},{\"@type\":\"ListItem\",\"position\":2,\"name\":\"HSLS Sinj: \u2018Razvoj a ne paranoja!\u2019\"}]},{\"@type\":\"WebSite\",\"@id\":\"https:\\\/\\\/hsls.hr\\\/web\\\/#website\",\"url\":\"https:\\\/\\\/hsls.hr\\\/web\\\/\",\"name\":\"HSLS\",\"description\":\"Hrvatska socijalno-liberalna stranka\",\"potentialAction\":[{\"@type\":\"SearchAction\",\"target\":{\"@type\":\"EntryPoint\",\"urlTemplate\":\"https:\\\/\\\/hsls.hr\\\/web\\\/?s={search_term_string}\"},\"query-input\":{\"@type\":\"PropertyValueSpecification\",\"valueRequired\":true,\"valueName\":\"search_term_string\"}}],\"inLanguage\":\"hr\"},{\"@type\":\"Person\",\"@id\":\"https:\\\/\\\/hsls.hr\\\/web\\\/#\\\/schema\\\/person\\\/0dcafb2d4e6b1c050a6be43aee6851bf\",\"name\":\"Darko Klasi\u0107\",\"image\":{\"@type\":\"ImageObject\",\"inLanguage\":\"hr\",\"@id\":\"https:\\\/\\\/secure.gravatar.com\\\/avatar\\\/2bbea8559acdb457219cb78972701312ce7cc832eb4ad55ca42662ab0b9e7bff?s=96&d=mm&r=g\",\"url\":\"https:\\\/\\\/secure.gravatar.com\\\/avatar\\\/2bbea8559acdb457219cb78972701312ce7cc832eb4ad55ca42662ab0b9e7bff?s=96&d=mm&r=g\",\"contentUrl\":\"https:\\\/\\\/secure.gravatar.com\\\/avatar\\\/2bbea8559acdb457219cb78972701312ce7cc832eb4ad55ca42662ab0b9e7bff?s=96&d=mm&r=g\",\"caption\":\"Darko Klasi\u0107\"},\"url\":\"https:\\\/\\\/hsls.hr\\\/web\\\/author\\\/dklasic\\\/\"}]}<\/script>\n<!-- \/ Yoast SEO plugin. -->","yoast_head_json":{"title":"HSLS Sinj: \u2018Razvoj a ne paranoja!\u2019 - HSLS","robots":{"index":"index","follow":"follow","max-snippet":"max-snippet:-1","max-image-preview":"max-image-preview:large","max-video-preview":"max-video-preview:-1"},"canonical":"https:\/\/hsls.hr\/web\/hsls-sinj-razvoj-a-ne-paranoja\/","og_locale":"hr_HR","og_type":"article","og_title":"HSLS Sinj: \u2018Razvoj a ne paranoja!\u2019 - HSLS","og_description":"Nemojte nasjesti na umjetno kreiranu paranoju! U vremenu kada cijela Europa tra\u017ei rje\u0161enja za energetsku sigurnost i odr\u017eivi razvoj, te ubrzano ula\u017ee u \u010distu i obnovljivu energiju, Sinj i Cetinska&hellip;","og_url":"https:\/\/hsls.hr\/web\/hsls-sinj-razvoj-a-ne-paranoja\/","og_site_name":"HSLS","article_published_time":"2025-10-17T04:49:42+00:00","article_modified_time":"2025-12-12T04:59:11+00:00","og_image":[{"width":2000,"height":1124,"url":"https:\/\/hsls.hr\/web\/wp-content\/uploads\/2025\/12\/IMG_7244.jpg","type":"image\/jpeg"}],"author":"Darko Klasi\u0107","twitter_card":"summary_large_image","twitter_misc":{"Napisao\/la":"Darko Klasi\u0107","Procijenjeno vrijeme \u010ditanja":"3 minute"},"schema":{"@context":"https:\/\/schema.org","@graph":[{"@type":"Article","@id":"https:\/\/hsls.hr\/web\/hsls-sinj-razvoj-a-ne-paranoja\/#article","isPartOf":{"@id":"https:\/\/hsls.hr\/web\/hsls-sinj-razvoj-a-ne-paranoja\/"},"author":{"name":"Darko Klasi\u0107","@id":"https:\/\/hsls.hr\/web\/#\/schema\/person\/0dcafb2d4e6b1c050a6be43aee6851bf"},"headline":"HSLS Sinj: \u2018Razvoj a ne paranoja!\u2019","datePublished":"2025-10-17T04:49:42+00:00","dateModified":"2025-12-12T04:59:11+00:00","mainEntityOfPage":{"@id":"https:\/\/hsls.hr\/web\/hsls-sinj-razvoj-a-ne-paranoja\/"},"wordCount":537,"image":{"@id":"https:\/\/hsls.hr\/web\/hsls-sinj-razvoj-a-ne-paranoja\/#primaryimage"},"thumbnailUrl":"https:\/\/hsls.hr\/web\/wp-content\/uploads\/2025\/12\/IMG_7244.jpg","articleSection":["Lokalno"],"inLanguage":"hr"},{"@type":"WebPage","@id":"https:\/\/hsls.hr\/web\/hsls-sinj-razvoj-a-ne-paranoja\/","url":"https:\/\/hsls.hr\/web\/hsls-sinj-razvoj-a-ne-paranoja\/","name":"HSLS Sinj: \u2018Razvoj a ne paranoja!\u2019 - HSLS","isPartOf":{"@id":"https:\/\/hsls.hr\/web\/#website"},"primaryImageOfPage":{"@id":"https:\/\/hsls.hr\/web\/hsls-sinj-razvoj-a-ne-paranoja\/#primaryimage"},"image":{"@id":"https:\/\/hsls.hr\/web\/hsls-sinj-razvoj-a-ne-paranoja\/#primaryimage"},"thumbnailUrl":"https:\/\/hsls.hr\/web\/wp-content\/uploads\/2025\/12\/IMG_7244.jpg","datePublished":"2025-10-17T04:49:42+00:00","dateModified":"2025-12-12T04:59:11+00:00","author":{"@id":"https:\/\/hsls.hr\/web\/#\/schema\/person\/0dcafb2d4e6b1c050a6be43aee6851bf"},"breadcrumb":{"@id":"https:\/\/hsls.hr\/web\/hsls-sinj-razvoj-a-ne-paranoja\/#breadcrumb"},"inLanguage":"hr","potentialAction":[{"@type":"ReadAction","target":["https:\/\/hsls.hr\/web\/hsls-sinj-razvoj-a-ne-paranoja\/"]}]},{"@type":"ImageObject","inLanguage":"hr","@id":"https:\/\/hsls.hr\/web\/hsls-sinj-razvoj-a-ne-paranoja\/#primaryimage","url":"https:\/\/hsls.hr\/web\/wp-content\/uploads\/2025\/12\/IMG_7244.jpg","contentUrl":"https:\/\/hsls.hr\/web\/wp-content\/uploads\/2025\/12\/IMG_7244.jpg","width":2000,"height":1124},{"@type":"BreadcrumbList","@id":"https:\/\/hsls.hr\/web\/hsls-sinj-razvoj-a-ne-paranoja\/#breadcrumb","itemListElement":[{"@type":"ListItem","position":1,"name":"Po\u010detna stranica","item":"https:\/\/hsls.hr\/web\/"},{"@type":"ListItem","position":2,"name":"HSLS Sinj: \u2018Razvoj a ne paranoja!\u2019"}]},{"@type":"WebSite","@id":"https:\/\/hsls.hr\/web\/#website","url":"https:\/\/hsls.hr\/web\/","name":"HSLS","description":"Hrvatska socijalno-liberalna stranka","potentialAction":[{"@type":"SearchAction","target":{"@type":"EntryPoint","urlTemplate":"https:\/\/hsls.hr\/web\/?s={search_term_string}"},"query-input":{"@type":"PropertyValueSpecification","valueRequired":true,"valueName":"search_term_string"}}],"inLanguage":"hr"},{"@type":"Person","@id":"https:\/\/hsls.hr\/web\/#\/schema\/person\/0dcafb2d4e6b1c050a6be43aee6851bf","name":"Darko Klasi\u0107","image":{"@type":"ImageObject","inLanguage":"hr","@id":"https:\/\/secure.gravatar.com\/avatar\/2bbea8559acdb457219cb78972701312ce7cc832eb4ad55ca42662ab0b9e7bff?s=96&d=mm&r=g","url":"https:\/\/secure.gravatar.com\/avatar\/2bbea8559acdb457219cb78972701312ce7cc832eb4ad55ca42662ab0b9e7bff?s=96&d=mm&r=g","contentUrl":"https:\/\/secure.gravatar.com\/avatar\/2bbea8559acdb457219cb78972701312ce7cc832eb4ad55ca42662ab0b9e7bff?s=96&d=mm&r=g","caption":"Darko Klasi\u0107"},"url":"https:\/\/hsls.hr\/web\/author\/dklasic\/"}]}},"_links":{"self":[{"href":"https:\/\/hsls.hr\/web\/wp-json\/wp\/v2\/posts\/6853","targetHints":{"allow":["GET"]}}],"collection":[{"href":"https:\/\/hsls.hr\/web\/wp-json\/wp\/v2\/posts"}],"about":[{"href":"https:\/\/hsls.hr\/web\/wp-json\/wp\/v2\/types\/post"}],"author":[{"embeddable":true,"href":"https:\/\/hsls.hr\/web\/wp-json\/wp\/v2\/users\/11"}],"replies":[{"embeddable":true,"href":"https:\/\/hsls.hr\/web\/wp-json\/wp\/v2\/comments?post=6853"}],"version-history":[{"count":1,"href":"https:\/\/hsls.hr\/web\/wp-json\/wp\/v2\/posts\/6853\/revisions"}],"predecessor-version":[{"id":6855,"href":"https:\/\/hsls.hr\/web\/wp-json\/wp\/v2\/posts\/6853\/revisions\/6855"}],"wp:featuredmedia":[{"embeddable":true,"href":"https:\/\/hsls.hr\/web\/wp-json\/wp\/v2\/media\/6854"}],"wp:attachment":[{"href":"https:\/\/hsls.hr\/web\/wp-json\/wp\/v2\/media?parent=6853"}],"wp:term":[{"taxonomy":"category","embeddable":true,"href":"https:\/\/hsls.hr\/web\/wp-json\/wp\/v2\/categories?post=6853"},{"taxonomy":"post_tag","embeddable":true,"href":"https:\/\/hsls.hr\/web\/wp-json\/wp\/v2\/tags?post=6853"}],"curies":[{"name":"wp","href":"https:\/\/api.w.org\/{rel}","templated":true}]}}