{"id":6627,"date":"2025-03-13T08:57:53","date_gmt":"2025-03-13T08:57:53","guid":{"rendered":"https:\/\/hsls.hr\/web\/?p=6627"},"modified":"2025-03-13T09:08:46","modified_gmt":"2025-03-13T09:08:46","slug":"tomislav-klaric-kukuz-kandidat-hsls-a-za-gradonacelnika-sinja","status":"publish","type":"post","link":"https:\/\/hsls.hr\/web\/tomislav-klaric-kukuz-kandidat-hsls-a-za-gradonacelnika-sinja\/","title":{"rendered":"Tomislav Klari\u0107 \u2013 Kukuz kandidat HSLS-a za gradona\u010delnika Sinja"},"content":{"rendered":"\n<p>&nbsp;<\/p>\n\n\n\n<p class=\"has-text-align-left\">HSLS je na konferenciji za medije u Sinju, na Pijaci, predstavio <strong>Tomislava Klari\u0107a \u2013 Kukuza,<\/strong> kandidata za gradona\u010delnika Sinja kojeg je podr\u017eao i predsjednik HSLS-a <strong>Dario Hrebak<\/strong> sa \u017eupanijskim vodstvom stranke. Najavljuju\u0107i svoju kandidaturu Tomislav Klari\u0107 \u2013 Kukuz naglasio je va\u017enost tima odgovornih i ostvarenih ljudi koji se okupio na zajedni\u010dkoj ideji da Sinjanima ponudi kvalitetnu alternativu. Pri tome je posebno naglasio program usmjeren na razvoj komunalne i prometne infrastrukture, podr\u0161ku razvoju mikro i malom poduzetni\u0161tvu, razvoju poljoprivrede te pove\u0107anju kvalitete \u017eivota svih stanovnika. <em>\u2018Moja vizija je Sinj kao moderna urbana cjelina s jakim lokalnim gospodarstvom, koje je sposobno kreirati visoko pla\u0107ene poslove i grad s razvijenim kvalitetnim sadr\u017eajima za ugodan i ispunjen \u017eivot. \u017delimo pokrenuti nove razvojne procese u gradu i za to nam trebaju ljudi \u0161irokog spektra, njihove ideje, energija i motivacija. Nitko nam ni\u0161ta ne\u0107e pokloniti i \u010deka nas veliki posao, ali vjerujte mi, nitko nas ne\u0107e zaustaviti u na\u0161im nastojanjima da zajedno kreiramo bolju budu\u0107nost za grad Sinj. Za to nam treba vlast koja ima viziju, znanje, sposobnost i energiju te ljude koji su sposobni biti na razini zadatka. Izbori koji su pred nama su prilika da promijenimo stvari nabolje i za to nam trebaju va\u0161i glasovi\u2019, najavio je Tomislav Klari\u0107 \u2013 Kukuz.<\/em> Klari\u0107 \u2013 Kukuz je istaknuo da \u0107e HSLS u Sinju imati i svoju listu za gradsko vije\u0107e, na kojoj \u0107e se na\u0107i i neki ljudi koji su dugo u ovoj stranci, a me\u0111u njima su dopredsjednik sinjskog ogranka HSLS-a <strong>Mladen Vidi\u0107<\/strong>,\u00a0 tajnik<strong> Ivan Maras<\/strong>, te \u010dlanovi Izvr\u0161nog odbora <strong>Zoran Klepo, Ante Zec, Josip Biloni\u0107<\/strong> i <strong>Zvonimir Re\u017ei\u0107<\/strong>. <em>\u2018Mi ve\u0107 imamo kreirali listu za gradsko vije\u0107e, ali smo otvoreni i za nove ljude koji imaju energiju i viziju boljega Sinja, kako bismo skupa radili za boljitak na\u0161ega grada. Svi na\u0161i dugogodi\u0161nji \u010dlanovi su spremni biti na bilo kojem mjestu na listi, \u0161to zna\u010di da na prvim mjestima mogu biti i novi \u010dlanovi za koje procijenimo da su kvalitetni i spremni se zajedno s nama boriti za Sinj\u2019, dodao je Klari\u0107 \u2013 Kukuz<\/em>. <\/p>\n\n\n\n<p class=\"has-text-align-left\"><img decoding=\"async\" src=\"https:\/\/hsls.hr\/web\/wp-content\/uploads\/2025\/03\/HSLS-Sinj-300x169.jpg\" alt=\"\" style=\"\"> <br>Predsjednik HSLS-a Dario Hrebak uvjeren je kako HSLS ima najkvalitetniji tim za Sinj na \u010delu s Tomislavom Klari\u0107em \u2013 Kukuzom, za kojeg je kazao da je mlad i odgovoran \u010dovjek, poduzetnik i ugledan \u010dlan zajednice koji razumije potrebe Grada Sinja i mo\u017ee sa svojim timom uspje\u0161nih ljudi donijeti potrebne promjene u Sinju. \u2018<em>HSLS je stranka sa tradicijom i ugledom u Sinju i svim dijelovima Splitsko-dalmatinske \u017eupanije i zato razmi\u0161ljamo o kandidatu za \u017eupana i gradona\u010delnika Splita\u2019, zaklju\u010dio je Dario Hrebak.<\/em> Podr\u0161ku kandidatu za gradona\u010delnika Sinja Tomislavu Klari\u0107u \u2013 Kukuzu u Sinju je dao i \u017eupanijski predsjednik HSLS-a <strong>Toni Garac<\/strong> koji je, kako ka\u017ee, optimisti\u010dan oko izbora i u Sinju i na razini Splitsko-dalmatinske \u017eupanije. Kazao je da \u0107e HSLS biti klju\u010dan za formiranje ve\u0107ine u \u017eupanijskoj skup\u0161tini.<\/p>\n\n\n\n<p><\/p>\n","protected":false},"excerpt":{"rendered":"<p>&nbsp; HSLS je na konferenciji za medije u Sinju, na Pijaci, predstavio Tomislava Klari\u0107a \u2013 Kukuza, kandidata za gradona\u010delnika Sinja kojeg je podr\u017eao i predsjednik HSLS-a Dario Hrebak sa \u017eupanijskim&hellip;<\/p>\n","protected":false},"author":8,"featured_media":6628,"comment_status":"closed","ping_status":"open","sticky":false,"template":"","format":"standard","meta":{"_lmt_disableupdate":"","_lmt_disable":"","footnotes":""},"categories":[1],"tags":[],"class_list":["post-6627","post","type-post","status-publish","format-standard","has-post-thumbnail","hentry","category-nacionalne-vijesti"],"yoast_head":"<!-- This site is optimized with the Yoast SEO plugin v27.5 - https:\/\/yoast.com\/product\/yoast-seo-wordpress\/ -->\n<title>Tomislav Klari\u0107 \u2013 Kukuz kandidat HSLS-a za gradona\u010delnika Sinja - HSLS<\/title>\n<meta name=\"robots\" content=\"index, follow, max-snippet:-1, max-image-preview:large, max-video-preview:-1\" \/>\n<link rel=\"canonical\" href=\"https:\/\/hsls.hr\/web\/tomislav-klaric-kukuz-kandidat-hsls-a-za-gradonacelnika-sinja\/\" \/>\n<meta property=\"og:locale\" content=\"hr_HR\" \/>\n<meta property=\"og:type\" content=\"article\" \/>\n<meta property=\"og:title\" content=\"Tomislav Klari\u0107 \u2013 Kukuz kandidat HSLS-a za gradona\u010delnika Sinja - HSLS\" \/>\n<meta property=\"og:description\" content=\"&nbsp; HSLS je na konferenciji za medije u Sinju, na Pijaci, predstavio Tomislava Klari\u0107a \u2013 Kukuza, kandidata za gradona\u010delnika Sinja kojeg je podr\u017eao i predsjednik HSLS-a Dario Hrebak sa \u017eupanijskim&hellip;\" \/>\n<meta property=\"og:url\" content=\"https:\/\/hsls.hr\/web\/tomislav-klaric-kukuz-kandidat-hsls-a-za-gradonacelnika-sinja\/\" \/>\n<meta property=\"og:site_name\" content=\"HSLS\" \/>\n<meta property=\"article:published_time\" content=\"2025-03-13T08:57:53+00:00\" \/>\n<meta property=\"article:modified_time\" content=\"2025-03-13T09:08:46+00:00\" \/>\n<meta property=\"og:image\" content=\"https:\/\/hsls.hr\/web\/wp-content\/uploads\/2025\/03\/tomislav-klaric-kukuz.jpg\" \/>\n\t<meta property=\"og:image:width\" content=\"610\" \/>\n\t<meta property=\"og:image:height\" content=\"371\" \/>\n\t<meta property=\"og:image:type\" content=\"image\/jpeg\" \/>\n<meta name=\"author\" content=\"Goran Kurevija\" \/>\n<meta name=\"twitter:card\" content=\"summary_large_image\" \/>\n<meta name=\"twitter:label1\" content=\"Napisao\/la\" \/>\n\t<meta name=\"twitter:data1\" content=\"Goran Kurevija\" \/>\n\t<meta name=\"twitter:label2\" content=\"Procijenjeno vrijeme \u010ditanja\" \/>\n\t<meta name=\"twitter:data2\" content=\"3 minute\" \/>\n<script type=\"application\/ld+json\" class=\"yoast-schema-graph\">{\"@context\":\"https:\\\/\\\/schema.org\",\"@graph\":[{\"@type\":\"Article\",\"@id\":\"https:\\\/\\\/hsls.hr\\\/web\\\/tomislav-klaric-kukuz-kandidat-hsls-a-za-gradonacelnika-sinja\\\/#article\",\"isPartOf\":{\"@id\":\"https:\\\/\\\/hsls.hr\\\/web\\\/tomislav-klaric-kukuz-kandidat-hsls-a-za-gradonacelnika-sinja\\\/\"},\"author\":{\"name\":\"Goran Kurevija\",\"@id\":\"https:\\\/\\\/hsls.hr\\\/web\\\/#\\\/schema\\\/person\\\/888bae21f60f75871ef73376110e0f25\"},\"headline\":\"Tomislav Klari\u0107 \u2013 Kukuz kandidat HSLS-a za gradona\u010delnika Sinja\",\"datePublished\":\"2025-03-13T08:57:53+00:00\",\"dateModified\":\"2025-03-13T09:08:46+00:00\",\"mainEntityOfPage\":{\"@id\":\"https:\\\/\\\/hsls.hr\\\/web\\\/tomislav-klaric-kukuz-kandidat-hsls-a-za-gradonacelnika-sinja\\\/\"},\"wordCount\":509,\"image\":{\"@id\":\"https:\\\/\\\/hsls.hr\\\/web\\\/tomislav-klaric-kukuz-kandidat-hsls-a-za-gradonacelnika-sinja\\\/#primaryimage\"},\"thumbnailUrl\":\"https:\\\/\\\/hsls.hr\\\/web\\\/wp-content\\\/uploads\\\/2025\\\/03\\\/tomislav-klaric-kukuz.jpg\",\"articleSection\":[\"Nacionalno\"],\"inLanguage\":\"hr\"},{\"@type\":\"WebPage\",\"@id\":\"https:\\\/\\\/hsls.hr\\\/web\\\/tomislav-klaric-kukuz-kandidat-hsls-a-za-gradonacelnika-sinja\\\/\",\"url\":\"https:\\\/\\\/hsls.hr\\\/web\\\/tomislav-klaric-kukuz-kandidat-hsls-a-za-gradonacelnika-sinja\\\/\",\"name\":\"Tomislav Klari\u0107 \u2013 Kukuz kandidat HSLS-a za gradona\u010delnika Sinja - HSLS\",\"isPartOf\":{\"@id\":\"https:\\\/\\\/hsls.hr\\\/web\\\/#website\"},\"primaryImageOfPage\":{\"@id\":\"https:\\\/\\\/hsls.hr\\\/web\\\/tomislav-klaric-kukuz-kandidat-hsls-a-za-gradonacelnika-sinja\\\/#primaryimage\"},\"image\":{\"@id\":\"https:\\\/\\\/hsls.hr\\\/web\\\/tomislav-klaric-kukuz-kandidat-hsls-a-za-gradonacelnika-sinja\\\/#primaryimage\"},\"thumbnailUrl\":\"https:\\\/\\\/hsls.hr\\\/web\\\/wp-content\\\/uploads\\\/2025\\\/03\\\/tomislav-klaric-kukuz.jpg\",\"datePublished\":\"2025-03-13T08:57:53+00:00\",\"dateModified\":\"2025-03-13T09:08:46+00:00\",\"author\":{\"@id\":\"https:\\\/\\\/hsls.hr\\\/web\\\/#\\\/schema\\\/person\\\/888bae21f60f75871ef73376110e0f25\"},\"breadcrumb\":{\"@id\":\"https:\\\/\\\/hsls.hr\\\/web\\\/tomislav-klaric-kukuz-kandidat-hsls-a-za-gradonacelnika-sinja\\\/#breadcrumb\"},\"inLanguage\":\"hr\",\"potentialAction\":[{\"@type\":\"ReadAction\",\"target\":[\"https:\\\/\\\/hsls.hr\\\/web\\\/tomislav-klaric-kukuz-kandidat-hsls-a-za-gradonacelnika-sinja\\\/\"]}]},{\"@type\":\"ImageObject\",\"inLanguage\":\"hr\",\"@id\":\"https:\\\/\\\/hsls.hr\\\/web\\\/tomislav-klaric-kukuz-kandidat-hsls-a-za-gradonacelnika-sinja\\\/#primaryimage\",\"url\":\"https:\\\/\\\/hsls.hr\\\/web\\\/wp-content\\\/uploads\\\/2025\\\/03\\\/tomislav-klaric-kukuz.jpg\",\"contentUrl\":\"https:\\\/\\\/hsls.hr\\\/web\\\/wp-content\\\/uploads\\\/2025\\\/03\\\/tomislav-klaric-kukuz.jpg\",\"width\":610,\"height\":371},{\"@type\":\"BreadcrumbList\",\"@id\":\"https:\\\/\\\/hsls.hr\\\/web\\\/tomislav-klaric-kukuz-kandidat-hsls-a-za-gradonacelnika-sinja\\\/#breadcrumb\",\"itemListElement\":[{\"@type\":\"ListItem\",\"position\":1,\"name\":\"Po\u010detna stranica\",\"item\":\"https:\\\/\\\/hsls.hr\\\/web\\\/\"},{\"@type\":\"ListItem\",\"position\":2,\"name\":\"Tomislav Klari\u0107 \u2013 Kukuz kandidat HSLS-a za gradona\u010delnika Sinja\"}]},{\"@type\":\"WebSite\",\"@id\":\"https:\\\/\\\/hsls.hr\\\/web\\\/#website\",\"url\":\"https:\\\/\\\/hsls.hr\\\/web\\\/\",\"name\":\"HSLS\",\"description\":\"Hrvatska socijalno-liberalna stranka\",\"potentialAction\":[{\"@type\":\"SearchAction\",\"target\":{\"@type\":\"EntryPoint\",\"urlTemplate\":\"https:\\\/\\\/hsls.hr\\\/web\\\/?s={search_term_string}\"},\"query-input\":{\"@type\":\"PropertyValueSpecification\",\"valueRequired\":true,\"valueName\":\"search_term_string\"}}],\"inLanguage\":\"hr\"},{\"@type\":\"Person\",\"@id\":\"https:\\\/\\\/hsls.hr\\\/web\\\/#\\\/schema\\\/person\\\/888bae21f60f75871ef73376110e0f25\",\"name\":\"Goran Kurevija\",\"image\":{\"@type\":\"ImageObject\",\"inLanguage\":\"hr\",\"@id\":\"https:\\\/\\\/secure.gravatar.com\\\/avatar\\\/6b1f2afe416aa12538a6c62f93829110ce5c7bff351ace5f03a51bac4ad75ccf?s=96&d=mm&r=g\",\"url\":\"https:\\\/\\\/secure.gravatar.com\\\/avatar\\\/6b1f2afe416aa12538a6c62f93829110ce5c7bff351ace5f03a51bac4ad75ccf?s=96&d=mm&r=g\",\"contentUrl\":\"https:\\\/\\\/secure.gravatar.com\\\/avatar\\\/6b1f2afe416aa12538a6c62f93829110ce5c7bff351ace5f03a51bac4ad75ccf?s=96&d=mm&r=g\",\"caption\":\"Goran Kurevija\"},\"url\":\"https:\\\/\\\/hsls.hr\\\/web\\\/author\\\/gkurevija\\\/\"}]}<\/script>\n<!-- \/ Yoast SEO plugin. -->","yoast_head_json":{"title":"Tomislav Klari\u0107 \u2013 Kukuz kandidat HSLS-a za gradona\u010delnika Sinja - HSLS","robots":{"index":"index","follow":"follow","max-snippet":"max-snippet:-1","max-image-preview":"max-image-preview:large","max-video-preview":"max-video-preview:-1"},"canonical":"https:\/\/hsls.hr\/web\/tomislav-klaric-kukuz-kandidat-hsls-a-za-gradonacelnika-sinja\/","og_locale":"hr_HR","og_type":"article","og_title":"Tomislav Klari\u0107 \u2013 Kukuz kandidat HSLS-a za gradona\u010delnika Sinja - HSLS","og_description":"&nbsp; HSLS je na konferenciji za medije u Sinju, na Pijaci, predstavio Tomislava Klari\u0107a \u2013 Kukuza, kandidata za gradona\u010delnika Sinja kojeg je podr\u017eao i predsjednik HSLS-a Dario Hrebak sa \u017eupanijskim&hellip;","og_url":"https:\/\/hsls.hr\/web\/tomislav-klaric-kukuz-kandidat-hsls-a-za-gradonacelnika-sinja\/","og_site_name":"HSLS","article_published_time":"2025-03-13T08:57:53+00:00","article_modified_time":"2025-03-13T09:08:46+00:00","og_image":[{"width":610,"height":371,"url":"https:\/\/hsls.hr\/web\/wp-content\/uploads\/2025\/03\/tomislav-klaric-kukuz.jpg","type":"image\/jpeg"}],"author":"Goran Kurevija","twitter_card":"summary_large_image","twitter_misc":{"Napisao\/la":"Goran Kurevija","Procijenjeno vrijeme \u010ditanja":"3 minute"},"schema":{"@context":"https:\/\/schema.org","@graph":[{"@type":"Article","@id":"https:\/\/hsls.hr\/web\/tomislav-klaric-kukuz-kandidat-hsls-a-za-gradonacelnika-sinja\/#article","isPartOf":{"@id":"https:\/\/hsls.hr\/web\/tomislav-klaric-kukuz-kandidat-hsls-a-za-gradonacelnika-sinja\/"},"author":{"name":"Goran Kurevija","@id":"https:\/\/hsls.hr\/web\/#\/schema\/person\/888bae21f60f75871ef73376110e0f25"},"headline":"Tomislav Klari\u0107 \u2013 Kukuz kandidat HSLS-a za gradona\u010delnika Sinja","datePublished":"2025-03-13T08:57:53+00:00","dateModified":"2025-03-13T09:08:46+00:00","mainEntityOfPage":{"@id":"https:\/\/hsls.hr\/web\/tomislav-klaric-kukuz-kandidat-hsls-a-za-gradonacelnika-sinja\/"},"wordCount":509,"image":{"@id":"https:\/\/hsls.hr\/web\/tomislav-klaric-kukuz-kandidat-hsls-a-za-gradonacelnika-sinja\/#primaryimage"},"thumbnailUrl":"https:\/\/hsls.hr\/web\/wp-content\/uploads\/2025\/03\/tomislav-klaric-kukuz.jpg","articleSection":["Nacionalno"],"inLanguage":"hr"},{"@type":"WebPage","@id":"https:\/\/hsls.hr\/web\/tomislav-klaric-kukuz-kandidat-hsls-a-za-gradonacelnika-sinja\/","url":"https:\/\/hsls.hr\/web\/tomislav-klaric-kukuz-kandidat-hsls-a-za-gradonacelnika-sinja\/","name":"Tomislav Klari\u0107 \u2013 Kukuz kandidat HSLS-a za gradona\u010delnika Sinja - HSLS","isPartOf":{"@id":"https:\/\/hsls.hr\/web\/#website"},"primaryImageOfPage":{"@id":"https:\/\/hsls.hr\/web\/tomislav-klaric-kukuz-kandidat-hsls-a-za-gradonacelnika-sinja\/#primaryimage"},"image":{"@id":"https:\/\/hsls.hr\/web\/tomislav-klaric-kukuz-kandidat-hsls-a-za-gradonacelnika-sinja\/#primaryimage"},"thumbnailUrl":"https:\/\/hsls.hr\/web\/wp-content\/uploads\/2025\/03\/tomislav-klaric-kukuz.jpg","datePublished":"2025-03-13T08:57:53+00:00","dateModified":"2025-03-13T09:08:46+00:00","author":{"@id":"https:\/\/hsls.hr\/web\/#\/schema\/person\/888bae21f60f75871ef73376110e0f25"},"breadcrumb":{"@id":"https:\/\/hsls.hr\/web\/tomislav-klaric-kukuz-kandidat-hsls-a-za-gradonacelnika-sinja\/#breadcrumb"},"inLanguage":"hr","potentialAction":[{"@type":"ReadAction","target":["https:\/\/hsls.hr\/web\/tomislav-klaric-kukuz-kandidat-hsls-a-za-gradonacelnika-sinja\/"]}]},{"@type":"ImageObject","inLanguage":"hr","@id":"https:\/\/hsls.hr\/web\/tomislav-klaric-kukuz-kandidat-hsls-a-za-gradonacelnika-sinja\/#primaryimage","url":"https:\/\/hsls.hr\/web\/wp-content\/uploads\/2025\/03\/tomislav-klaric-kukuz.jpg","contentUrl":"https:\/\/hsls.hr\/web\/wp-content\/uploads\/2025\/03\/tomislav-klaric-kukuz.jpg","width":610,"height":371},{"@type":"BreadcrumbList","@id":"https:\/\/hsls.hr\/web\/tomislav-klaric-kukuz-kandidat-hsls-a-za-gradonacelnika-sinja\/#breadcrumb","itemListElement":[{"@type":"ListItem","position":1,"name":"Po\u010detna stranica","item":"https:\/\/hsls.hr\/web\/"},{"@type":"ListItem","position":2,"name":"Tomislav Klari\u0107 \u2013 Kukuz kandidat HSLS-a za gradona\u010delnika Sinja"}]},{"@type":"WebSite","@id":"https:\/\/hsls.hr\/web\/#website","url":"https:\/\/hsls.hr\/web\/","name":"HSLS","description":"Hrvatska socijalno-liberalna stranka","potentialAction":[{"@type":"SearchAction","target":{"@type":"EntryPoint","urlTemplate":"https:\/\/hsls.hr\/web\/?s={search_term_string}"},"query-input":{"@type":"PropertyValueSpecification","valueRequired":true,"valueName":"search_term_string"}}],"inLanguage":"hr"},{"@type":"Person","@id":"https:\/\/hsls.hr\/web\/#\/schema\/person\/888bae21f60f75871ef73376110e0f25","name":"Goran Kurevija","image":{"@type":"ImageObject","inLanguage":"hr","@id":"https:\/\/secure.gravatar.com\/avatar\/6b1f2afe416aa12538a6c62f93829110ce5c7bff351ace5f03a51bac4ad75ccf?s=96&d=mm&r=g","url":"https:\/\/secure.gravatar.com\/avatar\/6b1f2afe416aa12538a6c62f93829110ce5c7bff351ace5f03a51bac4ad75ccf?s=96&d=mm&r=g","contentUrl":"https:\/\/secure.gravatar.com\/avatar\/6b1f2afe416aa12538a6c62f93829110ce5c7bff351ace5f03a51bac4ad75ccf?s=96&d=mm&r=g","caption":"Goran Kurevija"},"url":"https:\/\/hsls.hr\/web\/author\/gkurevija\/"}]}},"_links":{"self":[{"href":"https:\/\/hsls.hr\/web\/wp-json\/wp\/v2\/posts\/6627","targetHints":{"allow":["GET"]}}],"collection":[{"href":"https:\/\/hsls.hr\/web\/wp-json\/wp\/v2\/posts"}],"about":[{"href":"https:\/\/hsls.hr\/web\/wp-json\/wp\/v2\/types\/post"}],"author":[{"embeddable":true,"href":"https:\/\/hsls.hr\/web\/wp-json\/wp\/v2\/users\/8"}],"replies":[{"embeddable":true,"href":"https:\/\/hsls.hr\/web\/wp-json\/wp\/v2\/comments?post=6627"}],"version-history":[{"count":6,"href":"https:\/\/hsls.hr\/web\/wp-json\/wp\/v2\/posts\/6627\/revisions"}],"predecessor-version":[{"id":6637,"href":"https:\/\/hsls.hr\/web\/wp-json\/wp\/v2\/posts\/6627\/revisions\/6637"}],"wp:featuredmedia":[{"embeddable":true,"href":"https:\/\/hsls.hr\/web\/wp-json\/wp\/v2\/media\/6628"}],"wp:attachment":[{"href":"https:\/\/hsls.hr\/web\/wp-json\/wp\/v2\/media?parent=6627"}],"wp:term":[{"taxonomy":"category","embeddable":true,"href":"https:\/\/hsls.hr\/web\/wp-json\/wp\/v2\/categories?post=6627"},{"taxonomy":"post_tag","embeddable":true,"href":"https:\/\/hsls.hr\/web\/wp-json\/wp\/v2\/tags?post=6627"}],"curies":[{"name":"wp","href":"https:\/\/api.w.org\/{rel}","templated":true}]}}