{"id":6560,"date":"2025-01-29T09:48:55","date_gmt":"2025-01-29T09:48:55","guid":{"rendered":"https:\/\/hsls.hr\/web\/hsls-sinj-poljoprivreda-je-ozbiljna-gospodarska-djelatnost-a-ne-socijalna-politika\/"},"modified":"2025-01-29T09:51:00","modified_gmt":"2025-01-29T09:51:00","slug":"hsls-sinj-poljoprivreda-je-ozbiljna-gospodarska-djelatnost-a-ne-socijalna-politika","status":"publish","type":"post","link":"https:\/\/hsls.hr\/web\/hsls-sinj-poljoprivreda-je-ozbiljna-gospodarska-djelatnost-a-ne-socijalna-politika\/","title":{"rendered":"HSLS SINJ: Poljoprivreda je ozbiljna gospodarska djelatnost, a ne socijalna politika!"},"content":{"rendered":"<p>Po\u0161tovani gra\u0111ani Grada Sinja,<\/p>\n<p>pred nama su lokalni izbori koji \u0107e se odr\u017eati u svibnju ove godine. HSLS Sinj \u017eeli ovim priop\u0107enjem po\u010deti seriju priop\u0107enja kojima \u0107emo prezentirati svoju politi\u010dku platformu za izlazak na izbore.<br \/>\nAktualna vlast u odlasku potro\u0161ila je vrijeme svoga mandata na \u0161arlatanska vrludanja i neozbiljne politi\u010dke inicijative te gradu nisu ponudili ni\u0161ta u razvojnom smislu. Izgubljeno vrijeme kao i financijske dubioze morati \u0107e nadoknaditi bolja, sposobnija i okretnija politi\u010dka garnitura.<\/p>\n<p>Najva\u017eniji stup na\u0161eg programa je za\u0161tita i razvoj poljoprivrede i s poljoprivredom povezanih razvojnih resursa. Prvenstveno ovim putem \u017eelimo jasno poru\u010diti da Sinj ne smije biti ruralno podru\u010dje ovisno o pomo\u0107i centralne dr\u017eave, a da poljoprivreda nije socijalna politika ve\u0107 biznis i da razvoj poljoprivrede ovisi o nama samima. Poljoprivreda je u osnovi primarna gospodarska djelatnost proizvodnje hrane koja treba \u010diniti strate\u0161ki temelj za razvoj svakog dru\u0161tva koje te\u017ei biti uspje\u0161no, samoodr\u017eivo te odr\u017eati zna\u010dajan rast u du\u017eem razdoblju. Drugim rije\u010dima nema odr\u017eivog rasta gospodarstva bilo lokalnog ili nacionalnog bez uspje\u0161no postavljenog okvira i razine proizvodnje poljoprivrednih proizvoda i na tu proizvodnju vezanih proizvoda prera\u0111iva\u010dke industrije hrane koja ve\u0107 ulazi u sekundarni gospodarski sektor.<\/p>\n<p>Bez razvoja primarnog i sekundarnog lokalnog gospodarskog sustava ne mo\u017eemo imati uspje\u0161no dru\u0161tvo ni kvalitetan razvoj! Na\u017ealost, na\u0161i poljoprivredni kapaciteti dobrim dijelom stoje neiskori\u0161teni, te bez obzira \u0161to imamo pojedince koji su na lokalnoj razini uspje\u0161ni u proizvodnji hrane, \u010dinjenica je da su na\u0161i kapaciteti enormno ve\u0107i. Grad Sinj kao lokalna samouprava nije napravio nikakav strate\u0161ki pomak ka ozbiljnijem promi\u0161ljanju poticanja razvoja poljoprivrede. Poticaji koji se daju poljoprivredi s razine grada nisu razvojni ve\u0107 socijalni i potpuno su beskorisni u smislu razvoja na\u0161ih kapaciteta proizvodnje.<\/p>\n<p>Ako dobijemo povjerenje gra\u0111ana na lokalnim izborima pokrenuti \u0107emo projekt otvaranja Dalmatinskog centra za zadru\u017eno poduzetni\u0161tvo u Sinju u sklopu kojega \u0107emo tako\u0111er u du\u017eem roku oformiti i banku sjemena tradicionalnih dalmatinskih poljoprivrednih sorti. Kao nekada\u0161nji ravnatelj krovnog nacionalnog tijela za zadrugarstvo javne ustanova \u201eHrvatski centar za zadru\u017eno poduzetni\u0161tvo\u201c u godinu dana sam napravio novi prijedlog Zakona o zadrugama te zajedno s Ekonomskim institutom u Zagrebu zavr\u0161io studiju \u201ePrijedlozi za unapre\u0111enje zadru\u017enog gospodarstva u RH\u201c. Na\u017ealost neprijatelji razvoja hrvatske poljoprivrede, tada\u0161nji ministri Tolu\u0161i\u0107 i Horvat ukinuli su ovu javnu ustanovu jer je zadrugarstvo prijetnja krupnom kapitalu u RH, a novi Zakon o zadrugama nikada nije izglasan.<\/p>\n<p>S obzirom na rascjepkanost poljoprivrednih zemlji\u0161ta te predugo razdoblje stagnacije u podru\u010dju proizvodnje hrane\u00a0 na podru\u010dju grada Sinja i Cetinske krajine zadrugarstvo je jedini na\u010din da pokrenemo ovaj sektor gospodarstva, a da pritom zadr\u017eimo vlasni\u0161tvo nad zemlji\u0161tem u na\u0161im rukama. Nadalje, sinjsko polje ima ve\u0107 dobrano izgra\u0111eni sustav kanala za navodnjavanje. Ovaj sustav je prili\u010dno zapu\u0161ten \u00a0i treba ga \u0161to kvalitetnije privesti njegovoj svrsi da \u0161to efikasnije dovodi vodu do poljoprivrednih zemlji\u0161ta, \u0161to \u0107e biti jo\u0161 jedan od klju\u010dnih zadataka. Vodu imamo, ali treba nam jasna strategija proizvodnje s naglaskom na plasteni\u010dki i stakleni\u010dki uzgoj hrane. Kao nadogradnja na sve ovo trebamo razvijati i lokalne distribucijske kanale te tr\u017enice. Stoga \u0107e rekonstrukcija sinjske \u201ePe\u0161karije\u201c i obnova sinjskog pazara biti jedan od dijelova programa za revitalizaciju gospodarskog sustava grada.<\/p>\n<p>HSLS Sinja je spreman staviti stru\u010dne kapacitete svojih ljude na raspolaganje gradu te preuzeti odgovornost za na\u0161 vlastiti razvoj te stoga pozivamo gra\u0111ane da dobro otvore o\u010di u ovom predizbornom razdoblju. Mi ne pozivamo na okupljanje u borbi protiv nekoga i ne\u010dega ve\u0107 nudimo jasan politi\u010dki program i platformu.<\/p>\n<p>S po\u0161tovanjem,<\/p>\n<p>Tomislav Klari\u0107-Kukuz, mag.oec, MBA<br \/>\nPredsjednik Ogranka\u00a0HSLS\u00a0Sinj<\/p>\n","protected":false},"excerpt":{"rendered":"<p>Po\u0161tovani gra\u0111ani Grada Sinja, pred nama su lokalni izbori koji \u0107e se odr\u017eati u svibnju ove godine. HSLS Sinj \u017eeli ovim priop\u0107enjem po\u010deti seriju priop\u0107enja kojima \u0107emo prezentirati svoju politi\u010dku&hellip;<\/p>\n","protected":false},"author":8,"featured_media":6221,"comment_status":"closed","ping_status":"open","sticky":false,"template":"","format":"standard","meta":{"_lmt_disableupdate":"","_lmt_disable":"","footnotes":""},"categories":[1],"tags":[],"class_list":["post-6560","post","type-post","status-publish","format-standard","has-post-thumbnail","hentry","category-nacionalne-vijesti"],"yoast_head":"<!-- This site is optimized with the Yoast SEO plugin v27.5 - https:\/\/yoast.com\/product\/yoast-seo-wordpress\/ -->\n<title>HSLS SINJ: Poljoprivreda je ozbiljna gospodarska djelatnost, a ne socijalna politika! - HSLS<\/title>\n<meta name=\"robots\" content=\"index, follow, max-snippet:-1, max-image-preview:large, max-video-preview:-1\" \/>\n<link rel=\"canonical\" href=\"https:\/\/hsls.hr\/web\/hsls-sinj-poljoprivreda-je-ozbiljna-gospodarska-djelatnost-a-ne-socijalna-politika\/\" \/>\n<meta property=\"og:locale\" content=\"hr_HR\" \/>\n<meta property=\"og:type\" content=\"article\" \/>\n<meta property=\"og:title\" content=\"HSLS SINJ: Poljoprivreda je ozbiljna gospodarska djelatnost, a ne socijalna politika! - HSLS\" \/>\n<meta property=\"og:description\" content=\"Po\u0161tovani gra\u0111ani Grada Sinja, pred nama su lokalni izbori koji \u0107e se odr\u017eati u svibnju ove godine. HSLS Sinj \u017eeli ovim priop\u0107enjem po\u010deti seriju priop\u0107enja kojima \u0107emo prezentirati svoju politi\u010dku&hellip;\" \/>\n<meta property=\"og:url\" content=\"https:\/\/hsls.hr\/web\/hsls-sinj-poljoprivreda-je-ozbiljna-gospodarska-djelatnost-a-ne-socijalna-politika\/\" \/>\n<meta property=\"og:site_name\" content=\"HSLS\" \/>\n<meta property=\"article:published_time\" content=\"2025-01-29T09:48:55+00:00\" \/>\n<meta property=\"article:modified_time\" content=\"2025-01-29T09:51:00+00:00\" \/>\n<meta property=\"og:image\" content=\"https:\/\/hsls.hr\/web\/wp-content\/uploads\/2024\/06\/tomo-kk.jpg\" \/>\n\t<meta property=\"og:image:width\" content=\"610\" \/>\n\t<meta property=\"og:image:height\" content=\"345\" \/>\n\t<meta property=\"og:image:type\" content=\"image\/jpeg\" \/>\n<meta name=\"author\" content=\"Goran Kurevija\" \/>\n<meta name=\"twitter:card\" content=\"summary_large_image\" \/>\n<meta name=\"twitter:label1\" content=\"Napisao\/la\" \/>\n\t<meta name=\"twitter:data1\" content=\"Goran Kurevija\" \/>\n\t<meta name=\"twitter:label2\" content=\"Procijenjeno vrijeme \u010ditanja\" \/>\n\t<meta name=\"twitter:data2\" content=\"4 minute\" \/>\n<script type=\"application\/ld+json\" class=\"yoast-schema-graph\">{\"@context\":\"https:\\\/\\\/schema.org\",\"@graph\":[{\"@type\":\"Article\",\"@id\":\"https:\\\/\\\/hsls.hr\\\/web\\\/hsls-sinj-poljoprivreda-je-ozbiljna-gospodarska-djelatnost-a-ne-socijalna-politika\\\/#article\",\"isPartOf\":{\"@id\":\"https:\\\/\\\/hsls.hr\\\/web\\\/hsls-sinj-poljoprivreda-je-ozbiljna-gospodarska-djelatnost-a-ne-socijalna-politika\\\/\"},\"author\":{\"name\":\"Goran Kurevija\",\"@id\":\"https:\\\/\\\/hsls.hr\\\/web\\\/#\\\/schema\\\/person\\\/888bae21f60f75871ef73376110e0f25\"},\"headline\":\"HSLS SINJ: Poljoprivreda je ozbiljna gospodarska djelatnost, a ne socijalna politika!\",\"datePublished\":\"2025-01-29T09:48:55+00:00\",\"dateModified\":\"2025-01-29T09:51:00+00:00\",\"mainEntityOfPage\":{\"@id\":\"https:\\\/\\\/hsls.hr\\\/web\\\/hsls-sinj-poljoprivreda-je-ozbiljna-gospodarska-djelatnost-a-ne-socijalna-politika\\\/\"},\"wordCount\":659,\"image\":{\"@id\":\"https:\\\/\\\/hsls.hr\\\/web\\\/hsls-sinj-poljoprivreda-je-ozbiljna-gospodarska-djelatnost-a-ne-socijalna-politika\\\/#primaryimage\"},\"thumbnailUrl\":\"https:\\\/\\\/hsls.hr\\\/web\\\/wp-content\\\/uploads\\\/2024\\\/06\\\/tomo-kk.jpg\",\"articleSection\":[\"Nacionalno\"],\"inLanguage\":\"hr\"},{\"@type\":\"WebPage\",\"@id\":\"https:\\\/\\\/hsls.hr\\\/web\\\/hsls-sinj-poljoprivreda-je-ozbiljna-gospodarska-djelatnost-a-ne-socijalna-politika\\\/\",\"url\":\"https:\\\/\\\/hsls.hr\\\/web\\\/hsls-sinj-poljoprivreda-je-ozbiljna-gospodarska-djelatnost-a-ne-socijalna-politika\\\/\",\"name\":\"HSLS SINJ: Poljoprivreda je ozbiljna gospodarska djelatnost, a ne socijalna politika! - HSLS\",\"isPartOf\":{\"@id\":\"https:\\\/\\\/hsls.hr\\\/web\\\/#website\"},\"primaryImageOfPage\":{\"@id\":\"https:\\\/\\\/hsls.hr\\\/web\\\/hsls-sinj-poljoprivreda-je-ozbiljna-gospodarska-djelatnost-a-ne-socijalna-politika\\\/#primaryimage\"},\"image\":{\"@id\":\"https:\\\/\\\/hsls.hr\\\/web\\\/hsls-sinj-poljoprivreda-je-ozbiljna-gospodarska-djelatnost-a-ne-socijalna-politika\\\/#primaryimage\"},\"thumbnailUrl\":\"https:\\\/\\\/hsls.hr\\\/web\\\/wp-content\\\/uploads\\\/2024\\\/06\\\/tomo-kk.jpg\",\"datePublished\":\"2025-01-29T09:48:55+00:00\",\"dateModified\":\"2025-01-29T09:51:00+00:00\",\"author\":{\"@id\":\"https:\\\/\\\/hsls.hr\\\/web\\\/#\\\/schema\\\/person\\\/888bae21f60f75871ef73376110e0f25\"},\"breadcrumb\":{\"@id\":\"https:\\\/\\\/hsls.hr\\\/web\\\/hsls-sinj-poljoprivreda-je-ozbiljna-gospodarska-djelatnost-a-ne-socijalna-politika\\\/#breadcrumb\"},\"inLanguage\":\"hr\",\"potentialAction\":[{\"@type\":\"ReadAction\",\"target\":[\"https:\\\/\\\/hsls.hr\\\/web\\\/hsls-sinj-poljoprivreda-je-ozbiljna-gospodarska-djelatnost-a-ne-socijalna-politika\\\/\"]}]},{\"@type\":\"ImageObject\",\"inLanguage\":\"hr\",\"@id\":\"https:\\\/\\\/hsls.hr\\\/web\\\/hsls-sinj-poljoprivreda-je-ozbiljna-gospodarska-djelatnost-a-ne-socijalna-politika\\\/#primaryimage\",\"url\":\"https:\\\/\\\/hsls.hr\\\/web\\\/wp-content\\\/uploads\\\/2024\\\/06\\\/tomo-kk.jpg\",\"contentUrl\":\"https:\\\/\\\/hsls.hr\\\/web\\\/wp-content\\\/uploads\\\/2024\\\/06\\\/tomo-kk.jpg\",\"width\":610,\"height\":345},{\"@type\":\"BreadcrumbList\",\"@id\":\"https:\\\/\\\/hsls.hr\\\/web\\\/hsls-sinj-poljoprivreda-je-ozbiljna-gospodarska-djelatnost-a-ne-socijalna-politika\\\/#breadcrumb\",\"itemListElement\":[{\"@type\":\"ListItem\",\"position\":1,\"name\":\"Po\u010detna stranica\",\"item\":\"https:\\\/\\\/hsls.hr\\\/web\\\/\"},{\"@type\":\"ListItem\",\"position\":2,\"name\":\"HSLS SINJ: Poljoprivreda je ozbiljna gospodarska djelatnost, a ne socijalna politika!\"}]},{\"@type\":\"WebSite\",\"@id\":\"https:\\\/\\\/hsls.hr\\\/web\\\/#website\",\"url\":\"https:\\\/\\\/hsls.hr\\\/web\\\/\",\"name\":\"HSLS\",\"description\":\"Hrvatska socijalno-liberalna stranka\",\"potentialAction\":[{\"@type\":\"SearchAction\",\"target\":{\"@type\":\"EntryPoint\",\"urlTemplate\":\"https:\\\/\\\/hsls.hr\\\/web\\\/?s={search_term_string}\"},\"query-input\":{\"@type\":\"PropertyValueSpecification\",\"valueRequired\":true,\"valueName\":\"search_term_string\"}}],\"inLanguage\":\"hr\"},{\"@type\":\"Person\",\"@id\":\"https:\\\/\\\/hsls.hr\\\/web\\\/#\\\/schema\\\/person\\\/888bae21f60f75871ef73376110e0f25\",\"name\":\"Goran Kurevija\",\"image\":{\"@type\":\"ImageObject\",\"inLanguage\":\"hr\",\"@id\":\"https:\\\/\\\/secure.gravatar.com\\\/avatar\\\/6b1f2afe416aa12538a6c62f93829110ce5c7bff351ace5f03a51bac4ad75ccf?s=96&d=mm&r=g\",\"url\":\"https:\\\/\\\/secure.gravatar.com\\\/avatar\\\/6b1f2afe416aa12538a6c62f93829110ce5c7bff351ace5f03a51bac4ad75ccf?s=96&d=mm&r=g\",\"contentUrl\":\"https:\\\/\\\/secure.gravatar.com\\\/avatar\\\/6b1f2afe416aa12538a6c62f93829110ce5c7bff351ace5f03a51bac4ad75ccf?s=96&d=mm&r=g\",\"caption\":\"Goran Kurevija\"},\"url\":\"https:\\\/\\\/hsls.hr\\\/web\\\/author\\\/gkurevija\\\/\"}]}<\/script>\n<!-- \/ Yoast SEO plugin. -->","yoast_head_json":{"title":"HSLS SINJ: Poljoprivreda je ozbiljna gospodarska djelatnost, a ne socijalna politika! - HSLS","robots":{"index":"index","follow":"follow","max-snippet":"max-snippet:-1","max-image-preview":"max-image-preview:large","max-video-preview":"max-video-preview:-1"},"canonical":"https:\/\/hsls.hr\/web\/hsls-sinj-poljoprivreda-je-ozbiljna-gospodarska-djelatnost-a-ne-socijalna-politika\/","og_locale":"hr_HR","og_type":"article","og_title":"HSLS SINJ: Poljoprivreda je ozbiljna gospodarska djelatnost, a ne socijalna politika! - HSLS","og_description":"Po\u0161tovani gra\u0111ani Grada Sinja, pred nama su lokalni izbori koji \u0107e se odr\u017eati u svibnju ove godine. HSLS Sinj \u017eeli ovim priop\u0107enjem po\u010deti seriju priop\u0107enja kojima \u0107emo prezentirati svoju politi\u010dku&hellip;","og_url":"https:\/\/hsls.hr\/web\/hsls-sinj-poljoprivreda-je-ozbiljna-gospodarska-djelatnost-a-ne-socijalna-politika\/","og_site_name":"HSLS","article_published_time":"2025-01-29T09:48:55+00:00","article_modified_time":"2025-01-29T09:51:00+00:00","og_image":[{"width":610,"height":345,"url":"https:\/\/hsls.hr\/web\/wp-content\/uploads\/2024\/06\/tomo-kk.jpg","type":"image\/jpeg"}],"author":"Goran Kurevija","twitter_card":"summary_large_image","twitter_misc":{"Napisao\/la":"Goran Kurevija","Procijenjeno vrijeme \u010ditanja":"4 minute"},"schema":{"@context":"https:\/\/schema.org","@graph":[{"@type":"Article","@id":"https:\/\/hsls.hr\/web\/hsls-sinj-poljoprivreda-je-ozbiljna-gospodarska-djelatnost-a-ne-socijalna-politika\/#article","isPartOf":{"@id":"https:\/\/hsls.hr\/web\/hsls-sinj-poljoprivreda-je-ozbiljna-gospodarska-djelatnost-a-ne-socijalna-politika\/"},"author":{"name":"Goran Kurevija","@id":"https:\/\/hsls.hr\/web\/#\/schema\/person\/888bae21f60f75871ef73376110e0f25"},"headline":"HSLS SINJ: Poljoprivreda je ozbiljna gospodarska djelatnost, a ne socijalna politika!","datePublished":"2025-01-29T09:48:55+00:00","dateModified":"2025-01-29T09:51:00+00:00","mainEntityOfPage":{"@id":"https:\/\/hsls.hr\/web\/hsls-sinj-poljoprivreda-je-ozbiljna-gospodarska-djelatnost-a-ne-socijalna-politika\/"},"wordCount":659,"image":{"@id":"https:\/\/hsls.hr\/web\/hsls-sinj-poljoprivreda-je-ozbiljna-gospodarska-djelatnost-a-ne-socijalna-politika\/#primaryimage"},"thumbnailUrl":"https:\/\/hsls.hr\/web\/wp-content\/uploads\/2024\/06\/tomo-kk.jpg","articleSection":["Nacionalno"],"inLanguage":"hr"},{"@type":"WebPage","@id":"https:\/\/hsls.hr\/web\/hsls-sinj-poljoprivreda-je-ozbiljna-gospodarska-djelatnost-a-ne-socijalna-politika\/","url":"https:\/\/hsls.hr\/web\/hsls-sinj-poljoprivreda-je-ozbiljna-gospodarska-djelatnost-a-ne-socijalna-politika\/","name":"HSLS SINJ: Poljoprivreda je ozbiljna gospodarska djelatnost, a ne socijalna politika! - HSLS","isPartOf":{"@id":"https:\/\/hsls.hr\/web\/#website"},"primaryImageOfPage":{"@id":"https:\/\/hsls.hr\/web\/hsls-sinj-poljoprivreda-je-ozbiljna-gospodarska-djelatnost-a-ne-socijalna-politika\/#primaryimage"},"image":{"@id":"https:\/\/hsls.hr\/web\/hsls-sinj-poljoprivreda-je-ozbiljna-gospodarska-djelatnost-a-ne-socijalna-politika\/#primaryimage"},"thumbnailUrl":"https:\/\/hsls.hr\/web\/wp-content\/uploads\/2024\/06\/tomo-kk.jpg","datePublished":"2025-01-29T09:48:55+00:00","dateModified":"2025-01-29T09:51:00+00:00","author":{"@id":"https:\/\/hsls.hr\/web\/#\/schema\/person\/888bae21f60f75871ef73376110e0f25"},"breadcrumb":{"@id":"https:\/\/hsls.hr\/web\/hsls-sinj-poljoprivreda-je-ozbiljna-gospodarska-djelatnost-a-ne-socijalna-politika\/#breadcrumb"},"inLanguage":"hr","potentialAction":[{"@type":"ReadAction","target":["https:\/\/hsls.hr\/web\/hsls-sinj-poljoprivreda-je-ozbiljna-gospodarska-djelatnost-a-ne-socijalna-politika\/"]}]},{"@type":"ImageObject","inLanguage":"hr","@id":"https:\/\/hsls.hr\/web\/hsls-sinj-poljoprivreda-je-ozbiljna-gospodarska-djelatnost-a-ne-socijalna-politika\/#primaryimage","url":"https:\/\/hsls.hr\/web\/wp-content\/uploads\/2024\/06\/tomo-kk.jpg","contentUrl":"https:\/\/hsls.hr\/web\/wp-content\/uploads\/2024\/06\/tomo-kk.jpg","width":610,"height":345},{"@type":"BreadcrumbList","@id":"https:\/\/hsls.hr\/web\/hsls-sinj-poljoprivreda-je-ozbiljna-gospodarska-djelatnost-a-ne-socijalna-politika\/#breadcrumb","itemListElement":[{"@type":"ListItem","position":1,"name":"Po\u010detna stranica","item":"https:\/\/hsls.hr\/web\/"},{"@type":"ListItem","position":2,"name":"HSLS SINJ: Poljoprivreda je ozbiljna gospodarska djelatnost, a ne socijalna politika!"}]},{"@type":"WebSite","@id":"https:\/\/hsls.hr\/web\/#website","url":"https:\/\/hsls.hr\/web\/","name":"HSLS","description":"Hrvatska socijalno-liberalna stranka","potentialAction":[{"@type":"SearchAction","target":{"@type":"EntryPoint","urlTemplate":"https:\/\/hsls.hr\/web\/?s={search_term_string}"},"query-input":{"@type":"PropertyValueSpecification","valueRequired":true,"valueName":"search_term_string"}}],"inLanguage":"hr"},{"@type":"Person","@id":"https:\/\/hsls.hr\/web\/#\/schema\/person\/888bae21f60f75871ef73376110e0f25","name":"Goran Kurevija","image":{"@type":"ImageObject","inLanguage":"hr","@id":"https:\/\/secure.gravatar.com\/avatar\/6b1f2afe416aa12538a6c62f93829110ce5c7bff351ace5f03a51bac4ad75ccf?s=96&d=mm&r=g","url":"https:\/\/secure.gravatar.com\/avatar\/6b1f2afe416aa12538a6c62f93829110ce5c7bff351ace5f03a51bac4ad75ccf?s=96&d=mm&r=g","contentUrl":"https:\/\/secure.gravatar.com\/avatar\/6b1f2afe416aa12538a6c62f93829110ce5c7bff351ace5f03a51bac4ad75ccf?s=96&d=mm&r=g","caption":"Goran Kurevija"},"url":"https:\/\/hsls.hr\/web\/author\/gkurevija\/"}]}},"_links":{"self":[{"href":"https:\/\/hsls.hr\/web\/wp-json\/wp\/v2\/posts\/6560","targetHints":{"allow":["GET"]}}],"collection":[{"href":"https:\/\/hsls.hr\/web\/wp-json\/wp\/v2\/posts"}],"about":[{"href":"https:\/\/hsls.hr\/web\/wp-json\/wp\/v2\/types\/post"}],"author":[{"embeddable":true,"href":"https:\/\/hsls.hr\/web\/wp-json\/wp\/v2\/users\/8"}],"replies":[{"embeddable":true,"href":"https:\/\/hsls.hr\/web\/wp-json\/wp\/v2\/comments?post=6560"}],"version-history":[{"count":1,"href":"https:\/\/hsls.hr\/web\/wp-json\/wp\/v2\/posts\/6560\/revisions"}],"predecessor-version":[{"id":6561,"href":"https:\/\/hsls.hr\/web\/wp-json\/wp\/v2\/posts\/6560\/revisions\/6561"}],"wp:featuredmedia":[{"embeddable":true,"href":"https:\/\/hsls.hr\/web\/wp-json\/wp\/v2\/media\/6221"}],"wp:attachment":[{"href":"https:\/\/hsls.hr\/web\/wp-json\/wp\/v2\/media?parent=6560"}],"wp:term":[{"taxonomy":"category","embeddable":true,"href":"https:\/\/hsls.hr\/web\/wp-json\/wp\/v2\/categories?post=6560"},{"taxonomy":"post_tag","embeddable":true,"href":"https:\/\/hsls.hr\/web\/wp-json\/wp\/v2\/tags?post=6560"}],"curies":[{"name":"wp","href":"https:\/\/api.w.org\/{rel}","templated":true}]}}