{"id":6526,"date":"2025-01-09T11:59:55","date_gmt":"2025-01-09T11:59:55","guid":{"rendered":"https:\/\/hsls.hr\/web\/?p=6526"},"modified":"2025-01-09T14:35:14","modified_gmt":"2025-01-09T14:35:14","slug":"izaslanstvo-hsls-a-na-sastanku-s-vodstvom-hrvatske-narodne-banke","status":"publish","type":"post","link":"https:\/\/hsls.hr\/web\/izaslanstvo-hsls-a-na-sastanku-s-vodstvom-hrvatske-narodne-banke\/","title":{"rendered":"Izaslanstvo HSLS-a na sastanku s vodstvom Hrvatske narodne banke"},"content":{"rendered":"\r\n\r\nU utorak, 8. sije\u010dnja 2025. godine, na poziv guvernera <strong>Borisa Vuj\u010di\u0107a<\/strong>, izaslanstvo Kluba zastupnika HSLS-a u sjedi\u0161tu HNB-a odr\u017ealo je sastanak s vodstvom Hrvatske narodne banke.\r\nIzaslanstvo HSLS-a \u010dinili su <strong>Darko Klasi\u0107,<\/strong> predsjednik Kluba zastupnika HSLS-a u Hrvatskome saboru, <strong>Nevenka Lastri\u0107 \u0110uri\u0107<\/strong>, dr\u017eavna tajnica u Ministarstvu unutarnjih poslova, <strong>Goran Romek<\/strong>, dr\u017eavni tajnik u Ministarstvu gospodarstva te <strong>Goran Kurevija<\/strong>, tajnik Kluba zastupnika HSLS-a.\r\nRukovodstvo HNB-a, predvo\u0111eno guvernerom <strong>Borisom Vuj\u010di\u0107em<\/strong> i zamjenicom guvernera <strong>Sandrom \u0160valjek<\/strong>, detaljno je predstavilo izazove i rje\u0161enja s kojima se susre\u0107u, a u raspravi se posebno zanimljivom istaknula teme od digitalnom EUR-u te trendovima i rizicima ulaganja u kriptoimovinu.\r\nGlavne teme susreta bile su usporedba klju\u010dnih pokazatelja poslovanja banaka u RH i EU-u, uloga i aktivnost HNB-a u podru\u010dju sprje\u010davanja pranja novca i financiranja terorizma, kiberneti\u010dki rizici u bankarstvu te utjecaj kreditnog rejtinga na tro\u0161kove zadu\u017eivanja. Teme koje su nam prezentirane izuzetno su va\u017ene za na\u0161 budu\u0107i rad u Hrvatskome saboru i u Vladi RH. Predavanja su bila temeljita, jasna, stru\u010dno vo\u0111ena i nama vrlo korisna. Mi u HSLS-u veselimo se budu\u0107oj suradnji i nastavku suradnje i dijaloga.\r\n<div data-sliderid=\"43589\" id=\"penci-post-gallery__43589\" class=\"penci-post-gallery-container masonry column-3\" data-height=\"150\" data-margin=\"3\"><div class=\"inner-gallery-masonry-container\"><div class=\"item-gallery-masonry\"><a class=\"penci-gallery-ite item-link-relative\" href=\"https:\/\/hsls.hr\/web\/wp-content\/uploads\/2025\/01\/BBS_6477-scaled.jpg\"><div class=\"inner-item-masonry-gallery\"><span class=\"penci-isotope-padding\" style=\"padding-bottom:66.66666667%;\"><\/span><img decoding=\"async\" src=\"https:\/\/hsls.hr\/web\/wp-content\/uploads\/2025\/01\/BBS_6477-585x390.jpg\" alt=\"\" title=\"BBS_6477\"><\/div><\/a><\/div><div class=\"item-gallery-masonry\"><a class=\"penci-gallery-ite item-link-relative\" href=\"https:\/\/hsls.hr\/web\/wp-content\/uploads\/2025\/01\/Banka-1-scaled.jpg\"><div class=\"inner-item-masonry-gallery\"><span class=\"penci-isotope-padding\" style=\"padding-bottom:68.71794872%;\"><\/span><img decoding=\"async\" src=\"https:\/\/hsls.hr\/web\/wp-content\/uploads\/2025\/01\/Banka-1-585x402.jpg\" alt=\"\" title=\"Banka 1\"><\/div><\/a><\/div><div class=\"item-gallery-masonry\"><a class=\"penci-gallery-ite item-link-relative\" href=\"https:\/\/hsls.hr\/web\/wp-content\/uploads\/2025\/01\/BBS_6444-scaled.jpg\"><div class=\"inner-item-masonry-gallery\"><span class=\"penci-isotope-padding\" style=\"padding-bottom:66.66666667%;\"><\/span><img decoding=\"async\" src=\"https:\/\/hsls.hr\/web\/wp-content\/uploads\/2025\/01\/BBS_6444-585x390.jpg\" alt=\"\" title=\"BBS_6444\"><\/div><\/a><\/div><div class=\"item-gallery-masonry\"><a class=\"penci-gallery-ite item-link-relative\" href=\"https:\/\/hsls.hr\/web\/wp-content\/uploads\/2025\/01\/BBS_6474-scaled.jpg\"><div class=\"inner-item-masonry-gallery\"><span class=\"penci-isotope-padding\" style=\"padding-bottom:66.66666667%;\"><\/span><img decoding=\"async\" src=\"https:\/\/hsls.hr\/web\/wp-content\/uploads\/2025\/01\/BBS_6474-585x390.jpg\" alt=\"\" title=\"BBS_6474\"><\/div><\/a><\/div><\/div><\/div>\r\n\r\n","protected":false},"excerpt":{"rendered":"<p>U utorak, 8. sije\u010dnja 2025. godine, na poziv guvernera Borisa Vuj\u010di\u0107a, izaslanstvo Kluba zastupnika HSLS-a u sjedi\u0161tu HNB-a odr\u017ealo je sastanak s vodstvom Hrvatske narodne banke. Izaslanstvo HSLS-a \u010dinili su&hellip;<\/p>\n","protected":false},"author":8,"featured_media":6527,"comment_status":"closed","ping_status":"open","sticky":false,"template":"","format":"standard","meta":{"_lmt_disableupdate":"","_lmt_disable":"","footnotes":""},"categories":[1],"tags":[],"class_list":["post-6526","post","type-post","status-publish","format-standard","has-post-thumbnail","hentry","category-nacionalne-vijesti"],"yoast_head":"<!-- This site is optimized with the Yoast SEO plugin v27.4 - https:\/\/yoast.com\/product\/yoast-seo-wordpress\/ -->\n<title>Izaslanstvo HSLS-a na sastanku s vodstvom Hrvatske narodne banke - HSLS<\/title>\n<meta name=\"robots\" content=\"index, follow, max-snippet:-1, max-image-preview:large, max-video-preview:-1\" \/>\n<link rel=\"canonical\" href=\"https:\/\/hsls.hr\/web\/izaslanstvo-hsls-a-na-sastanku-s-vodstvom-hrvatske-narodne-banke\/\" \/>\n<meta property=\"og:locale\" content=\"hr_HR\" \/>\n<meta property=\"og:type\" content=\"article\" \/>\n<meta property=\"og:title\" content=\"Izaslanstvo HSLS-a na sastanku s vodstvom Hrvatske narodne banke - HSLS\" \/>\n<meta property=\"og:description\" content=\"U utorak, 8. sije\u010dnja 2025. godine, na poziv guvernera Borisa Vuj\u010di\u0107a, izaslanstvo Kluba zastupnika HSLS-a u sjedi\u0161tu HNB-a odr\u017ealo je sastanak s vodstvom Hrvatske narodne banke. Izaslanstvo HSLS-a \u010dinili su&hellip;\" \/>\n<meta property=\"og:url\" content=\"https:\/\/hsls.hr\/web\/izaslanstvo-hsls-a-na-sastanku-s-vodstvom-hrvatske-narodne-banke\/\" \/>\n<meta property=\"og:site_name\" content=\"HSLS\" \/>\n<meta property=\"article:published_time\" content=\"2025-01-09T11:59:55+00:00\" \/>\n<meta property=\"article:modified_time\" content=\"2025-01-09T14:35:14+00:00\" \/>\n<meta property=\"og:image\" content=\"https:\/\/hsls.hr\/web\/wp-content\/uploads\/2025\/01\/Banka-1-scaled.jpg\" \/>\n\t<meta property=\"og:image:width\" content=\"2560\" \/>\n\t<meta property=\"og:image:height\" content=\"1757\" \/>\n\t<meta property=\"og:image:type\" content=\"image\/jpeg\" \/>\n<meta name=\"author\" content=\"Goran Kurevija\" \/>\n<meta name=\"twitter:card\" content=\"summary_large_image\" \/>\n<meta name=\"twitter:label1\" content=\"Napisao\/la\" \/>\n\t<meta name=\"twitter:data1\" content=\"Goran Kurevija\" \/>\n\t<meta name=\"twitter:label2\" content=\"Procijenjeno vrijeme \u010ditanja\" \/>\n\t<meta name=\"twitter:data2\" content=\"2 minute\" \/>\n<script type=\"application\/ld+json\" class=\"yoast-schema-graph\">{\"@context\":\"https:\\\/\\\/schema.org\",\"@graph\":[{\"@type\":\"Article\",\"@id\":\"https:\\\/\\\/hsls.hr\\\/web\\\/izaslanstvo-hsls-a-na-sastanku-s-vodstvom-hrvatske-narodne-banke\\\/#article\",\"isPartOf\":{\"@id\":\"https:\\\/\\\/hsls.hr\\\/web\\\/izaslanstvo-hsls-a-na-sastanku-s-vodstvom-hrvatske-narodne-banke\\\/\"},\"author\":{\"name\":\"Goran Kurevija\",\"@id\":\"https:\\\/\\\/hsls.hr\\\/web\\\/#\\\/schema\\\/person\\\/888bae21f60f75871ef73376110e0f25\"},\"headline\":\"Izaslanstvo HSLS-a na sastanku s vodstvom Hrvatske narodne banke\",\"datePublished\":\"2025-01-09T11:59:55+00:00\",\"dateModified\":\"2025-01-09T14:35:14+00:00\",\"mainEntityOfPage\":{\"@id\":\"https:\\\/\\\/hsls.hr\\\/web\\\/izaslanstvo-hsls-a-na-sastanku-s-vodstvom-hrvatske-narodne-banke\\\/\"},\"wordCount\":214,\"image\":{\"@id\":\"https:\\\/\\\/hsls.hr\\\/web\\\/izaslanstvo-hsls-a-na-sastanku-s-vodstvom-hrvatske-narodne-banke\\\/#primaryimage\"},\"thumbnailUrl\":\"https:\\\/\\\/hsls.hr\\\/web\\\/wp-content\\\/uploads\\\/2025\\\/01\\\/Banka-1-scaled.jpg\",\"articleSection\":[\"Nacionalno\"],\"inLanguage\":\"hr\"},{\"@type\":\"WebPage\",\"@id\":\"https:\\\/\\\/hsls.hr\\\/web\\\/izaslanstvo-hsls-a-na-sastanku-s-vodstvom-hrvatske-narodne-banke\\\/\",\"url\":\"https:\\\/\\\/hsls.hr\\\/web\\\/izaslanstvo-hsls-a-na-sastanku-s-vodstvom-hrvatske-narodne-banke\\\/\",\"name\":\"Izaslanstvo HSLS-a na sastanku s vodstvom Hrvatske narodne banke - HSLS\",\"isPartOf\":{\"@id\":\"https:\\\/\\\/hsls.hr\\\/web\\\/#website\"},\"primaryImageOfPage\":{\"@id\":\"https:\\\/\\\/hsls.hr\\\/web\\\/izaslanstvo-hsls-a-na-sastanku-s-vodstvom-hrvatske-narodne-banke\\\/#primaryimage\"},\"image\":{\"@id\":\"https:\\\/\\\/hsls.hr\\\/web\\\/izaslanstvo-hsls-a-na-sastanku-s-vodstvom-hrvatske-narodne-banke\\\/#primaryimage\"},\"thumbnailUrl\":\"https:\\\/\\\/hsls.hr\\\/web\\\/wp-content\\\/uploads\\\/2025\\\/01\\\/Banka-1-scaled.jpg\",\"datePublished\":\"2025-01-09T11:59:55+00:00\",\"dateModified\":\"2025-01-09T14:35:14+00:00\",\"author\":{\"@id\":\"https:\\\/\\\/hsls.hr\\\/web\\\/#\\\/schema\\\/person\\\/888bae21f60f75871ef73376110e0f25\"},\"breadcrumb\":{\"@id\":\"https:\\\/\\\/hsls.hr\\\/web\\\/izaslanstvo-hsls-a-na-sastanku-s-vodstvom-hrvatske-narodne-banke\\\/#breadcrumb\"},\"inLanguage\":\"hr\",\"potentialAction\":[{\"@type\":\"ReadAction\",\"target\":[\"https:\\\/\\\/hsls.hr\\\/web\\\/izaslanstvo-hsls-a-na-sastanku-s-vodstvom-hrvatske-narodne-banke\\\/\"]}]},{\"@type\":\"ImageObject\",\"inLanguage\":\"hr\",\"@id\":\"https:\\\/\\\/hsls.hr\\\/web\\\/izaslanstvo-hsls-a-na-sastanku-s-vodstvom-hrvatske-narodne-banke\\\/#primaryimage\",\"url\":\"https:\\\/\\\/hsls.hr\\\/web\\\/wp-content\\\/uploads\\\/2025\\\/01\\\/Banka-1-scaled.jpg\",\"contentUrl\":\"https:\\\/\\\/hsls.hr\\\/web\\\/wp-content\\\/uploads\\\/2025\\\/01\\\/Banka-1-scaled.jpg\",\"width\":2560,\"height\":1757},{\"@type\":\"BreadcrumbList\",\"@id\":\"https:\\\/\\\/hsls.hr\\\/web\\\/izaslanstvo-hsls-a-na-sastanku-s-vodstvom-hrvatske-narodne-banke\\\/#breadcrumb\",\"itemListElement\":[{\"@type\":\"ListItem\",\"position\":1,\"name\":\"Po\u010detna stranica\",\"item\":\"https:\\\/\\\/hsls.hr\\\/web\\\/\"},{\"@type\":\"ListItem\",\"position\":2,\"name\":\"Izaslanstvo HSLS-a na sastanku s vodstvom Hrvatske narodne banke\"}]},{\"@type\":\"WebSite\",\"@id\":\"https:\\\/\\\/hsls.hr\\\/web\\\/#website\",\"url\":\"https:\\\/\\\/hsls.hr\\\/web\\\/\",\"name\":\"HSLS\",\"description\":\"Hrvatska socijalno-liberalna stranka\",\"potentialAction\":[{\"@type\":\"SearchAction\",\"target\":{\"@type\":\"EntryPoint\",\"urlTemplate\":\"https:\\\/\\\/hsls.hr\\\/web\\\/?s={search_term_string}\"},\"query-input\":{\"@type\":\"PropertyValueSpecification\",\"valueRequired\":true,\"valueName\":\"search_term_string\"}}],\"inLanguage\":\"hr\"},{\"@type\":\"Person\",\"@id\":\"https:\\\/\\\/hsls.hr\\\/web\\\/#\\\/schema\\\/person\\\/888bae21f60f75871ef73376110e0f25\",\"name\":\"Goran Kurevija\",\"image\":{\"@type\":\"ImageObject\",\"inLanguage\":\"hr\",\"@id\":\"https:\\\/\\\/secure.gravatar.com\\\/avatar\\\/6b1f2afe416aa12538a6c62f93829110ce5c7bff351ace5f03a51bac4ad75ccf?s=96&d=mm&r=g\",\"url\":\"https:\\\/\\\/secure.gravatar.com\\\/avatar\\\/6b1f2afe416aa12538a6c62f93829110ce5c7bff351ace5f03a51bac4ad75ccf?s=96&d=mm&r=g\",\"contentUrl\":\"https:\\\/\\\/secure.gravatar.com\\\/avatar\\\/6b1f2afe416aa12538a6c62f93829110ce5c7bff351ace5f03a51bac4ad75ccf?s=96&d=mm&r=g\",\"caption\":\"Goran Kurevija\"},\"url\":\"https:\\\/\\\/hsls.hr\\\/web\\\/author\\\/gkurevija\\\/\"}]}<\/script>\n<!-- \/ Yoast SEO plugin. -->","yoast_head_json":{"title":"Izaslanstvo HSLS-a na sastanku s vodstvom Hrvatske narodne banke - HSLS","robots":{"index":"index","follow":"follow","max-snippet":"max-snippet:-1","max-image-preview":"max-image-preview:large","max-video-preview":"max-video-preview:-1"},"canonical":"https:\/\/hsls.hr\/web\/izaslanstvo-hsls-a-na-sastanku-s-vodstvom-hrvatske-narodne-banke\/","og_locale":"hr_HR","og_type":"article","og_title":"Izaslanstvo HSLS-a na sastanku s vodstvom Hrvatske narodne banke - HSLS","og_description":"U utorak, 8. sije\u010dnja 2025. godine, na poziv guvernera Borisa Vuj\u010di\u0107a, izaslanstvo Kluba zastupnika HSLS-a u sjedi\u0161tu HNB-a odr\u017ealo je sastanak s vodstvom Hrvatske narodne banke. Izaslanstvo HSLS-a \u010dinili su&hellip;","og_url":"https:\/\/hsls.hr\/web\/izaslanstvo-hsls-a-na-sastanku-s-vodstvom-hrvatske-narodne-banke\/","og_site_name":"HSLS","article_published_time":"2025-01-09T11:59:55+00:00","article_modified_time":"2025-01-09T14:35:14+00:00","og_image":[{"width":2560,"height":1757,"url":"https:\/\/hsls.hr\/web\/wp-content\/uploads\/2025\/01\/Banka-1-scaled.jpg","type":"image\/jpeg"}],"author":"Goran Kurevija","twitter_card":"summary_large_image","twitter_misc":{"Napisao\/la":"Goran Kurevija","Procijenjeno vrijeme \u010ditanja":"2 minute"},"schema":{"@context":"https:\/\/schema.org","@graph":[{"@type":"Article","@id":"https:\/\/hsls.hr\/web\/izaslanstvo-hsls-a-na-sastanku-s-vodstvom-hrvatske-narodne-banke\/#article","isPartOf":{"@id":"https:\/\/hsls.hr\/web\/izaslanstvo-hsls-a-na-sastanku-s-vodstvom-hrvatske-narodne-banke\/"},"author":{"name":"Goran Kurevija","@id":"https:\/\/hsls.hr\/web\/#\/schema\/person\/888bae21f60f75871ef73376110e0f25"},"headline":"Izaslanstvo HSLS-a na sastanku s vodstvom Hrvatske narodne banke","datePublished":"2025-01-09T11:59:55+00:00","dateModified":"2025-01-09T14:35:14+00:00","mainEntityOfPage":{"@id":"https:\/\/hsls.hr\/web\/izaslanstvo-hsls-a-na-sastanku-s-vodstvom-hrvatske-narodne-banke\/"},"wordCount":214,"image":{"@id":"https:\/\/hsls.hr\/web\/izaslanstvo-hsls-a-na-sastanku-s-vodstvom-hrvatske-narodne-banke\/#primaryimage"},"thumbnailUrl":"https:\/\/hsls.hr\/web\/wp-content\/uploads\/2025\/01\/Banka-1-scaled.jpg","articleSection":["Nacionalno"],"inLanguage":"hr"},{"@type":"WebPage","@id":"https:\/\/hsls.hr\/web\/izaslanstvo-hsls-a-na-sastanku-s-vodstvom-hrvatske-narodne-banke\/","url":"https:\/\/hsls.hr\/web\/izaslanstvo-hsls-a-na-sastanku-s-vodstvom-hrvatske-narodne-banke\/","name":"Izaslanstvo HSLS-a na sastanku s vodstvom Hrvatske narodne banke - HSLS","isPartOf":{"@id":"https:\/\/hsls.hr\/web\/#website"},"primaryImageOfPage":{"@id":"https:\/\/hsls.hr\/web\/izaslanstvo-hsls-a-na-sastanku-s-vodstvom-hrvatske-narodne-banke\/#primaryimage"},"image":{"@id":"https:\/\/hsls.hr\/web\/izaslanstvo-hsls-a-na-sastanku-s-vodstvom-hrvatske-narodne-banke\/#primaryimage"},"thumbnailUrl":"https:\/\/hsls.hr\/web\/wp-content\/uploads\/2025\/01\/Banka-1-scaled.jpg","datePublished":"2025-01-09T11:59:55+00:00","dateModified":"2025-01-09T14:35:14+00:00","author":{"@id":"https:\/\/hsls.hr\/web\/#\/schema\/person\/888bae21f60f75871ef73376110e0f25"},"breadcrumb":{"@id":"https:\/\/hsls.hr\/web\/izaslanstvo-hsls-a-na-sastanku-s-vodstvom-hrvatske-narodne-banke\/#breadcrumb"},"inLanguage":"hr","potentialAction":[{"@type":"ReadAction","target":["https:\/\/hsls.hr\/web\/izaslanstvo-hsls-a-na-sastanku-s-vodstvom-hrvatske-narodne-banke\/"]}]},{"@type":"ImageObject","inLanguage":"hr","@id":"https:\/\/hsls.hr\/web\/izaslanstvo-hsls-a-na-sastanku-s-vodstvom-hrvatske-narodne-banke\/#primaryimage","url":"https:\/\/hsls.hr\/web\/wp-content\/uploads\/2025\/01\/Banka-1-scaled.jpg","contentUrl":"https:\/\/hsls.hr\/web\/wp-content\/uploads\/2025\/01\/Banka-1-scaled.jpg","width":2560,"height":1757},{"@type":"BreadcrumbList","@id":"https:\/\/hsls.hr\/web\/izaslanstvo-hsls-a-na-sastanku-s-vodstvom-hrvatske-narodne-banke\/#breadcrumb","itemListElement":[{"@type":"ListItem","position":1,"name":"Po\u010detna stranica","item":"https:\/\/hsls.hr\/web\/"},{"@type":"ListItem","position":2,"name":"Izaslanstvo HSLS-a na sastanku s vodstvom Hrvatske narodne banke"}]},{"@type":"WebSite","@id":"https:\/\/hsls.hr\/web\/#website","url":"https:\/\/hsls.hr\/web\/","name":"HSLS","description":"Hrvatska socijalno-liberalna stranka","potentialAction":[{"@type":"SearchAction","target":{"@type":"EntryPoint","urlTemplate":"https:\/\/hsls.hr\/web\/?s={search_term_string}"},"query-input":{"@type":"PropertyValueSpecification","valueRequired":true,"valueName":"search_term_string"}}],"inLanguage":"hr"},{"@type":"Person","@id":"https:\/\/hsls.hr\/web\/#\/schema\/person\/888bae21f60f75871ef73376110e0f25","name":"Goran Kurevija","image":{"@type":"ImageObject","inLanguage":"hr","@id":"https:\/\/secure.gravatar.com\/avatar\/6b1f2afe416aa12538a6c62f93829110ce5c7bff351ace5f03a51bac4ad75ccf?s=96&d=mm&r=g","url":"https:\/\/secure.gravatar.com\/avatar\/6b1f2afe416aa12538a6c62f93829110ce5c7bff351ace5f03a51bac4ad75ccf?s=96&d=mm&r=g","contentUrl":"https:\/\/secure.gravatar.com\/avatar\/6b1f2afe416aa12538a6c62f93829110ce5c7bff351ace5f03a51bac4ad75ccf?s=96&d=mm&r=g","caption":"Goran Kurevija"},"url":"https:\/\/hsls.hr\/web\/author\/gkurevija\/"}]}},"_links":{"self":[{"href":"https:\/\/hsls.hr\/web\/wp-json\/wp\/v2\/posts\/6526","targetHints":{"allow":["GET"]}}],"collection":[{"href":"https:\/\/hsls.hr\/web\/wp-json\/wp\/v2\/posts"}],"about":[{"href":"https:\/\/hsls.hr\/web\/wp-json\/wp\/v2\/types\/post"}],"author":[{"embeddable":true,"href":"https:\/\/hsls.hr\/web\/wp-json\/wp\/v2\/users\/8"}],"replies":[{"embeddable":true,"href":"https:\/\/hsls.hr\/web\/wp-json\/wp\/v2\/comments?post=6526"}],"version-history":[{"count":7,"href":"https:\/\/hsls.hr\/web\/wp-json\/wp\/v2\/posts\/6526\/revisions"}],"predecessor-version":[{"id":6539,"href":"https:\/\/hsls.hr\/web\/wp-json\/wp\/v2\/posts\/6526\/revisions\/6539"}],"wp:featuredmedia":[{"embeddable":true,"href":"https:\/\/hsls.hr\/web\/wp-json\/wp\/v2\/media\/6527"}],"wp:attachment":[{"href":"https:\/\/hsls.hr\/web\/wp-json\/wp\/v2\/media?parent=6526"}],"wp:term":[{"taxonomy":"category","embeddable":true,"href":"https:\/\/hsls.hr\/web\/wp-json\/wp\/v2\/categories?post=6526"},{"taxonomy":"post_tag","embeddable":true,"href":"https:\/\/hsls.hr\/web\/wp-json\/wp\/v2\/tags?post=6526"}],"curies":[{"name":"wp","href":"https:\/\/api.w.org\/{rel}","templated":true}]}}