{"id":6424,"date":"2024-12-04T11:15:58","date_gmt":"2024-12-04T11:15:58","guid":{"rendered":"https:\/\/hsls.hr\/web\/?p=6424"},"modified":"2024-12-10T11:23:01","modified_gmt":"2024-12-10T11:23:01","slug":"dario-hrebak-lijecnici-moraju-birati-ili-javna-ili-privatna-klinika","status":"publish","type":"post","link":"https:\/\/hsls.hr\/web\/dario-hrebak-lijecnici-moraju-birati-ili-javna-ili-privatna-klinika\/","title":{"rendered":"Dario Hrebak: Lije\u010dnici moraju birati \u2013 ili javna ili privatna klinika"},"content":{"rendered":"\n<p>Prenosimo s portala: <a href=\"https:\/\/www.portalnovosti.com\/\">https:\/\/www.portalnovosti.com\/<\/a><br><a href=\"https:\/\/www.portalnovosti.com\/dario-hrebak-lijecnici-moraju-birati-ili-javna-ili-privatna-klinika\">https:\/\/www.portalnovosti.com\/dario-hrebak-lijecnici-moraju-birati-ili-javna-ili-privatna-klinika<\/a><\/p>\n\n\n\n<p><strong><em>Jednostavno, ne mo\u017ee se sjediti na dva stolca. Od mene kao liberala to je mo\u017eda prekruto re\u0107i, ali do\u0161li smo do toga da pojedinci pod krinkom la\u017ene slobode tr\u017ei\u0161ta i prava rada koriste situaciju, rade na dva mjesta, manipuliraju bolesnicima radi svoje koristi, a na \u0161tetu pacijenata, ka\u017ee predsjednik HSLS-a, saborski zastupnik i gradona\u010delnik Bjelovara.<\/em><\/strong><\/p>\n\n\n\n<p>I u tre\u0107em mandatu Andreja Plenkovi\u0107a HSLS je dio ve\u0107ine. Dario Hrebak gradona\u010delnik je Bjelovara, saborski zastupnik i predsjednik stranke koja ima dva mandata u Saboru. S njime smo razgovarali o razlozima ostanka u vladaju\u0107oj koaliciji, toleranciji liberalne politike prema korupciji i klijentelizmu, i to u trenutku kad u javnosti dominira posljednja koruptivna afera u koju je uklju\u010den i biv\u0161i ministar zdravstva Vili Bero\u0161 i kad se osipa vladaju\u0107a ve\u0107ina.<\/p>\n\n\n\n<p><strong>Mnogo je koruptivnih afera obilje\u017eilo prethodne dvije Plenkovi\u0107eve vlade. O\u010dito, izuzetak nije ni ova tre\u0107a. Vlada je kolektivno tijelo. Gdje je moralna odgovornost premijera?<\/strong><br>Upravo to \u0161to se privode oni za koje postoji osnovana sumnja da su ne\u0161to ukrali, neovisno o funkciji, govori o tome da se doga\u0111a upravo ono \u0161to se u takvim slu\u010dajevima treba doga\u0111ati \u2013 da te osobe snose odgovornost. Premijer je odgovoran upravo za to, da osigurava uvjete da institucije rade svoj posao. Bila bi la\u017e kad bismo rekli da korupcije prije nije bilo. Bilo je, ali o\u010dito institucije nisu radile svoj posao. Sad ga rade.<br>Ne mo\u017ee se re\u0107i, kako oporba tvrdi, da je Plenkovi\u0107 imperator, a dopu\u0161ta da pravosudne institucije uhi\u0107uju njegove ministre. Koji bi to imperator dozvolio?! Da je Plenkovi\u0107 ne\u0161to htio za\u0161tititi s Turudi\u0107em, onda se vjerojatno ni\u0161ta ne bi dogodilo s Bero\u0161em, nitko ga ne bi uhitio. Da, nije ugodna ova situacija oko Bero\u0161a, ali je korisno i za dr\u017eavu i za dru\u0161tvo da se napokon korupcija procesuira. Moralna odgovornost premijera bila bi aktualna kad se to ne bi doga\u0111alo ili kad bi on sa svoje pozicije opstruirao rad pravosudnih tijela.<\/p>\n\n\n\n<h2 class=\"wp-block-heading\">Vidim perspektivu<\/h2>\n\n\n\n<p><strong>Poslije tolikog niza afera, za\u0161to podr\u017eavate Plenkovi\u0107evu vladu?<\/strong><br>Jedan sam od 76 zastupnika i te\u0161ko mogu mijenjati odre\u0111ene procese, ali vidim perspektivu Hrvatske. Realno gledaju\u0107i, \u010detiri godine imamo gospodarski rast, ozbiljno je smanjen udio duga u BDP-u, uvedena je transparentnost za sve gradove, op\u0107ine i \u017eupanije, maknut je niz administrativnih barijera koje su ko\u010dile gospodarstvo&#8230; Osam godina u Saboru samo gledam te\u0161ke kritike i vrije\u0111anja bez ikakve ideje ili plauzibilne alternative. Jedino \u0161to \u010dujemo je: mi smo po\u0161teni, dajte nama da vodimo. I to je pri\u010dao Pe\u0111a Grbin, \u010dovjek koji je lagao o mjestu prebivali\u0161ta i za to uzimao novac iz prora\u010duna. Licemjerno.<br>Na\u0161a stranka ne mo\u017ee podr\u017eavati neku drugu politiku samo zato \u0161to netko vi\u010de &#8220;mi smo po\u0161teni&#8221;, a istovremeno nude ve\u0107e poreze i ve\u0107e javno zadu\u017eenje ili se zala\u017eu za puno ve\u0107u dr\u017eavnu potro\u0161nju. Svima nama \u0107e biti ispostavljen ra\u010dun na izborima. Nakon izbora dr\u017eavnog odvjetnika i prosvjeda oporbe gra\u0111ani su rekli svoje, ponovno su nam dali povjerenje, ovoj vladi. I nisu tu presudile ni izborne jedinice, ni D&#8217;Hondtova metoda, nego sama oporba koja je takva kakva jest.<br>Na\u017ealost, zbog impotentne i bezidejne lijeve oporbe desne su stranke napravile velik iskorak. Zamislite vladu u kojoj bi bili samo HDZ i DP, bez nas liberala! Vodimo Hrvatsku u jednom pristojnom smjeru, ne dozvoljavamo radikalizaciju i ne dopu\u0161tamo ekstremima da dobiju priliku uzeti vlast. Pogledajte kako stvari izgledaju u drugim dr\u017eavama. Isto tako, zar smo zaboravili da je iz Milanovi\u0107eve vlade za \u010detiri godine oti\u0161lo devet ministara? Percepcija je sve u politici. Po tome, Sanaderova bi vlada bila najpo\u0161tenija u hrvatskoj povijesti, nitko nije bio uhi\u0107en, bar ne za vrijeme mandata.<\/p>\n\n\n\n<p><strong>Ho\u0107ete re\u0107i da je izme\u0111u HDZ-a i SDP-a znak jednakosti, samo \u0161to SDP nije imao vi\u0161e prilika? Ali ne mo\u017eemo usporediti, primjera radi, biv\u0161u ministricu Mirelu Holy koja je oti\u0161la zbog jednog <em>maila<\/em> s bilo kojom HDZ-ovom aferom?<\/strong><br>To me podsje\u0107a na onu staru pri\u010du iz Drugog svjetskog rata, tko je ubio vi\u0161e, a tko manje, pa ti onda nisu uop\u0107e krivi. Kriminal je kriminal, a zlo\u010dinac je zlo\u010dinac. Ta pri\u010da tko je kriv vi\u0161e meni kao liberalu ne dr\u017ei vodu, odgovornost je na pojedincu, a ne kolektivu, kriminal ima svoje jasno ime i prezime. I na po\u010detku Plenkovi\u0107eve vlade oti\u0161ao je ministar obrazovanja zbog plagijata.<br>Korupcija je cijelo vrijeme prisutna u Hrvatskoj, i dalje imamo veliku tamnu brojku kriminaliteta, neovisno o tome tko je na vlasti. Kriminalist sam po struci i tko ka\u017ee da je sad vi\u0161e kriminala i korupcije nego \u0161to je bilo prije deset godina, taj la\u017ee. Korupcija je uvijek na skoro istoj razini, iako mi se \u010dini da je otkrivanje naraslo otkako smo u\u0161li u EU i to je bio klju\u010dan trenutak za dobrobit Hrvatske. Nemamo vi\u0161e kriminala, nego ga vi\u0161e otkrivamo.<\/p>\n\n\n\n<p><strong>Mo\u017eemo li uop\u0107e govoriti da institucije rade svoj posao kad je za Marija Bano\u017ei\u0107a, koji je usmrtio \u010dovjeka u prometu, trebalo \u010dak godinu dana za podizanje optu\u017enice?<\/strong><br>Sla\u017eem se s vama da to dugo traje. Institucije rade svoj posao, procesuiraju, ali o\u010dito ti procesi predugo traju. Hrvatska je doista zemlja u kojoj birokracija caruje pa ni pravosudne institucije nisu imune na probleme birokracije. Vjerujem da nitko ne\u0107e ostati neprocesuiran.<\/p>\n\n\n\n<p><strong>Kako komentirate posljednju koruptivnu aferu s biv\u0161im ministrom Bero\u0161em?<\/strong><br>Degutantno je to koko\u0161arenje na ministarskoj razini, ako je istina da ministar zdravstva uzima novac i da se to dru\u0161tvo uop\u0107e nije ustru\u010davalo uzimati od bolesnih. Jer, tako ispada, da su sve ovo radili na teret bolesnika. Gdje je tu Hipokratova zakletva? Ne mogu prihvatiti da je ministar u ovoj zemlji povezan s podzemljem, takvo \u0161to bih o\u010dekivao u nekim drugim zemljama, ali ne u Hrvatskoj. Znate \u0161to je tu u biti najgora stvar? Lako za politi\u010dare, po percepciji javnosti, mi politi\u010dari smo potro\u0161na roba, danas jesi, sutra nisi, \u010deste su rotacije, u javnoj percepciji svi smo lopovi, iako nas ima i po\u0161tenih koji se trudimo i radimo, grije\u0161imo, ali ne uzimamo mito. No, kao gra\u0111anina najvi\u0161e me zabrinjava da u ovim aferama pada sam vrh akademske zajednice! Dokle smo kao dru\u0161tvo do\u0161li da je postalo normalno da vrhunski neurokirurzi, \u010delnici zdravstvenih ustanova, fakulteta, u \u010dije je obrazovanje dr\u017eava ulo\u017eila ogromna financijska sredstva, bez ikakvih problema uzimaju mito, i nisu to u\u010dinili prvi put, na to su se ve\u0107 navikli ili su se toliko okura\u017eili da to vi\u0161e ne skrivaju.<\/p>\n\n\n\n<p><strong>Ali politika je u\u0161la u sve pore dru\u0161tva, pa i u akademske krugove, da biste bili ravnatelj, predstojnik, pro\u010delnik morate biti \u010dlan HDZ-a.<\/strong><br>Mogu\u0107e je da je u\u0161la i to nije dobro, iako je tako bilo i za vrijeme nekih drugih politika, ali to ne odobravam. Jednog dana \u0107e do\u0107i vrijeme kad \u0107e standard biti sasvim ne\u0161to drugo. Kod mene u Bjelovaru, gradu kojem sam na \u010delu, to nije slu\u010daj. Ali, znamo iz pro\u0161losti primjere i s druge strane, ravnatelje ili politi\u010dare iz SDP-a i HNS-a koji su zavr\u0161ili u zatvoru. Nije to samo inkluzivnost HDZ-a. Ne smijemo gledati samo na lopove iz HDZ-a, a onda zaboravljamo ili \u017emirimo na lopove iz drugih stranaka. Imali smo i mi neke svoje sad ve\u0107 biv\u0161e \u010dlanove u HSLS-u koji su bili izlo\u017eeni kriminalnim radnjama, da budem malo i samokriti\u010dan. Izgleda da prilika \u010dini lopova. HDZ ima najve\u0107e \u010dlanstvo i najvi\u0161e je vremena na vlasti. Postoje politi\u010dari koji gledaju u kojoj stranci mogu bolje razviti svoju karijeru, realno, te se u nju uklju\u010duju, to govori o samom \u010dovjeku. No, u budu\u0107nosti \u0107e toga biti sve manje, kad se uspostavi standard pona\u0161anja i po\u0161alje poruka da nitko nije za\u0161ti\u0107en te da \u0107e svi takvi na kraju zavr\u0161iti u zatvoru.<\/p>\n\n\n\n<p><strong>Za osam godina HDZ-ove vlasti liste \u010dekanja u bolnicama sve su du\u017ee. Postavljena je nova ministrica zdravstva Irena Hrsti\u0107. Kad i kako \u0107e hrvatski gra\u0111ani mo\u0107i ostvariti svoje osnovno ustavno pravo \u2013 pravo na zdravlje?<\/strong><br>Moje je mi\u0161ljenje da je trebalo upaliti alarm kad je biv\u0161i ministar financija Zdravko Mari\u0107 rekao da je zdravstvo neodr\u017eivo i da tro\u0161i previ\u0161e novca. Tad je ministar Bero\u0161 prakti\u010dki bio pred smjenom, ali ga je spasila oporba sa svojim zahtjevom za smjenu. Naravno, u takvim okolnostima te\u0161ko je bilo o\u010dekivati da \u0107e premijer na nagovor oporbe smijeniti svog ministra. Nadam se da nova ministrica ne\u0107e razo\u010darati, da \u0107e uspje\u0161no sanirati ovu reputacijsku \u0161tetu i staviti zdravstvo na zdrave i stabilne noge, da se ne\u0107emo dovesti do situacije da se na\u0161i gra\u0111ani moraju zadu\u017eivati kako bi osigurali sebi zdravlje. Ona je vrlo stru\u010dna i dobronamjerna, takav je glas prati, a moj joj je savjet da sve politi\u010dke odluke u sustavu zdravstva dobro preispita.<\/p>\n\n\n\n<p><strong>\u0160to kao liberal ka\u017eete na dvojni rad lije\u010dnika, u javnom i privatnom sektoru?<\/strong><br>Pod hitno treba prekinuti taj nakaradno uspostavljeni zdravstveni sustav. Dosta je bilo. Jednostavno, ne mo\u017ee se sjediti na dva stolca. Od mene kao liberala to je mo\u017eda prekruto re\u0107i, ali zaista, kad znamo u kojem svijetu \u017eivimo, lije\u010dnici moraju birati: ili javna ili privatna klinika, to je najpo\u0161tenije. I liberalizam i sloboda imaju odre\u0111ene granice, do anarhije, bezvla\u0161\u0107a i kriminala. Do\u0161li smo u situaciju da pojedinci pod krinkom la\u017ene slobode tr\u017ei\u0161ta i prava rada koriste situaciju, rade na dva mjesta, manipuliraju bolesnicima radi svoje koristi, a na \u0161tetu pacijenata. Posao lije\u010dnika je da rade svoj posao koji su birali i za koji su se \u0161kolovali, da spa\u0161avaju ljudske \u017eivote.<\/p>\n\n\n\n<h2 class=\"wp-block-heading\">Za nova radna mjesta<\/h2>\n\n\n\n<p><strong>Vlada smanjuje subvencije za energetiku, \u0161to je vidljivo i po prora\u010dunu za 2025. Pove\u0107anje cijene energije izazvat \u0107e lan\u010dana poskupljenja, kojima smo ve\u0107 svjedo\u010dili. Kako sprije\u010diti socijalni kolaps?<\/strong><br>Uvijek \u0107u glasati za prora\u010dun koji je gospodarski razvojan. Prora\u010dun za sljede\u0107u godinu je dovoljno socijalan i okrenut u smjeru rastere\u0107enja gospodarstva. Ukinuti su parafiskalni nameti, prag ulaska u sustav PDV-a s 300 tisu\u0107a kuna podignut je na 50.000 eura, \u0161to \u0107e mnogo pomo\u0107i malim i srednjim poduzetnicima, a to je bio i prijedlog HSLS-a. Standard na\u0161ih gra\u0111ana mo\u017eemo podi\u0107i samo uz jako gospodarstvo, a ne uz slabo i hrpu socijalnih davanja iz prora\u010duna, \u0161to postaje neodr\u017eivo. Istina, gra\u0111ani sve te\u017ee pla\u0107aju europske cijene s hrvatskim pla\u0107ama. Plenkovi\u0107eva vlada je omogu\u0107ila nikad ve\u0107i porast pla\u0107a i mirovina, ali inflacija nam je bila najve\u0107i neprijatelj na tom putu.<br>Ve\u0107e pla\u0107e ne odre\u0111uje dr\u017eava, nego gospodarstvo. Nije dobra sada\u0161nja praksa da stalno priti\u0161\u0107emo gospodarstvo dizanjem pla\u0107a. Nova radna mjesta otvaraju se produktivno\u0161\u0107u, znanjem, inovacijama, tehnologijama i na kraju, malim porezima, a ne dijeljenjem novca \u0161akom i kapom. Gra\u0111anima trebaju nova radna mjesta, a ne socijala. Najte\u017ee je stanje na\u0161ih umirovljenika. I pored svih pove\u0107anja mirovina, na\u0161i umirovljenici nemaju pristojnu, dostojanstvenu starost, i svi se u vladaju\u0107oj ve\u0107ini moramo potruditi da to promijenimo nabolje, do kraja mandata.<\/p>\n\n\n\n<p><strong>Tek ove godine u Bjelovaru ste preimenovali ulice nazvane po usta\u0161kim du\u017enosnicima, uklju\u010duju\u0107i i usta\u0161kog ministra Julija Makanca. Nazivi ulica su simboli u prostoru. Za\u0161to je toliko vremena trebalo vama kao liberalu za taj \u010din?<\/strong><br>Bjelovarom su tijekom protekle tri decenije pro\u0161le brojne vlasti, uklju\u010duju\u0107i i SDP-ovu. Pitam se za\u0161to oni nisu uklonili sporne nazive ulica. Ali, bitno da smo nazive ulica promijenili i da ih vi\u0161e nema. \u010cim bi se pokrenulo to pitanje, odmah bi se upletala politika, i slijeva i zdesna, kratkoro\u010dne strasti u kojima se tra\u017ei kako da se politi\u010dki profitira. Ako politika od usta\u0161kih ulica profitira, zna\u010di da postoje odre\u0111eni slojevi u dru\u0161tvu koji to prihva\u0107aju, plodno tlo u narodu da se to iskoristi? <br>Ova zemlja se previ\u0161e dijelila da bi to sad bilo tako lako, ali ba\u0161 zato \u017eelim da moj grad ide nekim sasvim drugim smjerom i dok god \u0107e me gra\u0111ani birati, tako \u0107u se pona\u0161ati. Balansirat \u0107u izme\u0111u svih gra\u0111ana i njihovih osje\u0107aja, meni su svi gra\u0111ani jednako vrijedni, i nikad ne\u0107u raditi razlike izme\u0111u jednih i drugih, po\u0161tivat \u0107u prava i osje\u0107aje, tradiciju i kulturu, stradavanje jednog i drugog naroda, ali bez mjerenja tko je stradao vi\u0161e ili manje, tako ne\u0107emo nikad izgraditi bolju budu\u0107nost. Hrvatska se izborila za slobodu u Domovinskom ratu i sad je vrijeme da zajedni\u010dki stvaramo pravedno dru\u0161tvo. U mom Bjelovaru \u017eive pripadnici 21 od 22 registrirane nacionalne manjine u Hrvatskoj. Idem redovno na Badnje ve\u010de u pravoslavnu crkvu, ali naravno, nisam pravoslavne vjeroispovijesti, no po\u0161tujem i tu\u0111e vjerske osje\u0107aje, kao \u0161to po\u0161tujem i sugra\u0111ane muslimane. Idem u Gudovac, pokloniti se nevino ubijenim mje\u0161tanima, ali isto tako i u Donje Moste gdje je u\u010dinjena odmazda nad Hrvatima; ljudi to vide, cijene i po\u0161tuju, \u0161to pokazuje i najbolji rezultat u Hrvatskoj, ostvarenih 68 posto ve\u0107 u prvom krugu protiv pet kandidata.<\/p>\n\n\n\n<p><strong>HDZ &#8220;jede&#8221; svoje koalicione partnere, vas nisu, ali niste se ni razvili. Budu\u0107i da se mijenjaju ministri u Plenkovi\u0107evoj vladi, ho\u0107ete li i vi do\u0107i na red za ministra?<\/strong><br>Na\u017ealost, to je gotovo nemogu\u0107e. Predsjednik sam male stranke, u dr\u017eavi u kojoj vlada populizam i gdje gra\u0111ani vole da se govori ono \u0161to \u017eele \u010duti, a ne ono \u0161to je istina. Da sam karijerist, zna se kamo bih trebao oti\u0107i, ali ja to ne\u0107u i zato vjerojatno ne\u0107u nikad biti ministar jer moja stranka nije dovoljno jaka, kao, uostalom, niti jedna druga liberalna stranka u Hrvatskoj. Na\u017ealost, nije se razvila ni jedna liberalna stranka. Tko je &#8220;pojeo&#8221; Puljka, Fokus, Glas, Reformiste, kako se oni ne mogu razviti iako su u oporbi? Je li njih onda tom analogijom pojeo SDP? I dalje je sve podijeljeno na lijevo i na desno, na &#8220;usta\u0161e&#8221; i &#8220;partizane&#8221;.<br>Izme\u0111u HDZ-a i SDP-a mi, liberali, postojimo, govorimo, ali nas nitko ne \u010duje. Ali zato kao gradona\u010delnik Bjelovara pokazujem kako jedna ozbiljna liberalna politika, koja u ideolo\u0161kom smislu ne dijeli, mo\u017ee osigurati jednu oazu kakva bi trebala biti cijela Hrvatska: po\u0161tena, pravedna, transparentna, bez afera, multinacionalna, multikulturalna. Gradimo novu \u0161kolu, prelazimo na jednosmjensku nastavu, gradimo tri nova vrti\u0107a, imamo najmoderniji sustav gospodarenja otpadom, geotermalnu energiju, toplice&#8230; U Bjelovaru realiziramo projekte vrijedne 250 milijuna eura, to su dvije tre\u0107ine vrijednosti Pelje\u0161kog mosta, sve je europski novac i to nema veze s \u010dinjenicom \u0161to smo dio vladaju\u0107e ve\u0107ine.<br>Po logici oporbe, EPPO bi trebao razviti \u0161ator u Bjelovaru i sve istra\u017eivati, ali to kod nas nije slu\u010daj jer sve radimo po\u0161teno i transparentno, imam odli\u010dan tim ljudi u gradskoj upravi. Ali imam osje\u0107aj, figurativno re\u010deno, da \u010dim prije\u0111em granicu Bjelovara, u ovoj dr\u017eavi pogre\u0161no postavljenih bira\u010dkih preferencija ja sam \u017eeton\u010dina, priljepak ili ne znam \u0161to, a stranka kojoj sam na \u010delu je satelit. Osam godina upravljam svojim gradom bez ijedne afere i to \u0107u \u010diniti i dalje.<\/p>\n\n\n\n<p><\/p>\n","protected":false},"excerpt":{"rendered":"<p>Prenosimo s portala: https:\/\/www.portalnovosti.com\/https:\/\/www.portalnovosti.com\/dario-hrebak-lijecnici-moraju-birati-ili-javna-ili-privatna-klinika Jednostavno, ne mo\u017ee se sjediti na dva stolca. Od mene kao liberala to je mo\u017eda prekruto re\u0107i, ali do\u0161li smo do toga da pojedinci pod krinkom&hellip;<\/p>\n","protected":false},"author":8,"featured_media":5902,"comment_status":"closed","ping_status":"open","sticky":false,"template":"","format":"standard","meta":{"_lmt_disableupdate":"","_lmt_disable":"","footnotes":""},"categories":[1],"tags":[],"class_list":["post-6424","post","type-post","status-publish","format-standard","has-post-thumbnail","hentry","category-nacionalne-vijesti"],"yoast_head":"<!-- This site is optimized with the Yoast SEO plugin v27.5 - https:\/\/yoast.com\/product\/yoast-seo-wordpress\/ -->\n<title>Dario Hrebak: Lije\u010dnici moraju birati \u2013 ili javna ili privatna klinika - HSLS<\/title>\n<meta name=\"robots\" content=\"index, follow, max-snippet:-1, max-image-preview:large, max-video-preview:-1\" \/>\n<link rel=\"canonical\" href=\"https:\/\/hsls.hr\/web\/dario-hrebak-lijecnici-moraju-birati-ili-javna-ili-privatna-klinika\/\" \/>\n<meta property=\"og:locale\" content=\"hr_HR\" \/>\n<meta property=\"og:type\" content=\"article\" \/>\n<meta property=\"og:title\" content=\"Dario Hrebak: Lije\u010dnici moraju birati \u2013 ili javna ili privatna klinika - HSLS\" \/>\n<meta property=\"og:description\" content=\"Prenosimo s portala: https:\/\/www.portalnovosti.com\/https:\/\/www.portalnovosti.com\/dario-hrebak-lijecnici-moraju-birati-ili-javna-ili-privatna-klinika Jednostavno, ne mo\u017ee se sjediti na dva stolca. Od mene kao liberala to je mo\u017eda prekruto re\u0107i, ali do\u0161li smo do toga da pojedinci pod krinkom&hellip;\" \/>\n<meta property=\"og:url\" content=\"https:\/\/hsls.hr\/web\/dario-hrebak-lijecnici-moraju-birati-ili-javna-ili-privatna-klinika\/\" \/>\n<meta property=\"og:site_name\" content=\"HSLS\" \/>\n<meta property=\"article:published_time\" content=\"2024-12-04T11:15:58+00:00\" \/>\n<meta property=\"article:modified_time\" content=\"2024-12-10T11:23:01+00:00\" \/>\n<meta property=\"og:image\" content=\"https:\/\/hsls.hr\/web\/wp-content\/uploads\/2024\/03\/2.jpeg\" \/>\n\t<meta property=\"og:image:width\" content=\"860\" \/>\n\t<meta property=\"og:image:height\" content=\"572\" \/>\n\t<meta property=\"og:image:type\" content=\"image\/jpeg\" \/>\n<meta name=\"author\" content=\"Goran Kurevija\" \/>\n<meta name=\"twitter:card\" content=\"summary_large_image\" \/>\n<meta name=\"twitter:label1\" content=\"Napisao\/la\" \/>\n\t<meta name=\"twitter:data1\" content=\"Goran Kurevija\" \/>\n\t<meta name=\"twitter:label2\" content=\"Procijenjeno vrijeme \u010ditanja\" \/>\n\t<meta name=\"twitter:data2\" content=\"14 minuta\" \/>\n<script type=\"application\/ld+json\" class=\"yoast-schema-graph\">{\"@context\":\"https:\\\/\\\/schema.org\",\"@graph\":[{\"@type\":\"Article\",\"@id\":\"https:\\\/\\\/hsls.hr\\\/web\\\/dario-hrebak-lijecnici-moraju-birati-ili-javna-ili-privatna-klinika\\\/#article\",\"isPartOf\":{\"@id\":\"https:\\\/\\\/hsls.hr\\\/web\\\/dario-hrebak-lijecnici-moraju-birati-ili-javna-ili-privatna-klinika\\\/\"},\"author\":{\"name\":\"Goran Kurevija\",\"@id\":\"https:\\\/\\\/hsls.hr\\\/web\\\/#\\\/schema\\\/person\\\/888bae21f60f75871ef73376110e0f25\"},\"headline\":\"Dario Hrebak: Lije\u010dnici moraju birati \u2013 ili javna ili privatna klinika\",\"datePublished\":\"2024-12-04T11:15:58+00:00\",\"dateModified\":\"2024-12-10T11:23:01+00:00\",\"mainEntityOfPage\":{\"@id\":\"https:\\\/\\\/hsls.hr\\\/web\\\/dario-hrebak-lijecnici-moraju-birati-ili-javna-ili-privatna-klinika\\\/\"},\"wordCount\":2677,\"image\":{\"@id\":\"https:\\\/\\\/hsls.hr\\\/web\\\/dario-hrebak-lijecnici-moraju-birati-ili-javna-ili-privatna-klinika\\\/#primaryimage\"},\"thumbnailUrl\":\"https:\\\/\\\/hsls.hr\\\/web\\\/wp-content\\\/uploads\\\/2024\\\/03\\\/2.jpeg\",\"articleSection\":[\"Nacionalno\"],\"inLanguage\":\"hr\"},{\"@type\":\"WebPage\",\"@id\":\"https:\\\/\\\/hsls.hr\\\/web\\\/dario-hrebak-lijecnici-moraju-birati-ili-javna-ili-privatna-klinika\\\/\",\"url\":\"https:\\\/\\\/hsls.hr\\\/web\\\/dario-hrebak-lijecnici-moraju-birati-ili-javna-ili-privatna-klinika\\\/\",\"name\":\"Dario Hrebak: Lije\u010dnici moraju birati \u2013 ili javna ili privatna klinika - HSLS\",\"isPartOf\":{\"@id\":\"https:\\\/\\\/hsls.hr\\\/web\\\/#website\"},\"primaryImageOfPage\":{\"@id\":\"https:\\\/\\\/hsls.hr\\\/web\\\/dario-hrebak-lijecnici-moraju-birati-ili-javna-ili-privatna-klinika\\\/#primaryimage\"},\"image\":{\"@id\":\"https:\\\/\\\/hsls.hr\\\/web\\\/dario-hrebak-lijecnici-moraju-birati-ili-javna-ili-privatna-klinika\\\/#primaryimage\"},\"thumbnailUrl\":\"https:\\\/\\\/hsls.hr\\\/web\\\/wp-content\\\/uploads\\\/2024\\\/03\\\/2.jpeg\",\"datePublished\":\"2024-12-04T11:15:58+00:00\",\"dateModified\":\"2024-12-10T11:23:01+00:00\",\"author\":{\"@id\":\"https:\\\/\\\/hsls.hr\\\/web\\\/#\\\/schema\\\/person\\\/888bae21f60f75871ef73376110e0f25\"},\"breadcrumb\":{\"@id\":\"https:\\\/\\\/hsls.hr\\\/web\\\/dario-hrebak-lijecnici-moraju-birati-ili-javna-ili-privatna-klinika\\\/#breadcrumb\"},\"inLanguage\":\"hr\",\"potentialAction\":[{\"@type\":\"ReadAction\",\"target\":[\"https:\\\/\\\/hsls.hr\\\/web\\\/dario-hrebak-lijecnici-moraju-birati-ili-javna-ili-privatna-klinika\\\/\"]}]},{\"@type\":\"ImageObject\",\"inLanguage\":\"hr\",\"@id\":\"https:\\\/\\\/hsls.hr\\\/web\\\/dario-hrebak-lijecnici-moraju-birati-ili-javna-ili-privatna-klinika\\\/#primaryimage\",\"url\":\"https:\\\/\\\/hsls.hr\\\/web\\\/wp-content\\\/uploads\\\/2024\\\/03\\\/2.jpeg\",\"contentUrl\":\"https:\\\/\\\/hsls.hr\\\/web\\\/wp-content\\\/uploads\\\/2024\\\/03\\\/2.jpeg\",\"width\":860,\"height\":572},{\"@type\":\"BreadcrumbList\",\"@id\":\"https:\\\/\\\/hsls.hr\\\/web\\\/dario-hrebak-lijecnici-moraju-birati-ili-javna-ili-privatna-klinika\\\/#breadcrumb\",\"itemListElement\":[{\"@type\":\"ListItem\",\"position\":1,\"name\":\"Po\u010detna stranica\",\"item\":\"https:\\\/\\\/hsls.hr\\\/web\\\/\"},{\"@type\":\"ListItem\",\"position\":2,\"name\":\"Dario Hrebak: Lije\u010dnici moraju birati \u2013 ili javna ili privatna klinika\"}]},{\"@type\":\"WebSite\",\"@id\":\"https:\\\/\\\/hsls.hr\\\/web\\\/#website\",\"url\":\"https:\\\/\\\/hsls.hr\\\/web\\\/\",\"name\":\"HSLS\",\"description\":\"Hrvatska socijalno-liberalna stranka\",\"potentialAction\":[{\"@type\":\"SearchAction\",\"target\":{\"@type\":\"EntryPoint\",\"urlTemplate\":\"https:\\\/\\\/hsls.hr\\\/web\\\/?s={search_term_string}\"},\"query-input\":{\"@type\":\"PropertyValueSpecification\",\"valueRequired\":true,\"valueName\":\"search_term_string\"}}],\"inLanguage\":\"hr\"},{\"@type\":\"Person\",\"@id\":\"https:\\\/\\\/hsls.hr\\\/web\\\/#\\\/schema\\\/person\\\/888bae21f60f75871ef73376110e0f25\",\"name\":\"Goran Kurevija\",\"image\":{\"@type\":\"ImageObject\",\"inLanguage\":\"hr\",\"@id\":\"https:\\\/\\\/secure.gravatar.com\\\/avatar\\\/6b1f2afe416aa12538a6c62f93829110ce5c7bff351ace5f03a51bac4ad75ccf?s=96&d=mm&r=g\",\"url\":\"https:\\\/\\\/secure.gravatar.com\\\/avatar\\\/6b1f2afe416aa12538a6c62f93829110ce5c7bff351ace5f03a51bac4ad75ccf?s=96&d=mm&r=g\",\"contentUrl\":\"https:\\\/\\\/secure.gravatar.com\\\/avatar\\\/6b1f2afe416aa12538a6c62f93829110ce5c7bff351ace5f03a51bac4ad75ccf?s=96&d=mm&r=g\",\"caption\":\"Goran Kurevija\"},\"url\":\"https:\\\/\\\/hsls.hr\\\/web\\\/author\\\/gkurevija\\\/\"}]}<\/script>\n<!-- \/ Yoast SEO plugin. -->","yoast_head_json":{"title":"Dario Hrebak: Lije\u010dnici moraju birati \u2013 ili javna ili privatna klinika - HSLS","robots":{"index":"index","follow":"follow","max-snippet":"max-snippet:-1","max-image-preview":"max-image-preview:large","max-video-preview":"max-video-preview:-1"},"canonical":"https:\/\/hsls.hr\/web\/dario-hrebak-lijecnici-moraju-birati-ili-javna-ili-privatna-klinika\/","og_locale":"hr_HR","og_type":"article","og_title":"Dario Hrebak: Lije\u010dnici moraju birati \u2013 ili javna ili privatna klinika - HSLS","og_description":"Prenosimo s portala: https:\/\/www.portalnovosti.com\/https:\/\/www.portalnovosti.com\/dario-hrebak-lijecnici-moraju-birati-ili-javna-ili-privatna-klinika Jednostavno, ne mo\u017ee se sjediti na dva stolca. Od mene kao liberala to je mo\u017eda prekruto re\u0107i, ali do\u0161li smo do toga da pojedinci pod krinkom&hellip;","og_url":"https:\/\/hsls.hr\/web\/dario-hrebak-lijecnici-moraju-birati-ili-javna-ili-privatna-klinika\/","og_site_name":"HSLS","article_published_time":"2024-12-04T11:15:58+00:00","article_modified_time":"2024-12-10T11:23:01+00:00","og_image":[{"width":860,"height":572,"url":"https:\/\/hsls.hr\/web\/wp-content\/uploads\/2024\/03\/2.jpeg","type":"image\/jpeg"}],"author":"Goran Kurevija","twitter_card":"summary_large_image","twitter_misc":{"Napisao\/la":"Goran Kurevija","Procijenjeno vrijeme \u010ditanja":"14 minuta"},"schema":{"@context":"https:\/\/schema.org","@graph":[{"@type":"Article","@id":"https:\/\/hsls.hr\/web\/dario-hrebak-lijecnici-moraju-birati-ili-javna-ili-privatna-klinika\/#article","isPartOf":{"@id":"https:\/\/hsls.hr\/web\/dario-hrebak-lijecnici-moraju-birati-ili-javna-ili-privatna-klinika\/"},"author":{"name":"Goran Kurevija","@id":"https:\/\/hsls.hr\/web\/#\/schema\/person\/888bae21f60f75871ef73376110e0f25"},"headline":"Dario Hrebak: Lije\u010dnici moraju birati \u2013 ili javna ili privatna klinika","datePublished":"2024-12-04T11:15:58+00:00","dateModified":"2024-12-10T11:23:01+00:00","mainEntityOfPage":{"@id":"https:\/\/hsls.hr\/web\/dario-hrebak-lijecnici-moraju-birati-ili-javna-ili-privatna-klinika\/"},"wordCount":2677,"image":{"@id":"https:\/\/hsls.hr\/web\/dario-hrebak-lijecnici-moraju-birati-ili-javna-ili-privatna-klinika\/#primaryimage"},"thumbnailUrl":"https:\/\/hsls.hr\/web\/wp-content\/uploads\/2024\/03\/2.jpeg","articleSection":["Nacionalno"],"inLanguage":"hr"},{"@type":"WebPage","@id":"https:\/\/hsls.hr\/web\/dario-hrebak-lijecnici-moraju-birati-ili-javna-ili-privatna-klinika\/","url":"https:\/\/hsls.hr\/web\/dario-hrebak-lijecnici-moraju-birati-ili-javna-ili-privatna-klinika\/","name":"Dario Hrebak: Lije\u010dnici moraju birati \u2013 ili javna ili privatna klinika - HSLS","isPartOf":{"@id":"https:\/\/hsls.hr\/web\/#website"},"primaryImageOfPage":{"@id":"https:\/\/hsls.hr\/web\/dario-hrebak-lijecnici-moraju-birati-ili-javna-ili-privatna-klinika\/#primaryimage"},"image":{"@id":"https:\/\/hsls.hr\/web\/dario-hrebak-lijecnici-moraju-birati-ili-javna-ili-privatna-klinika\/#primaryimage"},"thumbnailUrl":"https:\/\/hsls.hr\/web\/wp-content\/uploads\/2024\/03\/2.jpeg","datePublished":"2024-12-04T11:15:58+00:00","dateModified":"2024-12-10T11:23:01+00:00","author":{"@id":"https:\/\/hsls.hr\/web\/#\/schema\/person\/888bae21f60f75871ef73376110e0f25"},"breadcrumb":{"@id":"https:\/\/hsls.hr\/web\/dario-hrebak-lijecnici-moraju-birati-ili-javna-ili-privatna-klinika\/#breadcrumb"},"inLanguage":"hr","potentialAction":[{"@type":"ReadAction","target":["https:\/\/hsls.hr\/web\/dario-hrebak-lijecnici-moraju-birati-ili-javna-ili-privatna-klinika\/"]}]},{"@type":"ImageObject","inLanguage":"hr","@id":"https:\/\/hsls.hr\/web\/dario-hrebak-lijecnici-moraju-birati-ili-javna-ili-privatna-klinika\/#primaryimage","url":"https:\/\/hsls.hr\/web\/wp-content\/uploads\/2024\/03\/2.jpeg","contentUrl":"https:\/\/hsls.hr\/web\/wp-content\/uploads\/2024\/03\/2.jpeg","width":860,"height":572},{"@type":"BreadcrumbList","@id":"https:\/\/hsls.hr\/web\/dario-hrebak-lijecnici-moraju-birati-ili-javna-ili-privatna-klinika\/#breadcrumb","itemListElement":[{"@type":"ListItem","position":1,"name":"Po\u010detna stranica","item":"https:\/\/hsls.hr\/web\/"},{"@type":"ListItem","position":2,"name":"Dario Hrebak: Lije\u010dnici moraju birati \u2013 ili javna ili privatna klinika"}]},{"@type":"WebSite","@id":"https:\/\/hsls.hr\/web\/#website","url":"https:\/\/hsls.hr\/web\/","name":"HSLS","description":"Hrvatska socijalno-liberalna stranka","potentialAction":[{"@type":"SearchAction","target":{"@type":"EntryPoint","urlTemplate":"https:\/\/hsls.hr\/web\/?s={search_term_string}"},"query-input":{"@type":"PropertyValueSpecification","valueRequired":true,"valueName":"search_term_string"}}],"inLanguage":"hr"},{"@type":"Person","@id":"https:\/\/hsls.hr\/web\/#\/schema\/person\/888bae21f60f75871ef73376110e0f25","name":"Goran Kurevija","image":{"@type":"ImageObject","inLanguage":"hr","@id":"https:\/\/secure.gravatar.com\/avatar\/6b1f2afe416aa12538a6c62f93829110ce5c7bff351ace5f03a51bac4ad75ccf?s=96&d=mm&r=g","url":"https:\/\/secure.gravatar.com\/avatar\/6b1f2afe416aa12538a6c62f93829110ce5c7bff351ace5f03a51bac4ad75ccf?s=96&d=mm&r=g","contentUrl":"https:\/\/secure.gravatar.com\/avatar\/6b1f2afe416aa12538a6c62f93829110ce5c7bff351ace5f03a51bac4ad75ccf?s=96&d=mm&r=g","caption":"Goran Kurevija"},"url":"https:\/\/hsls.hr\/web\/author\/gkurevija\/"}]}},"_links":{"self":[{"href":"https:\/\/hsls.hr\/web\/wp-json\/wp\/v2\/posts\/6424","targetHints":{"allow":["GET"]}}],"collection":[{"href":"https:\/\/hsls.hr\/web\/wp-json\/wp\/v2\/posts"}],"about":[{"href":"https:\/\/hsls.hr\/web\/wp-json\/wp\/v2\/types\/post"}],"author":[{"embeddable":true,"href":"https:\/\/hsls.hr\/web\/wp-json\/wp\/v2\/users\/8"}],"replies":[{"embeddable":true,"href":"https:\/\/hsls.hr\/web\/wp-json\/wp\/v2\/comments?post=6424"}],"version-history":[{"count":3,"href":"https:\/\/hsls.hr\/web\/wp-json\/wp\/v2\/posts\/6424\/revisions"}],"predecessor-version":[{"id":6429,"href":"https:\/\/hsls.hr\/web\/wp-json\/wp\/v2\/posts\/6424\/revisions\/6429"}],"wp:featuredmedia":[{"embeddable":true,"href":"https:\/\/hsls.hr\/web\/wp-json\/wp\/v2\/media\/5902"}],"wp:attachment":[{"href":"https:\/\/hsls.hr\/web\/wp-json\/wp\/v2\/media?parent=6424"}],"wp:term":[{"taxonomy":"category","embeddable":true,"href":"https:\/\/hsls.hr\/web\/wp-json\/wp\/v2\/categories?post=6424"},{"taxonomy":"post_tag","embeddable":true,"href":"https:\/\/hsls.hr\/web\/wp-json\/wp\/v2\/tags?post=6424"}],"curies":[{"name":"wp","href":"https:\/\/api.w.org\/{rel}","templated":true}]}}