{"id":6305,"date":"2024-10-02T10:15:31","date_gmt":"2024-10-02T10:15:31","guid":{"rendered":"https:\/\/hsls.hr\/web\/sibenski-hsls-gradonacelnik-je-transparentan-samo-kad-je-to-njemu-u-korist\/"},"modified":"2024-10-02T10:15:31","modified_gmt":"2024-10-02T10:15:31","slug":"sibenski-hsls-gradonacelnik-je-transparentan-samo-kad-je-to-njemu-u-korist","status":"publish","type":"post","link":"https:\/\/hsls.hr\/web\/sibenski-hsls-gradonacelnik-je-transparentan-samo-kad-je-to-njemu-u-korist\/","title":{"rendered":"\u0160ibenski HSLS: &#8221; Gradona\u010delnik je transparentan samo kad je to njemu u korist&#8221;"},"content":{"rendered":"<p>Gradska organizacija Hrvatske socijalno &#8211; liberalne stranke \u0160ibenik oglasila se priop\u0107enjem u kojem isti\u010du kako ne podr\u017eavaju na\u010din komunikacije gradona\u010delnika \u017deljka Buri\u0107a s gradskim vije\u0107nicima i \u0161ibenskom javno\u0161\u0107u.\u00a0<\/p>\n<p>&#8216;Naime, gradona\u010delnik se uvijek pozivao na transparentnost vo\u0111enja Grada. ali \u010dini se da to primjenjuje samo kada ide u korist njemu osobno i HDZ-u. Nevjerojatno je da se bez uklju\u010divanja gra\u0111ana u pitanja vezana uz &#8216;spalionicu-energanu&#8217; uop\u0107e u\u0161lo u takav posao.\u00a0 Za\u0161to stanovnike ovog grada nitko ni\u0161ta ne pita?\u00a0 Neobja\u0161njivo je da predstavnici mjesnih odbora, koji grani\u010de s podru\u010djem budu\u0107e &#8216;spalionice-energane&#8217;, na sve to \u0161ute, a zato promptno reagiraju ako pregori jedna uli\u010dna lampa?<\/p>\n<p>Iz svega je vidljivo da gradona\u010delnik ima potpunu potporu vladaju\u0107e ve\u0107ine u Gradskom vije\u0107u HDZ-a i HDS-a koje predstavljaju predsjednici Gradskih organizacija gospoda Pa\u0161ko Raki\u0107 i Hrvoje Zekanovi\u0107 koji su sve dobro istrgovali s gradona\u010delnikom Buri\u0107em, \u0161to \u0107e pokazati nadolaze\u0107e vrijeme. To su tijela i osobe koja daju potporu gradona\u010delniku da budu\u0107im generacijama ostave u dotu ono \u0161to nitko nije htio u cijeloj Hrvatskoj. HSLS ne \u017eeli kao neke stranke biti isklju\u010div, nego da se kroz javnu raspravu jedna ovakva tema pribli\u017ei gra\u0111anima, a poglavito mjestima koja grani\u010de s mo\u017eebitnom &#8216;spalionicom-energanom&#8217;.<\/p>\n<p>Mi to ne\u0107emo dopustiti i ovim putem najavljujemo da \u0107e HSLS Grada \u0160ibenika, organizirati javnu tribinu na navedenu temu te \u0107e biti pozvani neovisni stru\u010dnjaci, svi zainteresirani gra\u0111ani, a i gradona\u010delnik osobno da objasni gra\u0111anima svoje namjere&#8217;, stoji u priop\u0107enju.<\/p>\n","protected":false},"excerpt":{"rendered":"<p>Gradska organizacija Hrvatske socijalno &#8211; liberalne stranke \u0160ibenik oglasila se priop\u0107enjem u kojem isti\u010du kako ne podr\u017eavaju na\u010din komunikacije gradona\u010delnika \u017deljka Buri\u0107a s gradskim vije\u0107nicima i \u0161ibenskom javno\u0161\u0107u.\u00a0 &#8216;Naime, gradona\u010delnik&hellip;<\/p>\n","protected":false},"author":10,"featured_media":6304,"comment_status":"","ping_status":"open","sticky":false,"template":"","format":"standard","meta":{"_lmt_disableupdate":"","_lmt_disable":"","footnotes":""},"categories":[1],"tags":[],"class_list":["post-6305","post","type-post","status-publish","format-standard","has-post-thumbnail","hentry","category-nacionalne-vijesti"],"yoast_head":"<!-- This site is optimized with the Yoast SEO plugin v27.5 - https:\/\/yoast.com\/product\/yoast-seo-wordpress\/ -->\n<title>\u0160ibenski HSLS: &quot; Gradona\u010delnik je transparentan samo kad je to njemu u korist&quot; - HSLS<\/title>\n<meta name=\"robots\" content=\"index, follow, max-snippet:-1, max-image-preview:large, max-video-preview:-1\" \/>\n<link rel=\"canonical\" href=\"https:\/\/hsls.hr\/web\/sibenski-hsls-gradonacelnik-je-transparentan-samo-kad-je-to-njemu-u-korist\/\" \/>\n<meta property=\"og:locale\" content=\"hr_HR\" \/>\n<meta property=\"og:type\" content=\"article\" \/>\n<meta property=\"og:title\" content=\"\u0160ibenski HSLS: &quot; Gradona\u010delnik je transparentan samo kad je to njemu u korist&quot; - HSLS\" \/>\n<meta property=\"og:description\" content=\"Gradska organizacija Hrvatske socijalno &#8211; liberalne stranke \u0160ibenik oglasila se priop\u0107enjem u kojem isti\u010du kako ne podr\u017eavaju na\u010din komunikacije gradona\u010delnika \u017deljka Buri\u0107a s gradskim vije\u0107nicima i \u0161ibenskom javno\u0161\u0107u.\u00a0 &#8216;Naime, gradona\u010delnik&hellip;\" \/>\n<meta property=\"og:url\" content=\"https:\/\/hsls.hr\/web\/sibenski-hsls-gradonacelnik-je-transparentan-samo-kad-je-to-njemu-u-korist\/\" \/>\n<meta property=\"og:site_name\" content=\"HSLS\" \/>\n<meta property=\"article:published_time\" content=\"2024-10-02T10:15:31+00:00\" \/>\n<meta name=\"author\" content=\"HSLS direkcija\" \/>\n<meta name=\"twitter:card\" content=\"summary_large_image\" \/>\n<meta name=\"twitter:label1\" content=\"Napisao\/la\" \/>\n\t<meta name=\"twitter:data1\" content=\"HSLS direkcija\" \/>\n\t<meta name=\"twitter:label2\" content=\"Procijenjeno vrijeme \u010ditanja\" \/>\n\t<meta name=\"twitter:data2\" content=\"1 minuta\" \/>\n<script type=\"application\/ld+json\" class=\"yoast-schema-graph\">{\"@context\":\"https:\\\/\\\/schema.org\",\"@graph\":[{\"@type\":\"Article\",\"@id\":\"https:\\\/\\\/hsls.hr\\\/web\\\/sibenski-hsls-gradonacelnik-je-transparentan-samo-kad-je-to-njemu-u-korist\\\/#article\",\"isPartOf\":{\"@id\":\"https:\\\/\\\/hsls.hr\\\/web\\\/sibenski-hsls-gradonacelnik-je-transparentan-samo-kad-je-to-njemu-u-korist\\\/\"},\"author\":{\"name\":\"HSLS direkcija\",\"@id\":\"https:\\\/\\\/hsls.hr\\\/web\\\/#\\\/schema\\\/person\\\/dea51e5bcfb0e0c8c7009d02d234a0a4\"},\"headline\":\"\u0160ibenski HSLS: &#8221; Gradona\u010delnik je transparentan samo kad je to njemu u korist&#8221;\",\"datePublished\":\"2024-10-02T10:15:31+00:00\",\"mainEntityOfPage\":{\"@id\":\"https:\\\/\\\/hsls.hr\\\/web\\\/sibenski-hsls-gradonacelnik-je-transparentan-samo-kad-je-to-njemu-u-korist\\\/\"},\"wordCount\":288,\"image\":{\"@id\":\"https:\\\/\\\/hsls.hr\\\/web\\\/sibenski-hsls-gradonacelnik-je-transparentan-samo-kad-je-to-njemu-u-korist\\\/#primaryimage\"},\"thumbnailUrl\":\"https:\\\/\\\/hsls.hr\\\/web\\\/wp-content\\\/uploads\\\/2024\\\/10\\\/IMG_1566.jpg\",\"articleSection\":[\"Nacionalno\"],\"inLanguage\":\"hr\"},{\"@type\":\"WebPage\",\"@id\":\"https:\\\/\\\/hsls.hr\\\/web\\\/sibenski-hsls-gradonacelnik-je-transparentan-samo-kad-je-to-njemu-u-korist\\\/\",\"url\":\"https:\\\/\\\/hsls.hr\\\/web\\\/sibenski-hsls-gradonacelnik-je-transparentan-samo-kad-je-to-njemu-u-korist\\\/\",\"name\":\"\u0160ibenski HSLS: \\\" Gradona\u010delnik je transparentan samo kad je to njemu u korist\\\" - HSLS\",\"isPartOf\":{\"@id\":\"https:\\\/\\\/hsls.hr\\\/web\\\/#website\"},\"primaryImageOfPage\":{\"@id\":\"https:\\\/\\\/hsls.hr\\\/web\\\/sibenski-hsls-gradonacelnik-je-transparentan-samo-kad-je-to-njemu-u-korist\\\/#primaryimage\"},\"image\":{\"@id\":\"https:\\\/\\\/hsls.hr\\\/web\\\/sibenski-hsls-gradonacelnik-je-transparentan-samo-kad-je-to-njemu-u-korist\\\/#primaryimage\"},\"thumbnailUrl\":\"https:\\\/\\\/hsls.hr\\\/web\\\/wp-content\\\/uploads\\\/2024\\\/10\\\/IMG_1566.jpg\",\"datePublished\":\"2024-10-02T10:15:31+00:00\",\"author\":{\"@id\":\"https:\\\/\\\/hsls.hr\\\/web\\\/#\\\/schema\\\/person\\\/dea51e5bcfb0e0c8c7009d02d234a0a4\"},\"breadcrumb\":{\"@id\":\"https:\\\/\\\/hsls.hr\\\/web\\\/sibenski-hsls-gradonacelnik-je-transparentan-samo-kad-je-to-njemu-u-korist\\\/#breadcrumb\"},\"inLanguage\":\"hr\",\"potentialAction\":[{\"@type\":\"ReadAction\",\"target\":[\"https:\\\/\\\/hsls.hr\\\/web\\\/sibenski-hsls-gradonacelnik-je-transparentan-samo-kad-je-to-njemu-u-korist\\\/\"]}]},{\"@type\":\"ImageObject\",\"inLanguage\":\"hr\",\"@id\":\"https:\\\/\\\/hsls.hr\\\/web\\\/sibenski-hsls-gradonacelnik-je-transparentan-samo-kad-je-to-njemu-u-korist\\\/#primaryimage\",\"url\":\"https:\\\/\\\/hsls.hr\\\/web\\\/wp-content\\\/uploads\\\/2024\\\/10\\\/IMG_1566.jpg\",\"contentUrl\":\"https:\\\/\\\/hsls.hr\\\/web\\\/wp-content\\\/uploads\\\/2024\\\/10\\\/IMG_1566.jpg\",\"width\":452,\"height\":640},{\"@type\":\"BreadcrumbList\",\"@id\":\"https:\\\/\\\/hsls.hr\\\/web\\\/sibenski-hsls-gradonacelnik-je-transparentan-samo-kad-je-to-njemu-u-korist\\\/#breadcrumb\",\"itemListElement\":[{\"@type\":\"ListItem\",\"position\":1,\"name\":\"Po\u010detna stranica\",\"item\":\"https:\\\/\\\/hsls.hr\\\/web\\\/\"},{\"@type\":\"ListItem\",\"position\":2,\"name\":\"\u0160ibenski HSLS: &#8221; Gradona\u010delnik je transparentan samo kad je to njemu u korist&#8221;\"}]},{\"@type\":\"WebSite\",\"@id\":\"https:\\\/\\\/hsls.hr\\\/web\\\/#website\",\"url\":\"https:\\\/\\\/hsls.hr\\\/web\\\/\",\"name\":\"HSLS\",\"description\":\"Hrvatska socijalno-liberalna stranka\",\"potentialAction\":[{\"@type\":\"SearchAction\",\"target\":{\"@type\":\"EntryPoint\",\"urlTemplate\":\"https:\\\/\\\/hsls.hr\\\/web\\\/?s={search_term_string}\"},\"query-input\":{\"@type\":\"PropertyValueSpecification\",\"valueRequired\":true,\"valueName\":\"search_term_string\"}}],\"inLanguage\":\"hr\"},{\"@type\":\"Person\",\"@id\":\"https:\\\/\\\/hsls.hr\\\/web\\\/#\\\/schema\\\/person\\\/dea51e5bcfb0e0c8c7009d02d234a0a4\",\"name\":\"HSLS direkcija\",\"image\":{\"@type\":\"ImageObject\",\"inLanguage\":\"hr\",\"@id\":\"https:\\\/\\\/secure.gravatar.com\\\/avatar\\\/df5ca40262515c9bee2d1cc9e2fa6e0638d495a850bf7c4f27367835cd09e867?s=96&d=mm&r=g\",\"url\":\"https:\\\/\\\/secure.gravatar.com\\\/avatar\\\/df5ca40262515c9bee2d1cc9e2fa6e0638d495a850bf7c4f27367835cd09e867?s=96&d=mm&r=g\",\"contentUrl\":\"https:\\\/\\\/secure.gravatar.com\\\/avatar\\\/df5ca40262515c9bee2d1cc9e2fa6e0638d495a850bf7c4f27367835cd09e867?s=96&d=mm&r=g\",\"caption\":\"HSLS direkcija\"},\"url\":\"https:\\\/\\\/hsls.hr\\\/web\\\/author\\\/hslsdirekcija\\\/\"}]}<\/script>\n<!-- \/ Yoast SEO plugin. -->","yoast_head_json":{"title":"\u0160ibenski HSLS: \" Gradona\u010delnik je transparentan samo kad je to njemu u korist\" - HSLS","robots":{"index":"index","follow":"follow","max-snippet":"max-snippet:-1","max-image-preview":"max-image-preview:large","max-video-preview":"max-video-preview:-1"},"canonical":"https:\/\/hsls.hr\/web\/sibenski-hsls-gradonacelnik-je-transparentan-samo-kad-je-to-njemu-u-korist\/","og_locale":"hr_HR","og_type":"article","og_title":"\u0160ibenski HSLS: \" Gradona\u010delnik je transparentan samo kad je to njemu u korist\" - HSLS","og_description":"Gradska organizacija Hrvatske socijalno &#8211; liberalne stranke \u0160ibenik oglasila se priop\u0107enjem u kojem isti\u010du kako ne podr\u017eavaju na\u010din komunikacije gradona\u010delnika \u017deljka Buri\u0107a s gradskim vije\u0107nicima i \u0161ibenskom javno\u0161\u0107u.\u00a0 &#8216;Naime, gradona\u010delnik&hellip;","og_url":"https:\/\/hsls.hr\/web\/sibenski-hsls-gradonacelnik-je-transparentan-samo-kad-je-to-njemu-u-korist\/","og_site_name":"HSLS","article_published_time":"2024-10-02T10:15:31+00:00","author":"HSLS direkcija","twitter_card":"summary_large_image","twitter_misc":{"Napisao\/la":"HSLS direkcija","Procijenjeno vrijeme \u010ditanja":"1 minuta"},"schema":{"@context":"https:\/\/schema.org","@graph":[{"@type":"Article","@id":"https:\/\/hsls.hr\/web\/sibenski-hsls-gradonacelnik-je-transparentan-samo-kad-je-to-njemu-u-korist\/#article","isPartOf":{"@id":"https:\/\/hsls.hr\/web\/sibenski-hsls-gradonacelnik-je-transparentan-samo-kad-je-to-njemu-u-korist\/"},"author":{"name":"HSLS direkcija","@id":"https:\/\/hsls.hr\/web\/#\/schema\/person\/dea51e5bcfb0e0c8c7009d02d234a0a4"},"headline":"\u0160ibenski HSLS: &#8221; Gradona\u010delnik je transparentan samo kad je to njemu u korist&#8221;","datePublished":"2024-10-02T10:15:31+00:00","mainEntityOfPage":{"@id":"https:\/\/hsls.hr\/web\/sibenski-hsls-gradonacelnik-je-transparentan-samo-kad-je-to-njemu-u-korist\/"},"wordCount":288,"image":{"@id":"https:\/\/hsls.hr\/web\/sibenski-hsls-gradonacelnik-je-transparentan-samo-kad-je-to-njemu-u-korist\/#primaryimage"},"thumbnailUrl":"https:\/\/hsls.hr\/web\/wp-content\/uploads\/2024\/10\/IMG_1566.jpg","articleSection":["Nacionalno"],"inLanguage":"hr"},{"@type":"WebPage","@id":"https:\/\/hsls.hr\/web\/sibenski-hsls-gradonacelnik-je-transparentan-samo-kad-je-to-njemu-u-korist\/","url":"https:\/\/hsls.hr\/web\/sibenski-hsls-gradonacelnik-je-transparentan-samo-kad-je-to-njemu-u-korist\/","name":"\u0160ibenski HSLS: \" Gradona\u010delnik je transparentan samo kad je to njemu u korist\" - HSLS","isPartOf":{"@id":"https:\/\/hsls.hr\/web\/#website"},"primaryImageOfPage":{"@id":"https:\/\/hsls.hr\/web\/sibenski-hsls-gradonacelnik-je-transparentan-samo-kad-je-to-njemu-u-korist\/#primaryimage"},"image":{"@id":"https:\/\/hsls.hr\/web\/sibenski-hsls-gradonacelnik-je-transparentan-samo-kad-je-to-njemu-u-korist\/#primaryimage"},"thumbnailUrl":"https:\/\/hsls.hr\/web\/wp-content\/uploads\/2024\/10\/IMG_1566.jpg","datePublished":"2024-10-02T10:15:31+00:00","author":{"@id":"https:\/\/hsls.hr\/web\/#\/schema\/person\/dea51e5bcfb0e0c8c7009d02d234a0a4"},"breadcrumb":{"@id":"https:\/\/hsls.hr\/web\/sibenski-hsls-gradonacelnik-je-transparentan-samo-kad-je-to-njemu-u-korist\/#breadcrumb"},"inLanguage":"hr","potentialAction":[{"@type":"ReadAction","target":["https:\/\/hsls.hr\/web\/sibenski-hsls-gradonacelnik-je-transparentan-samo-kad-je-to-njemu-u-korist\/"]}]},{"@type":"ImageObject","inLanguage":"hr","@id":"https:\/\/hsls.hr\/web\/sibenski-hsls-gradonacelnik-je-transparentan-samo-kad-je-to-njemu-u-korist\/#primaryimage","url":"https:\/\/hsls.hr\/web\/wp-content\/uploads\/2024\/10\/IMG_1566.jpg","contentUrl":"https:\/\/hsls.hr\/web\/wp-content\/uploads\/2024\/10\/IMG_1566.jpg","width":452,"height":640},{"@type":"BreadcrumbList","@id":"https:\/\/hsls.hr\/web\/sibenski-hsls-gradonacelnik-je-transparentan-samo-kad-je-to-njemu-u-korist\/#breadcrumb","itemListElement":[{"@type":"ListItem","position":1,"name":"Po\u010detna stranica","item":"https:\/\/hsls.hr\/web\/"},{"@type":"ListItem","position":2,"name":"\u0160ibenski HSLS: &#8221; Gradona\u010delnik je transparentan samo kad je to njemu u korist&#8221;"}]},{"@type":"WebSite","@id":"https:\/\/hsls.hr\/web\/#website","url":"https:\/\/hsls.hr\/web\/","name":"HSLS","description":"Hrvatska socijalno-liberalna stranka","potentialAction":[{"@type":"SearchAction","target":{"@type":"EntryPoint","urlTemplate":"https:\/\/hsls.hr\/web\/?s={search_term_string}"},"query-input":{"@type":"PropertyValueSpecification","valueRequired":true,"valueName":"search_term_string"}}],"inLanguage":"hr"},{"@type":"Person","@id":"https:\/\/hsls.hr\/web\/#\/schema\/person\/dea51e5bcfb0e0c8c7009d02d234a0a4","name":"HSLS direkcija","image":{"@type":"ImageObject","inLanguage":"hr","@id":"https:\/\/secure.gravatar.com\/avatar\/df5ca40262515c9bee2d1cc9e2fa6e0638d495a850bf7c4f27367835cd09e867?s=96&d=mm&r=g","url":"https:\/\/secure.gravatar.com\/avatar\/df5ca40262515c9bee2d1cc9e2fa6e0638d495a850bf7c4f27367835cd09e867?s=96&d=mm&r=g","contentUrl":"https:\/\/secure.gravatar.com\/avatar\/df5ca40262515c9bee2d1cc9e2fa6e0638d495a850bf7c4f27367835cd09e867?s=96&d=mm&r=g","caption":"HSLS direkcija"},"url":"https:\/\/hsls.hr\/web\/author\/hslsdirekcija\/"}]}},"_links":{"self":[{"href":"https:\/\/hsls.hr\/web\/wp-json\/wp\/v2\/posts\/6305","targetHints":{"allow":["GET"]}}],"collection":[{"href":"https:\/\/hsls.hr\/web\/wp-json\/wp\/v2\/posts"}],"about":[{"href":"https:\/\/hsls.hr\/web\/wp-json\/wp\/v2\/types\/post"}],"author":[{"embeddable":true,"href":"https:\/\/hsls.hr\/web\/wp-json\/wp\/v2\/users\/10"}],"replies":[{"embeddable":true,"href":"https:\/\/hsls.hr\/web\/wp-json\/wp\/v2\/comments?post=6305"}],"version-history":[{"count":0,"href":"https:\/\/hsls.hr\/web\/wp-json\/wp\/v2\/posts\/6305\/revisions"}],"wp:featuredmedia":[{"embeddable":true,"href":"https:\/\/hsls.hr\/web\/wp-json\/wp\/v2\/media\/6304"}],"wp:attachment":[{"href":"https:\/\/hsls.hr\/web\/wp-json\/wp\/v2\/media?parent=6305"}],"wp:term":[{"taxonomy":"category","embeddable":true,"href":"https:\/\/hsls.hr\/web\/wp-json\/wp\/v2\/categories?post=6305"},{"taxonomy":"post_tag","embeddable":true,"href":"https:\/\/hsls.hr\/web\/wp-json\/wp\/v2\/tags?post=6305"}],"curies":[{"name":"wp","href":"https:\/\/api.w.org\/{rel}","templated":true}]}}