{"id":6290,"date":"2024-09-16T10:46:30","date_gmt":"2024-09-16T10:46:30","guid":{"rendered":"https:\/\/hsls.hr\/web\/kristijan-jelic-zalosno-je-da-nema-reakcije-mozemo-na-gnjusne-grafite-ubij-zenu\/"},"modified":"2024-09-16T10:46:30","modified_gmt":"2024-09-16T10:46:30","slug":"kristijan-jelic-zalosno-je-da-nema-reakcije-mozemo-na-gnjusne-grafite-ubij-zenu","status":"publish","type":"post","link":"https:\/\/hsls.hr\/web\/kristijan-jelic-zalosno-je-da-nema-reakcije-mozemo-na-gnjusne-grafite-ubij-zenu\/","title":{"rendered":"Kristijan Jeli\u0107: &#8221; \u017dalosno je da nema reakcije Mo\u017eemo na gnjusne grafite \u2018UBIJ \u017dENU\u2019!"},"content":{"rendered":"<p>Potpredsjednik zagreba\u010dke organizacije HSLS-a Kristijan Jeli\u0107 na konferenciji za novinare o\u0161tro je osudio svaku poruku koja poziva na netoleranciju, nasilje i netrpeljivost, ali i osudio i uni\u0161tavanje privatne i javne imovine. Tako\u0111er Jeli\u0107 isti\u010de, kako je vladaju\u0107a koalicija u Zagrebu brzo reagirala u osudi gnjusnih poruka koje su osvanule u petak u centru Zagreba, tako je brzo i za\u0161utjela kada se ispostavilo da je autor tih morbidnih poruka jedan od \u201enjihovih\u201c lijevih aktivista.<\/p>\n<p>Pro\u010ditaj vi\u0161e na 01Portal.hr: <a href=\"https:\/\/01portal.hr\/jelic-zalosno-je-da-nema-reakcije-mozemo-na-gnjusne-grafite-ubij-zenu-nakon-sto-su-saznali-da-je-pocinitelj-njihov-aktivist\/\">https:\/\/01portal.hr\/jelic-zalosno-je-da-nema-reakcije-mozemo-na-gnjusne-grafite-ubij-zenu-nakon-sto-su-saznali-da-je-pocinitelj-njihov-aktivist\/<\/a><\/p>\n","protected":false},"excerpt":{"rendered":"<p>Potpredsjednik zagreba\u010dke organizacije HSLS-a Kristijan Jeli\u0107 na konferenciji za novinare o\u0161tro je osudio svaku poruku koja poziva na netoleranciju, nasilje i netrpeljivost, ali i osudio i uni\u0161tavanje privatne i javne&hellip;<\/p>\n","protected":false},"author":10,"featured_media":6289,"comment_status":"","ping_status":"open","sticky":false,"template":"","format":"standard","meta":{"_lmt_disableupdate":"","_lmt_disable":"","footnotes":""},"categories":[1,3],"tags":[],"class_list":["post-6290","post","type-post","status-publish","format-standard","has-post-thumbnail","hentry","category-nacionalne-vijesti","category-zagrebacke-vijesti"],"yoast_head":"<!-- This site is optimized with the Yoast SEO plugin v27.4 - https:\/\/yoast.com\/product\/yoast-seo-wordpress\/ -->\n<title>Kristijan Jeli\u0107: &quot; \u017dalosno je da nema reakcije Mo\u017eemo na gnjusne grafite \u2018UBIJ \u017dENU\u2019! - HSLS<\/title>\n<meta name=\"robots\" content=\"index, follow, max-snippet:-1, max-image-preview:large, max-video-preview:-1\" \/>\n<link rel=\"canonical\" href=\"https:\/\/hsls.hr\/web\/kristijan-jelic-zalosno-je-da-nema-reakcije-mozemo-na-gnjusne-grafite-ubij-zenu\/\" \/>\n<meta property=\"og:locale\" content=\"hr_HR\" \/>\n<meta property=\"og:type\" content=\"article\" \/>\n<meta property=\"og:title\" content=\"Kristijan Jeli\u0107: &quot; \u017dalosno je da nema reakcije Mo\u017eemo na gnjusne grafite \u2018UBIJ \u017dENU\u2019! - HSLS\" \/>\n<meta property=\"og:description\" content=\"Potpredsjednik zagreba\u010dke organizacije HSLS-a Kristijan Jeli\u0107 na konferenciji za novinare o\u0161tro je osudio svaku poruku koja poziva na netoleranciju, nasilje i netrpeljivost, ali i osudio i uni\u0161tavanje privatne i javne&hellip;\" \/>\n<meta property=\"og:url\" content=\"https:\/\/hsls.hr\/web\/kristijan-jelic-zalosno-je-da-nema-reakcije-mozemo-na-gnjusne-grafite-ubij-zenu\/\" \/>\n<meta property=\"og:site_name\" content=\"HSLS\" \/>\n<meta property=\"article:published_time\" content=\"2024-09-16T10:46:30+00:00\" \/>\n<meta name=\"author\" content=\"HSLS direkcija\" \/>\n<meta name=\"twitter:card\" content=\"summary_large_image\" \/>\n<meta name=\"twitter:label1\" content=\"Napisao\/la\" \/>\n\t<meta name=\"twitter:data1\" content=\"HSLS direkcija\" \/>\n<script type=\"application\/ld+json\" class=\"yoast-schema-graph\">{\"@context\":\"https:\\\/\\\/schema.org\",\"@graph\":[{\"@type\":\"Article\",\"@id\":\"https:\\\/\\\/hsls.hr\\\/web\\\/kristijan-jelic-zalosno-je-da-nema-reakcije-mozemo-na-gnjusne-grafite-ubij-zenu\\\/#article\",\"isPartOf\":{\"@id\":\"https:\\\/\\\/hsls.hr\\\/web\\\/kristijan-jelic-zalosno-je-da-nema-reakcije-mozemo-na-gnjusne-grafite-ubij-zenu\\\/\"},\"author\":{\"name\":\"HSLS direkcija\",\"@id\":\"https:\\\/\\\/hsls.hr\\\/web\\\/#\\\/schema\\\/person\\\/dea51e5bcfb0e0c8c7009d02d234a0a4\"},\"headline\":\"Kristijan Jeli\u0107: &#8221; \u017dalosno je da nema reakcije Mo\u017eemo na gnjusne grafite \u2018UBIJ \u017dENU\u2019!\",\"datePublished\":\"2024-09-16T10:46:30+00:00\",\"mainEntityOfPage\":{\"@id\":\"https:\\\/\\\/hsls.hr\\\/web\\\/kristijan-jelic-zalosno-je-da-nema-reakcije-mozemo-na-gnjusne-grafite-ubij-zenu\\\/\"},\"wordCount\":105,\"image\":{\"@id\":\"https:\\\/\\\/hsls.hr\\\/web\\\/kristijan-jelic-zalosno-je-da-nema-reakcije-mozemo-na-gnjusne-grafite-ubij-zenu\\\/#primaryimage\"},\"thumbnailUrl\":\"https:\\\/\\\/hsls.hr\\\/web\\\/wp-content\\\/uploads\\\/2024\\\/09\\\/66f2fe86ff40c3517ad4.jpeg\",\"articleSection\":[\"Nacionalno\",\"Zagreb\"],\"inLanguage\":\"hr\"},{\"@type\":\"WebPage\",\"@id\":\"https:\\\/\\\/hsls.hr\\\/web\\\/kristijan-jelic-zalosno-je-da-nema-reakcije-mozemo-na-gnjusne-grafite-ubij-zenu\\\/\",\"url\":\"https:\\\/\\\/hsls.hr\\\/web\\\/kristijan-jelic-zalosno-je-da-nema-reakcije-mozemo-na-gnjusne-grafite-ubij-zenu\\\/\",\"name\":\"Kristijan Jeli\u0107: \\\" \u017dalosno je da nema reakcije Mo\u017eemo na gnjusne grafite \u2018UBIJ \u017dENU\u2019! - HSLS\",\"isPartOf\":{\"@id\":\"https:\\\/\\\/hsls.hr\\\/web\\\/#website\"},\"primaryImageOfPage\":{\"@id\":\"https:\\\/\\\/hsls.hr\\\/web\\\/kristijan-jelic-zalosno-je-da-nema-reakcije-mozemo-na-gnjusne-grafite-ubij-zenu\\\/#primaryimage\"},\"image\":{\"@id\":\"https:\\\/\\\/hsls.hr\\\/web\\\/kristijan-jelic-zalosno-je-da-nema-reakcije-mozemo-na-gnjusne-grafite-ubij-zenu\\\/#primaryimage\"},\"thumbnailUrl\":\"https:\\\/\\\/hsls.hr\\\/web\\\/wp-content\\\/uploads\\\/2024\\\/09\\\/66f2fe86ff40c3517ad4.jpeg\",\"datePublished\":\"2024-09-16T10:46:30+00:00\",\"author\":{\"@id\":\"https:\\\/\\\/hsls.hr\\\/web\\\/#\\\/schema\\\/person\\\/dea51e5bcfb0e0c8c7009d02d234a0a4\"},\"breadcrumb\":{\"@id\":\"https:\\\/\\\/hsls.hr\\\/web\\\/kristijan-jelic-zalosno-je-da-nema-reakcije-mozemo-na-gnjusne-grafite-ubij-zenu\\\/#breadcrumb\"},\"inLanguage\":\"hr\",\"potentialAction\":[{\"@type\":\"ReadAction\",\"target\":[\"https:\\\/\\\/hsls.hr\\\/web\\\/kristijan-jelic-zalosno-je-da-nema-reakcije-mozemo-na-gnjusne-grafite-ubij-zenu\\\/\"]}]},{\"@type\":\"ImageObject\",\"inLanguage\":\"hr\",\"@id\":\"https:\\\/\\\/hsls.hr\\\/web\\\/kristijan-jelic-zalosno-je-da-nema-reakcije-mozemo-na-gnjusne-grafite-ubij-zenu\\\/#primaryimage\",\"url\":\"https:\\\/\\\/hsls.hr\\\/web\\\/wp-content\\\/uploads\\\/2024\\\/09\\\/66f2fe86ff40c3517ad4.jpeg\",\"contentUrl\":\"https:\\\/\\\/hsls.hr\\\/web\\\/wp-content\\\/uploads\\\/2024\\\/09\\\/66f2fe86ff40c3517ad4.jpeg\",\"width\":1363,\"height\":1080},{\"@type\":\"BreadcrumbList\",\"@id\":\"https:\\\/\\\/hsls.hr\\\/web\\\/kristijan-jelic-zalosno-je-da-nema-reakcije-mozemo-na-gnjusne-grafite-ubij-zenu\\\/#breadcrumb\",\"itemListElement\":[{\"@type\":\"ListItem\",\"position\":1,\"name\":\"Po\u010detna stranica\",\"item\":\"https:\\\/\\\/hsls.hr\\\/web\\\/\"},{\"@type\":\"ListItem\",\"position\":2,\"name\":\"Kristijan Jeli\u0107: &#8221; \u017dalosno je da nema reakcije Mo\u017eemo na gnjusne grafite \u2018UBIJ \u017dENU\u2019!\"}]},{\"@type\":\"WebSite\",\"@id\":\"https:\\\/\\\/hsls.hr\\\/web\\\/#website\",\"url\":\"https:\\\/\\\/hsls.hr\\\/web\\\/\",\"name\":\"HSLS\",\"description\":\"Hrvatska socijalno-liberalna stranka\",\"potentialAction\":[{\"@type\":\"SearchAction\",\"target\":{\"@type\":\"EntryPoint\",\"urlTemplate\":\"https:\\\/\\\/hsls.hr\\\/web\\\/?s={search_term_string}\"},\"query-input\":{\"@type\":\"PropertyValueSpecification\",\"valueRequired\":true,\"valueName\":\"search_term_string\"}}],\"inLanguage\":\"hr\"},{\"@type\":\"Person\",\"@id\":\"https:\\\/\\\/hsls.hr\\\/web\\\/#\\\/schema\\\/person\\\/dea51e5bcfb0e0c8c7009d02d234a0a4\",\"name\":\"HSLS direkcija\",\"image\":{\"@type\":\"ImageObject\",\"inLanguage\":\"hr\",\"@id\":\"https:\\\/\\\/secure.gravatar.com\\\/avatar\\\/df5ca40262515c9bee2d1cc9e2fa6e0638d495a850bf7c4f27367835cd09e867?s=96&d=mm&r=g\",\"url\":\"https:\\\/\\\/secure.gravatar.com\\\/avatar\\\/df5ca40262515c9bee2d1cc9e2fa6e0638d495a850bf7c4f27367835cd09e867?s=96&d=mm&r=g\",\"contentUrl\":\"https:\\\/\\\/secure.gravatar.com\\\/avatar\\\/df5ca40262515c9bee2d1cc9e2fa6e0638d495a850bf7c4f27367835cd09e867?s=96&d=mm&r=g\",\"caption\":\"HSLS direkcija\"},\"url\":\"https:\\\/\\\/hsls.hr\\\/web\\\/author\\\/hslsdirekcija\\\/\"}]}<\/script>\n<!-- \/ Yoast SEO plugin. -->","yoast_head_json":{"title":"Kristijan Jeli\u0107: \" \u017dalosno je da nema reakcije Mo\u017eemo na gnjusne grafite \u2018UBIJ \u017dENU\u2019! - HSLS","robots":{"index":"index","follow":"follow","max-snippet":"max-snippet:-1","max-image-preview":"max-image-preview:large","max-video-preview":"max-video-preview:-1"},"canonical":"https:\/\/hsls.hr\/web\/kristijan-jelic-zalosno-je-da-nema-reakcije-mozemo-na-gnjusne-grafite-ubij-zenu\/","og_locale":"hr_HR","og_type":"article","og_title":"Kristijan Jeli\u0107: \" \u017dalosno je da nema reakcije Mo\u017eemo na gnjusne grafite \u2018UBIJ \u017dENU\u2019! - HSLS","og_description":"Potpredsjednik zagreba\u010dke organizacije HSLS-a Kristijan Jeli\u0107 na konferenciji za novinare o\u0161tro je osudio svaku poruku koja poziva na netoleranciju, nasilje i netrpeljivost, ali i osudio i uni\u0161tavanje privatne i javne&hellip;","og_url":"https:\/\/hsls.hr\/web\/kristijan-jelic-zalosno-je-da-nema-reakcije-mozemo-na-gnjusne-grafite-ubij-zenu\/","og_site_name":"HSLS","article_published_time":"2024-09-16T10:46:30+00:00","author":"HSLS direkcija","twitter_card":"summary_large_image","twitter_misc":{"Napisao\/la":"HSLS direkcija"},"schema":{"@context":"https:\/\/schema.org","@graph":[{"@type":"Article","@id":"https:\/\/hsls.hr\/web\/kristijan-jelic-zalosno-je-da-nema-reakcije-mozemo-na-gnjusne-grafite-ubij-zenu\/#article","isPartOf":{"@id":"https:\/\/hsls.hr\/web\/kristijan-jelic-zalosno-je-da-nema-reakcije-mozemo-na-gnjusne-grafite-ubij-zenu\/"},"author":{"name":"HSLS direkcija","@id":"https:\/\/hsls.hr\/web\/#\/schema\/person\/dea51e5bcfb0e0c8c7009d02d234a0a4"},"headline":"Kristijan Jeli\u0107: &#8221; \u017dalosno je da nema reakcije Mo\u017eemo na gnjusne grafite \u2018UBIJ \u017dENU\u2019!","datePublished":"2024-09-16T10:46:30+00:00","mainEntityOfPage":{"@id":"https:\/\/hsls.hr\/web\/kristijan-jelic-zalosno-je-da-nema-reakcije-mozemo-na-gnjusne-grafite-ubij-zenu\/"},"wordCount":105,"image":{"@id":"https:\/\/hsls.hr\/web\/kristijan-jelic-zalosno-je-da-nema-reakcije-mozemo-na-gnjusne-grafite-ubij-zenu\/#primaryimage"},"thumbnailUrl":"https:\/\/hsls.hr\/web\/wp-content\/uploads\/2024\/09\/66f2fe86ff40c3517ad4.jpeg","articleSection":["Nacionalno","Zagreb"],"inLanguage":"hr"},{"@type":"WebPage","@id":"https:\/\/hsls.hr\/web\/kristijan-jelic-zalosno-je-da-nema-reakcije-mozemo-na-gnjusne-grafite-ubij-zenu\/","url":"https:\/\/hsls.hr\/web\/kristijan-jelic-zalosno-je-da-nema-reakcije-mozemo-na-gnjusne-grafite-ubij-zenu\/","name":"Kristijan Jeli\u0107: \" \u017dalosno je da nema reakcije Mo\u017eemo na gnjusne grafite \u2018UBIJ \u017dENU\u2019! - HSLS","isPartOf":{"@id":"https:\/\/hsls.hr\/web\/#website"},"primaryImageOfPage":{"@id":"https:\/\/hsls.hr\/web\/kristijan-jelic-zalosno-je-da-nema-reakcije-mozemo-na-gnjusne-grafite-ubij-zenu\/#primaryimage"},"image":{"@id":"https:\/\/hsls.hr\/web\/kristijan-jelic-zalosno-je-da-nema-reakcije-mozemo-na-gnjusne-grafite-ubij-zenu\/#primaryimage"},"thumbnailUrl":"https:\/\/hsls.hr\/web\/wp-content\/uploads\/2024\/09\/66f2fe86ff40c3517ad4.jpeg","datePublished":"2024-09-16T10:46:30+00:00","author":{"@id":"https:\/\/hsls.hr\/web\/#\/schema\/person\/dea51e5bcfb0e0c8c7009d02d234a0a4"},"breadcrumb":{"@id":"https:\/\/hsls.hr\/web\/kristijan-jelic-zalosno-je-da-nema-reakcije-mozemo-na-gnjusne-grafite-ubij-zenu\/#breadcrumb"},"inLanguage":"hr","potentialAction":[{"@type":"ReadAction","target":["https:\/\/hsls.hr\/web\/kristijan-jelic-zalosno-je-da-nema-reakcije-mozemo-na-gnjusne-grafite-ubij-zenu\/"]}]},{"@type":"ImageObject","inLanguage":"hr","@id":"https:\/\/hsls.hr\/web\/kristijan-jelic-zalosno-je-da-nema-reakcije-mozemo-na-gnjusne-grafite-ubij-zenu\/#primaryimage","url":"https:\/\/hsls.hr\/web\/wp-content\/uploads\/2024\/09\/66f2fe86ff40c3517ad4.jpeg","contentUrl":"https:\/\/hsls.hr\/web\/wp-content\/uploads\/2024\/09\/66f2fe86ff40c3517ad4.jpeg","width":1363,"height":1080},{"@type":"BreadcrumbList","@id":"https:\/\/hsls.hr\/web\/kristijan-jelic-zalosno-je-da-nema-reakcije-mozemo-na-gnjusne-grafite-ubij-zenu\/#breadcrumb","itemListElement":[{"@type":"ListItem","position":1,"name":"Po\u010detna stranica","item":"https:\/\/hsls.hr\/web\/"},{"@type":"ListItem","position":2,"name":"Kristijan Jeli\u0107: &#8221; \u017dalosno je da nema reakcije Mo\u017eemo na gnjusne grafite \u2018UBIJ \u017dENU\u2019!"}]},{"@type":"WebSite","@id":"https:\/\/hsls.hr\/web\/#website","url":"https:\/\/hsls.hr\/web\/","name":"HSLS","description":"Hrvatska socijalno-liberalna stranka","potentialAction":[{"@type":"SearchAction","target":{"@type":"EntryPoint","urlTemplate":"https:\/\/hsls.hr\/web\/?s={search_term_string}"},"query-input":{"@type":"PropertyValueSpecification","valueRequired":true,"valueName":"search_term_string"}}],"inLanguage":"hr"},{"@type":"Person","@id":"https:\/\/hsls.hr\/web\/#\/schema\/person\/dea51e5bcfb0e0c8c7009d02d234a0a4","name":"HSLS direkcija","image":{"@type":"ImageObject","inLanguage":"hr","@id":"https:\/\/secure.gravatar.com\/avatar\/df5ca40262515c9bee2d1cc9e2fa6e0638d495a850bf7c4f27367835cd09e867?s=96&d=mm&r=g","url":"https:\/\/secure.gravatar.com\/avatar\/df5ca40262515c9bee2d1cc9e2fa6e0638d495a850bf7c4f27367835cd09e867?s=96&d=mm&r=g","contentUrl":"https:\/\/secure.gravatar.com\/avatar\/df5ca40262515c9bee2d1cc9e2fa6e0638d495a850bf7c4f27367835cd09e867?s=96&d=mm&r=g","caption":"HSLS direkcija"},"url":"https:\/\/hsls.hr\/web\/author\/hslsdirekcija\/"}]}},"_links":{"self":[{"href":"https:\/\/hsls.hr\/web\/wp-json\/wp\/v2\/posts\/6290","targetHints":{"allow":["GET"]}}],"collection":[{"href":"https:\/\/hsls.hr\/web\/wp-json\/wp\/v2\/posts"}],"about":[{"href":"https:\/\/hsls.hr\/web\/wp-json\/wp\/v2\/types\/post"}],"author":[{"embeddable":true,"href":"https:\/\/hsls.hr\/web\/wp-json\/wp\/v2\/users\/10"}],"replies":[{"embeddable":true,"href":"https:\/\/hsls.hr\/web\/wp-json\/wp\/v2\/comments?post=6290"}],"version-history":[{"count":0,"href":"https:\/\/hsls.hr\/web\/wp-json\/wp\/v2\/posts\/6290\/revisions"}],"wp:featuredmedia":[{"embeddable":true,"href":"https:\/\/hsls.hr\/web\/wp-json\/wp\/v2\/media\/6289"}],"wp:attachment":[{"href":"https:\/\/hsls.hr\/web\/wp-json\/wp\/v2\/media?parent=6290"}],"wp:term":[{"taxonomy":"category","embeddable":true,"href":"https:\/\/hsls.hr\/web\/wp-json\/wp\/v2\/categories?post=6290"},{"taxonomy":"post_tag","embeddable":true,"href":"https:\/\/hsls.hr\/web\/wp-json\/wp\/v2\/tags?post=6290"}],"curies":[{"name":"wp","href":"https:\/\/api.w.org\/{rel}","templated":true}]}}