{"id":6288,"date":"2024-09-16T10:21:50","date_gmt":"2024-09-16T10:21:50","guid":{"rendered":"https:\/\/hsls.hr\/web\/predsjednik-sinjskog-hsls-a-sjasi-kurta-da-uzjasi-murta\/"},"modified":"2024-09-16T10:21:50","modified_gmt":"2024-09-16T10:21:50","slug":"predsjednik-sinjskog-hsls-a-sjasi-kurta-da-uzjasi-murta","status":"publish","type":"post","link":"https:\/\/hsls.hr\/web\/predsjednik-sinjskog-hsls-a-sjasi-kurta-da-uzjasi-murta\/","title":{"rendered":"Predsjednik sinjskog HSLS-a \u2013 \u201cSja\u0161i Kurta da uzja\u0161i Murta\u201d"},"content":{"rendered":"<p>Predsjednik HSLS-a Sinj <strong>Tomislav Klari\u0107 Kukuz, <\/strong>osvrnuo se u pisanom priop\u0107enju na derutno stanje zgrada u u\u017eem centru Sinja i njihovu za\u0161titu. Priop\u0107enje prenosimo u cijelosti:<\/p>\n<p>\u2018 Po\u0161tovani gra\u0111ani grada Sinja,<\/p>\n<p>dok se politi\u010dka vrhu\u0161ka grada Sinja ve\u0107inu vremena bavi\u00a0 smi\u0161ljanjem proma\u0161enih politi\u010dkih\u00a0 akcija i poteza, i dok evo ve\u0107 \u010detvrtu godinu \u010dekamo da shvate da nisu vi\u0161e u oporbi za to vrijeme sa stambenih zgrada u naju\u017eem centru grada Sinja padaju opasni po \u017eivot prolaznika komadi krovi\u0161ta i konstrukcije krovi\u0161ta uslijed vi\u0161egodi\u0161nje nebrige.<\/p>\n<p>Ono \u0161to su gra\u0111ani grada Sinja o\u010dekivali od sada\u0161nje vlasti je promjena na bolje, a dobili smo samo izgubljeno vrijeme. Po onoj staroj \u201csja\u0161i Kurta da uzja\u0161i Murta\u201d do nikakve promjene u upravljanju gradom nije do\u0161lo samo su nam zgrade postale starije, a problemi postali ve\u0107i.<\/p>\n<p>Svjedoci smo da je nedavno ogra\u0111en dio sinjske pijace ispred zgrade koja nema upravitelja te je isto tako privatno vlasni\u0161tvo pa se postavlja pitanje tko je odgovoran i tko \u0107e rije\u0161iti te probleme?<\/p>\n<p>\u010cinjenica je da u svom mandatu sada\u0161nja sinjska vlast, iako svjesna problematike, nije napravila popis stambenih zgrada koje nemaju upravitelja i nije odredila prinudnog upravitelja za podru\u010dje grada Sinja, \u010dime sinjska vlast postaje odgovorna za ove probleme. Zakon RH ka\u017ee da je svaki objekt s tri ili vi\u0161e posebnih cjelina stambena zgrada te mora imati upravitelja, a ako ga suvlasnici sami ne izaberu grad Sinj\u00a0 ga zgradi MORA dodijeliti. Ovo je definirano zakonom od 1998. godine. \u0160to smo radili do sada?<\/p>\n<p>Grad Sinj na svojim stranicama lakonski skida odgovornost sa sebe te ka\u017ee citiramo:\u201d Zbog toga \u0161to se radi o za\u0161ti\u0107enom kulturnom dobru, Komunalno redarstvo je odmah obavijestilo Konzervatorski zavod u Splitu, koji je nadle\u017ean za ovu lokaciju.\u201d.<\/p>\n<p>Ovo naprosto nije istina, odgovornost Konzervatorskog zavoda je da se brine da zgrade budu obnovljene prema propisima i prema projektu te da zadr\u017ee svoj izvorni oblik. To ne zna\u010di da je Konzervatorski zavod odgovoran, odgovoran je grad Sinj koji ne zna da mora ili ne \u017eeli imenovati prinudnog upravitelja. Niti je bitno da li ja\u0161e Kurta ili Murta niti je bitno da li \u017eele ili ne znaju, nama svejedno padaju komadi po glavi dok \u0161etamo gradom.<\/p>\n<p>Poru\u010dujemo politi\u010dkoj stranci \u201cMiro Bulj\u201d, po\u010dnite raditi!<\/p>\n<p>S po\u0161tovanjem,<\/p>\n<p>Tomislav Klari\u0107-Kukuz, mag.oec, MBA<\/p>\n<p>Predsjednik Ogranka HSLS Sinj<\/p>\n","protected":false},"excerpt":{"rendered":"<p>Predsjednik HSLS-a Sinj Tomislav Klari\u0107 Kukuz, osvrnuo se u pisanom priop\u0107enju na derutno stanje zgrada u u\u017eem centru Sinja i njihovu za\u0161titu. Priop\u0107enje prenosimo u cijelosti: \u2018 Po\u0161tovani gra\u0111ani grada&hellip;<\/p>\n","protected":false},"author":10,"featured_media":6221,"comment_status":"","ping_status":"open","sticky":false,"template":"","format":"standard","meta":{"_lmt_disableupdate":"","_lmt_disable":"","footnotes":""},"categories":[1],"tags":[],"class_list":["post-6288","post","type-post","status-publish","format-standard","has-post-thumbnail","hentry","category-nacionalne-vijesti"],"yoast_head":"<!-- This site is optimized with the Yoast SEO plugin v27.4 - https:\/\/yoast.com\/product\/yoast-seo-wordpress\/ -->\n<title>Predsjednik sinjskog HSLS-a \u2013 \u201cSja\u0161i Kurta da uzja\u0161i Murta\u201d - HSLS<\/title>\n<meta name=\"robots\" content=\"index, follow, max-snippet:-1, max-image-preview:large, max-video-preview:-1\" \/>\n<link rel=\"canonical\" href=\"https:\/\/hsls.hr\/web\/predsjednik-sinjskog-hsls-a-sjasi-kurta-da-uzjasi-murta\/\" \/>\n<meta property=\"og:locale\" content=\"hr_HR\" \/>\n<meta property=\"og:type\" content=\"article\" \/>\n<meta property=\"og:title\" content=\"Predsjednik sinjskog HSLS-a \u2013 \u201cSja\u0161i Kurta da uzja\u0161i Murta\u201d - HSLS\" \/>\n<meta property=\"og:description\" content=\"Predsjednik HSLS-a Sinj Tomislav Klari\u0107 Kukuz, osvrnuo se u pisanom priop\u0107enju na derutno stanje zgrada u u\u017eem centru Sinja i njihovu za\u0161titu. Priop\u0107enje prenosimo u cijelosti: \u2018 Po\u0161tovani gra\u0111ani grada&hellip;\" \/>\n<meta property=\"og:url\" content=\"https:\/\/hsls.hr\/web\/predsjednik-sinjskog-hsls-a-sjasi-kurta-da-uzjasi-murta\/\" \/>\n<meta property=\"og:site_name\" content=\"HSLS\" \/>\n<meta property=\"article:published_time\" content=\"2024-09-16T10:21:50+00:00\" \/>\n<meta name=\"author\" content=\"HSLS direkcija\" \/>\n<meta name=\"twitter:card\" content=\"summary_large_image\" \/>\n<meta name=\"twitter:label1\" content=\"Napisao\/la\" \/>\n\t<meta name=\"twitter:data1\" content=\"HSLS direkcija\" \/>\n\t<meta name=\"twitter:label2\" content=\"Procijenjeno vrijeme \u010ditanja\" \/>\n\t<meta name=\"twitter:data2\" content=\"2 minute\" \/>\n<script type=\"application\/ld+json\" class=\"yoast-schema-graph\">{\"@context\":\"https:\\\/\\\/schema.org\",\"@graph\":[{\"@type\":\"Article\",\"@id\":\"https:\\\/\\\/hsls.hr\\\/web\\\/predsjednik-sinjskog-hsls-a-sjasi-kurta-da-uzjasi-murta\\\/#article\",\"isPartOf\":{\"@id\":\"https:\\\/\\\/hsls.hr\\\/web\\\/predsjednik-sinjskog-hsls-a-sjasi-kurta-da-uzjasi-murta\\\/\"},\"author\":{\"name\":\"HSLS direkcija\",\"@id\":\"https:\\\/\\\/hsls.hr\\\/web\\\/#\\\/schema\\\/person\\\/dea51e5bcfb0e0c8c7009d02d234a0a4\"},\"headline\":\"Predsjednik sinjskog HSLS-a \u2013 \u201cSja\u0161i Kurta da uzja\u0161i Murta\u201d\",\"datePublished\":\"2024-09-16T10:21:50+00:00\",\"mainEntityOfPage\":{\"@id\":\"https:\\\/\\\/hsls.hr\\\/web\\\/predsjednik-sinjskog-hsls-a-sjasi-kurta-da-uzjasi-murta\\\/\"},\"wordCount\":427,\"image\":{\"@id\":\"https:\\\/\\\/hsls.hr\\\/web\\\/predsjednik-sinjskog-hsls-a-sjasi-kurta-da-uzjasi-murta\\\/#primaryimage\"},\"thumbnailUrl\":\"https:\\\/\\\/hsls.hr\\\/web\\\/wp-content\\\/uploads\\\/2024\\\/06\\\/tomo-kk.jpg\",\"articleSection\":[\"Nacionalno\"],\"inLanguage\":\"hr\"},{\"@type\":\"WebPage\",\"@id\":\"https:\\\/\\\/hsls.hr\\\/web\\\/predsjednik-sinjskog-hsls-a-sjasi-kurta-da-uzjasi-murta\\\/\",\"url\":\"https:\\\/\\\/hsls.hr\\\/web\\\/predsjednik-sinjskog-hsls-a-sjasi-kurta-da-uzjasi-murta\\\/\",\"name\":\"Predsjednik sinjskog HSLS-a \u2013 \u201cSja\u0161i Kurta da uzja\u0161i Murta\u201d - HSLS\",\"isPartOf\":{\"@id\":\"https:\\\/\\\/hsls.hr\\\/web\\\/#website\"},\"primaryImageOfPage\":{\"@id\":\"https:\\\/\\\/hsls.hr\\\/web\\\/predsjednik-sinjskog-hsls-a-sjasi-kurta-da-uzjasi-murta\\\/#primaryimage\"},\"image\":{\"@id\":\"https:\\\/\\\/hsls.hr\\\/web\\\/predsjednik-sinjskog-hsls-a-sjasi-kurta-da-uzjasi-murta\\\/#primaryimage\"},\"thumbnailUrl\":\"https:\\\/\\\/hsls.hr\\\/web\\\/wp-content\\\/uploads\\\/2024\\\/06\\\/tomo-kk.jpg\",\"datePublished\":\"2024-09-16T10:21:50+00:00\",\"author\":{\"@id\":\"https:\\\/\\\/hsls.hr\\\/web\\\/#\\\/schema\\\/person\\\/dea51e5bcfb0e0c8c7009d02d234a0a4\"},\"breadcrumb\":{\"@id\":\"https:\\\/\\\/hsls.hr\\\/web\\\/predsjednik-sinjskog-hsls-a-sjasi-kurta-da-uzjasi-murta\\\/#breadcrumb\"},\"inLanguage\":\"hr\",\"potentialAction\":[{\"@type\":\"ReadAction\",\"target\":[\"https:\\\/\\\/hsls.hr\\\/web\\\/predsjednik-sinjskog-hsls-a-sjasi-kurta-da-uzjasi-murta\\\/\"]}]},{\"@type\":\"ImageObject\",\"inLanguage\":\"hr\",\"@id\":\"https:\\\/\\\/hsls.hr\\\/web\\\/predsjednik-sinjskog-hsls-a-sjasi-kurta-da-uzjasi-murta\\\/#primaryimage\",\"url\":\"https:\\\/\\\/hsls.hr\\\/web\\\/wp-content\\\/uploads\\\/2024\\\/06\\\/tomo-kk.jpg\",\"contentUrl\":\"https:\\\/\\\/hsls.hr\\\/web\\\/wp-content\\\/uploads\\\/2024\\\/06\\\/tomo-kk.jpg\",\"width\":610,\"height\":345},{\"@type\":\"BreadcrumbList\",\"@id\":\"https:\\\/\\\/hsls.hr\\\/web\\\/predsjednik-sinjskog-hsls-a-sjasi-kurta-da-uzjasi-murta\\\/#breadcrumb\",\"itemListElement\":[{\"@type\":\"ListItem\",\"position\":1,\"name\":\"Po\u010detna stranica\",\"item\":\"https:\\\/\\\/hsls.hr\\\/web\\\/\"},{\"@type\":\"ListItem\",\"position\":2,\"name\":\"Predsjednik sinjskog HSLS-a \u2013 \u201cSja\u0161i Kurta da uzja\u0161i Murta\u201d\"}]},{\"@type\":\"WebSite\",\"@id\":\"https:\\\/\\\/hsls.hr\\\/web\\\/#website\",\"url\":\"https:\\\/\\\/hsls.hr\\\/web\\\/\",\"name\":\"HSLS\",\"description\":\"Hrvatska socijalno-liberalna stranka\",\"potentialAction\":[{\"@type\":\"SearchAction\",\"target\":{\"@type\":\"EntryPoint\",\"urlTemplate\":\"https:\\\/\\\/hsls.hr\\\/web\\\/?s={search_term_string}\"},\"query-input\":{\"@type\":\"PropertyValueSpecification\",\"valueRequired\":true,\"valueName\":\"search_term_string\"}}],\"inLanguage\":\"hr\"},{\"@type\":\"Person\",\"@id\":\"https:\\\/\\\/hsls.hr\\\/web\\\/#\\\/schema\\\/person\\\/dea51e5bcfb0e0c8c7009d02d234a0a4\",\"name\":\"HSLS direkcija\",\"image\":{\"@type\":\"ImageObject\",\"inLanguage\":\"hr\",\"@id\":\"https:\\\/\\\/secure.gravatar.com\\\/avatar\\\/df5ca40262515c9bee2d1cc9e2fa6e0638d495a850bf7c4f27367835cd09e867?s=96&d=mm&r=g\",\"url\":\"https:\\\/\\\/secure.gravatar.com\\\/avatar\\\/df5ca40262515c9bee2d1cc9e2fa6e0638d495a850bf7c4f27367835cd09e867?s=96&d=mm&r=g\",\"contentUrl\":\"https:\\\/\\\/secure.gravatar.com\\\/avatar\\\/df5ca40262515c9bee2d1cc9e2fa6e0638d495a850bf7c4f27367835cd09e867?s=96&d=mm&r=g\",\"caption\":\"HSLS direkcija\"},\"url\":\"https:\\\/\\\/hsls.hr\\\/web\\\/author\\\/hslsdirekcija\\\/\"}]}<\/script>\n<!-- \/ Yoast SEO plugin. -->","yoast_head_json":{"title":"Predsjednik sinjskog HSLS-a \u2013 \u201cSja\u0161i Kurta da uzja\u0161i Murta\u201d - HSLS","robots":{"index":"index","follow":"follow","max-snippet":"max-snippet:-1","max-image-preview":"max-image-preview:large","max-video-preview":"max-video-preview:-1"},"canonical":"https:\/\/hsls.hr\/web\/predsjednik-sinjskog-hsls-a-sjasi-kurta-da-uzjasi-murta\/","og_locale":"hr_HR","og_type":"article","og_title":"Predsjednik sinjskog HSLS-a \u2013 \u201cSja\u0161i Kurta da uzja\u0161i Murta\u201d - HSLS","og_description":"Predsjednik HSLS-a Sinj Tomislav Klari\u0107 Kukuz, osvrnuo se u pisanom priop\u0107enju na derutno stanje zgrada u u\u017eem centru Sinja i njihovu za\u0161titu. Priop\u0107enje prenosimo u cijelosti: \u2018 Po\u0161tovani gra\u0111ani grada&hellip;","og_url":"https:\/\/hsls.hr\/web\/predsjednik-sinjskog-hsls-a-sjasi-kurta-da-uzjasi-murta\/","og_site_name":"HSLS","article_published_time":"2024-09-16T10:21:50+00:00","author":"HSLS direkcija","twitter_card":"summary_large_image","twitter_misc":{"Napisao\/la":"HSLS direkcija","Procijenjeno vrijeme \u010ditanja":"2 minute"},"schema":{"@context":"https:\/\/schema.org","@graph":[{"@type":"Article","@id":"https:\/\/hsls.hr\/web\/predsjednik-sinjskog-hsls-a-sjasi-kurta-da-uzjasi-murta\/#article","isPartOf":{"@id":"https:\/\/hsls.hr\/web\/predsjednik-sinjskog-hsls-a-sjasi-kurta-da-uzjasi-murta\/"},"author":{"name":"HSLS direkcija","@id":"https:\/\/hsls.hr\/web\/#\/schema\/person\/dea51e5bcfb0e0c8c7009d02d234a0a4"},"headline":"Predsjednik sinjskog HSLS-a \u2013 \u201cSja\u0161i Kurta da uzja\u0161i Murta\u201d","datePublished":"2024-09-16T10:21:50+00:00","mainEntityOfPage":{"@id":"https:\/\/hsls.hr\/web\/predsjednik-sinjskog-hsls-a-sjasi-kurta-da-uzjasi-murta\/"},"wordCount":427,"image":{"@id":"https:\/\/hsls.hr\/web\/predsjednik-sinjskog-hsls-a-sjasi-kurta-da-uzjasi-murta\/#primaryimage"},"thumbnailUrl":"https:\/\/hsls.hr\/web\/wp-content\/uploads\/2024\/06\/tomo-kk.jpg","articleSection":["Nacionalno"],"inLanguage":"hr"},{"@type":"WebPage","@id":"https:\/\/hsls.hr\/web\/predsjednik-sinjskog-hsls-a-sjasi-kurta-da-uzjasi-murta\/","url":"https:\/\/hsls.hr\/web\/predsjednik-sinjskog-hsls-a-sjasi-kurta-da-uzjasi-murta\/","name":"Predsjednik sinjskog HSLS-a \u2013 \u201cSja\u0161i Kurta da uzja\u0161i Murta\u201d - HSLS","isPartOf":{"@id":"https:\/\/hsls.hr\/web\/#website"},"primaryImageOfPage":{"@id":"https:\/\/hsls.hr\/web\/predsjednik-sinjskog-hsls-a-sjasi-kurta-da-uzjasi-murta\/#primaryimage"},"image":{"@id":"https:\/\/hsls.hr\/web\/predsjednik-sinjskog-hsls-a-sjasi-kurta-da-uzjasi-murta\/#primaryimage"},"thumbnailUrl":"https:\/\/hsls.hr\/web\/wp-content\/uploads\/2024\/06\/tomo-kk.jpg","datePublished":"2024-09-16T10:21:50+00:00","author":{"@id":"https:\/\/hsls.hr\/web\/#\/schema\/person\/dea51e5bcfb0e0c8c7009d02d234a0a4"},"breadcrumb":{"@id":"https:\/\/hsls.hr\/web\/predsjednik-sinjskog-hsls-a-sjasi-kurta-da-uzjasi-murta\/#breadcrumb"},"inLanguage":"hr","potentialAction":[{"@type":"ReadAction","target":["https:\/\/hsls.hr\/web\/predsjednik-sinjskog-hsls-a-sjasi-kurta-da-uzjasi-murta\/"]}]},{"@type":"ImageObject","inLanguage":"hr","@id":"https:\/\/hsls.hr\/web\/predsjednik-sinjskog-hsls-a-sjasi-kurta-da-uzjasi-murta\/#primaryimage","url":"https:\/\/hsls.hr\/web\/wp-content\/uploads\/2024\/06\/tomo-kk.jpg","contentUrl":"https:\/\/hsls.hr\/web\/wp-content\/uploads\/2024\/06\/tomo-kk.jpg","width":610,"height":345},{"@type":"BreadcrumbList","@id":"https:\/\/hsls.hr\/web\/predsjednik-sinjskog-hsls-a-sjasi-kurta-da-uzjasi-murta\/#breadcrumb","itemListElement":[{"@type":"ListItem","position":1,"name":"Po\u010detna stranica","item":"https:\/\/hsls.hr\/web\/"},{"@type":"ListItem","position":2,"name":"Predsjednik sinjskog HSLS-a \u2013 \u201cSja\u0161i Kurta da uzja\u0161i Murta\u201d"}]},{"@type":"WebSite","@id":"https:\/\/hsls.hr\/web\/#website","url":"https:\/\/hsls.hr\/web\/","name":"HSLS","description":"Hrvatska socijalno-liberalna stranka","potentialAction":[{"@type":"SearchAction","target":{"@type":"EntryPoint","urlTemplate":"https:\/\/hsls.hr\/web\/?s={search_term_string}"},"query-input":{"@type":"PropertyValueSpecification","valueRequired":true,"valueName":"search_term_string"}}],"inLanguage":"hr"},{"@type":"Person","@id":"https:\/\/hsls.hr\/web\/#\/schema\/person\/dea51e5bcfb0e0c8c7009d02d234a0a4","name":"HSLS direkcija","image":{"@type":"ImageObject","inLanguage":"hr","@id":"https:\/\/secure.gravatar.com\/avatar\/df5ca40262515c9bee2d1cc9e2fa6e0638d495a850bf7c4f27367835cd09e867?s=96&d=mm&r=g","url":"https:\/\/secure.gravatar.com\/avatar\/df5ca40262515c9bee2d1cc9e2fa6e0638d495a850bf7c4f27367835cd09e867?s=96&d=mm&r=g","contentUrl":"https:\/\/secure.gravatar.com\/avatar\/df5ca40262515c9bee2d1cc9e2fa6e0638d495a850bf7c4f27367835cd09e867?s=96&d=mm&r=g","caption":"HSLS direkcija"},"url":"https:\/\/hsls.hr\/web\/author\/hslsdirekcija\/"}]}},"_links":{"self":[{"href":"https:\/\/hsls.hr\/web\/wp-json\/wp\/v2\/posts\/6288","targetHints":{"allow":["GET"]}}],"collection":[{"href":"https:\/\/hsls.hr\/web\/wp-json\/wp\/v2\/posts"}],"about":[{"href":"https:\/\/hsls.hr\/web\/wp-json\/wp\/v2\/types\/post"}],"author":[{"embeddable":true,"href":"https:\/\/hsls.hr\/web\/wp-json\/wp\/v2\/users\/10"}],"replies":[{"embeddable":true,"href":"https:\/\/hsls.hr\/web\/wp-json\/wp\/v2\/comments?post=6288"}],"version-history":[{"count":0,"href":"https:\/\/hsls.hr\/web\/wp-json\/wp\/v2\/posts\/6288\/revisions"}],"wp:featuredmedia":[{"embeddable":true,"href":"https:\/\/hsls.hr\/web\/wp-json\/wp\/v2\/media\/6221"}],"wp:attachment":[{"href":"https:\/\/hsls.hr\/web\/wp-json\/wp\/v2\/media?parent=6288"}],"wp:term":[{"taxonomy":"category","embeddable":true,"href":"https:\/\/hsls.hr\/web\/wp-json\/wp\/v2\/categories?post=6288"},{"taxonomy":"post_tag","embeddable":true,"href":"https:\/\/hsls.hr\/web\/wp-json\/wp\/v2\/tags?post=6288"}],"curies":[{"name":"wp","href":"https:\/\/api.w.org\/{rel}","templated":true}]}}