{"id":6009,"date":"2024-04-06T07:54:06","date_gmt":"2024-04-06T07:54:06","guid":{"rendered":"https:\/\/hsls.hr\/web\/?p=6009"},"modified":"2024-04-06T15:38:39","modified_gmt":"2024-04-06T15:38:39","slug":"liberalke-hsls-a-grada-zagreba-femicidi","status":"publish","type":"post","link":"https:\/\/hsls.hr\/web\/liberalke-hsls-a-grada-zagreba-femicidi\/","title":{"rendered":"Liberalke HSLS-a Grada Zagreba &#8211; Femicidi"},"content":{"rendered":"\n<p><em>Priop\u0107enje predsjednice Liberalki HSLS-a Grada Zagreba, Dijane Radovnikovi\u0107. Zgro\u017eene jo\u0161 jednim u nizu ubojstava \u017eene od strane partnera..<\/em>.<\/p>\n\n\n\n<p><strong><em>Kao liberalke, ali prije svega kao \u017eene, imamo potrebu reagirati na tragi\u010dne doga\u0111aje femicida u Zagrebu u posljednja 24 sata.<\/em><\/strong><\/p>\n\n\n\n<p>Zgro\u017eene jo\u0161 jednim u nizu ubojstava \u017eene od strane partnera, apeliramo na institucije u Republici Hrvatskoj na \u0161to stro\u017eu provedbu postoje\u0107ih zakona. Neefikasno sudstvo, ali i \u010desto manjkavo postupanje policije, koja vrlo \u010desto olako shva\u0107a prijave o obiteljskom nasilju, na\u017ealost imaju epilog koji sve \u010de\u0161\u0107e gledamo na naslovnicama crne kronike.<\/p>\n\n\n\n<p>Duboko vjerujemo da pravovremenim postupanjem bi najcrnji scenariji u velikom broju slu\u010dajeva bili sprije\u010deni, a stro\u017eim kaznama, naro\u010dito zatvorskim bi se poslala sna\u017ena poruka ostalim potencijalnim po\u010diniteljima.<\/p>\n\n\n\n<p><em><strong>Danas se, na\u017ealost, u Hrvatskoj, obiteljsko nasilje i dalje smatra &#8220;obiteljskim problemom&#8221;, a brojne \u017ertve radi ponovne viktimizacije tijekom samog sudskog procesa su obeshrabrene i ne prijavljuju nasilnike dok ne bude prekasno.<\/strong><\/em><strong>&nbsp;<\/strong>Podsje\u0107amo i na kolateralne \u017ertve obiteljskog nasilja, a to su djeca, koja u velikom broju svjedo\u010de mu\u010dnim prizorima u obiteljskom domu, a u najgorem slu\u010daju, ostaju i bez oba roditelja.<\/p>\n\n\n\n<p>Pozivamo institucije da napokon po\u010dnu sa provo\u0111enjem zakona, bez progledavanja kroz prste vi\u0161estrukim nasilnicima, pravednim, efikasnim i suosje\u0107ajnim tretiranjem \u017ertve izbjegnu njezinu daljnju viktimizaciju i time po\u0161alju sna\u017enu poruku da se zlo\u010din nad \u017eenama ne isplati i da nije obiteljska stvar ve\u0107 briga \u010ditavog dru\u0161tva.<\/p>\n\n\n\n<p><strong><em>ZA\u0160TITIMO&nbsp;<\/em><\/strong>one najranjivije me\u0111u nama jer svako dru\u0161tvo je jako upravo koliko i oni najslabiji, \u0161to zlostavljane \u017eena i djeca svakako jesu.<\/p>\n\n\n\n<p><strong><em>Izbjegnimo ovakve scenarije dok nije prekasno jer svaki redak crne kronike je jo\u0161 jedan uga\u0161eni \u017eivot , kao i uni\u0161tenih nekoliko \u017eivota bliskih osoba. \u0160aljemo jasnu poruku zlostavljanim \u017eenama, niste same i boriti \u0107emo se svim pravnim sredstvima da nikad i ne budete.<\/em><\/strong><\/p>\n\n\n\n<p><em><strong>Dijana Radovnikovi\u0107 v.r.<\/strong><\/em><br><em><strong>predsjednica Liberalki Grada Zagreba<\/strong><\/em><\/p>\n","protected":false},"excerpt":{"rendered":"<p>Priop\u0107enje predsjednice Liberalki HSLS-a Grada Zagreba, Dijane Radovnikovi\u0107. Zgro\u017eene jo\u0161 jednim u nizu ubojstava \u017eene od strane partnera&#8230; Kao liberalke, ali prije svega kao \u017eene, imamo potrebu reagirati na tragi\u010dne&hellip;<\/p>\n","protected":false},"author":1,"featured_media":6020,"comment_status":"closed","ping_status":"open","sticky":false,"template":"","format":"standard","meta":{"_lmt_disableupdate":"","_lmt_disable":"","footnotes":""},"categories":[1,3],"tags":[],"class_list":["post-6009","post","type-post","status-publish","format-standard","has-post-thumbnail","hentry","category-nacionalne-vijesti","category-zagrebacke-vijesti"],"yoast_head":"<!-- This site is optimized with the Yoast SEO plugin v27.5 - https:\/\/yoast.com\/product\/yoast-seo-wordpress\/ -->\n<title>Liberalke HSLS-a Grada Zagreba - Femicidi - HSLS<\/title>\n<meta name=\"robots\" content=\"index, follow, max-snippet:-1, max-image-preview:large, max-video-preview:-1\" \/>\n<link rel=\"canonical\" href=\"https:\/\/hsls.hr\/web\/liberalke-hsls-a-grada-zagreba-femicidi\/\" \/>\n<meta property=\"og:locale\" content=\"hr_HR\" \/>\n<meta property=\"og:type\" content=\"article\" \/>\n<meta property=\"og:title\" content=\"Liberalke HSLS-a Grada Zagreba - Femicidi - HSLS\" \/>\n<meta property=\"og:description\" content=\"Priop\u0107enje predsjednice Liberalki HSLS-a Grada Zagreba, Dijane Radovnikovi\u0107. Zgro\u017eene jo\u0161 jednim u nizu ubojstava \u017eene od strane partnera... Kao liberalke, ali prije svega kao \u017eene, imamo potrebu reagirati na tragi\u010dne&hellip;\" \/>\n<meta property=\"og:url\" content=\"https:\/\/hsls.hr\/web\/liberalke-hsls-a-grada-zagreba-femicidi\/\" \/>\n<meta property=\"og:site_name\" content=\"HSLS\" \/>\n<meta property=\"article:published_time\" content=\"2024-04-06T07:54:06+00:00\" \/>\n<meta property=\"article:modified_time\" content=\"2024-04-06T15:38:39+00:00\" \/>\n<meta property=\"og:image\" content=\"https:\/\/hsls.hr\/web\/wp-content\/uploads\/2024\/04\/sad-girl-in-a-state-of-sadness-and-depression.jpg\" \/>\n\t<meta property=\"og:image:width\" content=\"1600\" \/>\n\t<meta property=\"og:image:height\" content=\"1067\" \/>\n\t<meta property=\"og:image:type\" content=\"image\/jpeg\" \/>\n<meta name=\"author\" content=\"HSLS\" \/>\n<meta name=\"twitter:card\" content=\"summary_large_image\" \/>\n<meta name=\"twitter:label1\" content=\"Napisao\/la\" \/>\n\t<meta name=\"twitter:data1\" content=\"HSLS\" \/>\n\t<meta name=\"twitter:label2\" content=\"Procijenjeno vrijeme \u010ditanja\" \/>\n\t<meta name=\"twitter:data2\" content=\"2 minute\" \/>\n<script type=\"application\/ld+json\" class=\"yoast-schema-graph\">{\"@context\":\"https:\\\/\\\/schema.org\",\"@graph\":[{\"@type\":\"Article\",\"@id\":\"https:\\\/\\\/hsls.hr\\\/web\\\/liberalke-hsls-a-grada-zagreba-femicidi\\\/#article\",\"isPartOf\":{\"@id\":\"https:\\\/\\\/hsls.hr\\\/web\\\/liberalke-hsls-a-grada-zagreba-femicidi\\\/\"},\"author\":{\"name\":\"HSLS\",\"@id\":\"https:\\\/\\\/hsls.hr\\\/web\\\/#\\\/schema\\\/person\\\/e3f651016d644a22e87c41fd9bc31f7b\"},\"headline\":\"Liberalke HSLS-a Grada Zagreba &#8211; Femicidi\",\"datePublished\":\"2024-04-06T07:54:06+00:00\",\"dateModified\":\"2024-04-06T15:38:39+00:00\",\"mainEntityOfPage\":{\"@id\":\"https:\\\/\\\/hsls.hr\\\/web\\\/liberalke-hsls-a-grada-zagreba-femicidi\\\/\"},\"wordCount\":335,\"image\":{\"@id\":\"https:\\\/\\\/hsls.hr\\\/web\\\/liberalke-hsls-a-grada-zagreba-femicidi\\\/#primaryimage\"},\"thumbnailUrl\":\"https:\\\/\\\/hsls.hr\\\/web\\\/wp-content\\\/uploads\\\/2024\\\/04\\\/sad-girl-in-a-state-of-sadness-and-depression.jpg\",\"articleSection\":[\"Nacionalno\",\"Zagreb\"],\"inLanguage\":\"hr\"},{\"@type\":\"WebPage\",\"@id\":\"https:\\\/\\\/hsls.hr\\\/web\\\/liberalke-hsls-a-grada-zagreba-femicidi\\\/\",\"url\":\"https:\\\/\\\/hsls.hr\\\/web\\\/liberalke-hsls-a-grada-zagreba-femicidi\\\/\",\"name\":\"Liberalke HSLS-a Grada Zagreba - Femicidi - HSLS\",\"isPartOf\":{\"@id\":\"https:\\\/\\\/hsls.hr\\\/web\\\/#website\"},\"primaryImageOfPage\":{\"@id\":\"https:\\\/\\\/hsls.hr\\\/web\\\/liberalke-hsls-a-grada-zagreba-femicidi\\\/#primaryimage\"},\"image\":{\"@id\":\"https:\\\/\\\/hsls.hr\\\/web\\\/liberalke-hsls-a-grada-zagreba-femicidi\\\/#primaryimage\"},\"thumbnailUrl\":\"https:\\\/\\\/hsls.hr\\\/web\\\/wp-content\\\/uploads\\\/2024\\\/04\\\/sad-girl-in-a-state-of-sadness-and-depression.jpg\",\"datePublished\":\"2024-04-06T07:54:06+00:00\",\"dateModified\":\"2024-04-06T15:38:39+00:00\",\"author\":{\"@id\":\"https:\\\/\\\/hsls.hr\\\/web\\\/#\\\/schema\\\/person\\\/e3f651016d644a22e87c41fd9bc31f7b\"},\"breadcrumb\":{\"@id\":\"https:\\\/\\\/hsls.hr\\\/web\\\/liberalke-hsls-a-grada-zagreba-femicidi\\\/#breadcrumb\"},\"inLanguage\":\"hr\",\"potentialAction\":[{\"@type\":\"ReadAction\",\"target\":[\"https:\\\/\\\/hsls.hr\\\/web\\\/liberalke-hsls-a-grada-zagreba-femicidi\\\/\"]}]},{\"@type\":\"ImageObject\",\"inLanguage\":\"hr\",\"@id\":\"https:\\\/\\\/hsls.hr\\\/web\\\/liberalke-hsls-a-grada-zagreba-femicidi\\\/#primaryimage\",\"url\":\"https:\\\/\\\/hsls.hr\\\/web\\\/wp-content\\\/uploads\\\/2024\\\/04\\\/sad-girl-in-a-state-of-sadness-and-depression.jpg\",\"contentUrl\":\"https:\\\/\\\/hsls.hr\\\/web\\\/wp-content\\\/uploads\\\/2024\\\/04\\\/sad-girl-in-a-state-of-sadness-and-depression.jpg\",\"width\":1600,\"height\":1067},{\"@type\":\"BreadcrumbList\",\"@id\":\"https:\\\/\\\/hsls.hr\\\/web\\\/liberalke-hsls-a-grada-zagreba-femicidi\\\/#breadcrumb\",\"itemListElement\":[{\"@type\":\"ListItem\",\"position\":1,\"name\":\"Po\u010detna stranica\",\"item\":\"https:\\\/\\\/hsls.hr\\\/web\\\/\"},{\"@type\":\"ListItem\",\"position\":2,\"name\":\"Liberalke HSLS-a Grada Zagreba &#8211; Femicidi\"}]},{\"@type\":\"WebSite\",\"@id\":\"https:\\\/\\\/hsls.hr\\\/web\\\/#website\",\"url\":\"https:\\\/\\\/hsls.hr\\\/web\\\/\",\"name\":\"HSLS\",\"description\":\"Hrvatska socijalno-liberalna stranka\",\"potentialAction\":[{\"@type\":\"SearchAction\",\"target\":{\"@type\":\"EntryPoint\",\"urlTemplate\":\"https:\\\/\\\/hsls.hr\\\/web\\\/?s={search_term_string}\"},\"query-input\":{\"@type\":\"PropertyValueSpecification\",\"valueRequired\":true,\"valueName\":\"search_term_string\"}}],\"inLanguage\":\"hr\"},{\"@type\":\"Person\",\"@id\":\"https:\\\/\\\/hsls.hr\\\/web\\\/#\\\/schema\\\/person\\\/e3f651016d644a22e87c41fd9bc31f7b\",\"name\":\"HSLS\",\"image\":{\"@type\":\"ImageObject\",\"inLanguage\":\"hr\",\"@id\":\"https:\\\/\\\/secure.gravatar.com\\\/avatar\\\/1f45d97b500c25de1ecef91e0eaa08ca0ada41c344c17876869f452108429fb9?s=96&d=mm&r=g\",\"url\":\"https:\\\/\\\/secure.gravatar.com\\\/avatar\\\/1f45d97b500c25de1ecef91e0eaa08ca0ada41c344c17876869f452108429fb9?s=96&d=mm&r=g\",\"contentUrl\":\"https:\\\/\\\/secure.gravatar.com\\\/avatar\\\/1f45d97b500c25de1ecef91e0eaa08ca0ada41c344c17876869f452108429fb9?s=96&d=mm&r=g\",\"caption\":\"HSLS\"},\"sameAs\":[\"https:\\\/\\\/hsls.hr\\\/web\"],\"url\":\"https:\\\/\\\/hsls.hr\\\/web\\\/author\\\/hsadminls\\\/\"}]}<\/script>\n<!-- \/ Yoast SEO plugin. -->","yoast_head_json":{"title":"Liberalke HSLS-a Grada Zagreba - Femicidi - HSLS","robots":{"index":"index","follow":"follow","max-snippet":"max-snippet:-1","max-image-preview":"max-image-preview:large","max-video-preview":"max-video-preview:-1"},"canonical":"https:\/\/hsls.hr\/web\/liberalke-hsls-a-grada-zagreba-femicidi\/","og_locale":"hr_HR","og_type":"article","og_title":"Liberalke HSLS-a Grada Zagreba - Femicidi - HSLS","og_description":"Priop\u0107enje predsjednice Liberalki HSLS-a Grada Zagreba, Dijane Radovnikovi\u0107. Zgro\u017eene jo\u0161 jednim u nizu ubojstava \u017eene od strane partnera... Kao liberalke, ali prije svega kao \u017eene, imamo potrebu reagirati na tragi\u010dne&hellip;","og_url":"https:\/\/hsls.hr\/web\/liberalke-hsls-a-grada-zagreba-femicidi\/","og_site_name":"HSLS","article_published_time":"2024-04-06T07:54:06+00:00","article_modified_time":"2024-04-06T15:38:39+00:00","og_image":[{"width":1600,"height":1067,"url":"https:\/\/hsls.hr\/web\/wp-content\/uploads\/2024\/04\/sad-girl-in-a-state-of-sadness-and-depression.jpg","type":"image\/jpeg"}],"author":"HSLS","twitter_card":"summary_large_image","twitter_misc":{"Napisao\/la":"HSLS","Procijenjeno vrijeme \u010ditanja":"2 minute"},"schema":{"@context":"https:\/\/schema.org","@graph":[{"@type":"Article","@id":"https:\/\/hsls.hr\/web\/liberalke-hsls-a-grada-zagreba-femicidi\/#article","isPartOf":{"@id":"https:\/\/hsls.hr\/web\/liberalke-hsls-a-grada-zagreba-femicidi\/"},"author":{"name":"HSLS","@id":"https:\/\/hsls.hr\/web\/#\/schema\/person\/e3f651016d644a22e87c41fd9bc31f7b"},"headline":"Liberalke HSLS-a Grada Zagreba &#8211; Femicidi","datePublished":"2024-04-06T07:54:06+00:00","dateModified":"2024-04-06T15:38:39+00:00","mainEntityOfPage":{"@id":"https:\/\/hsls.hr\/web\/liberalke-hsls-a-grada-zagreba-femicidi\/"},"wordCount":335,"image":{"@id":"https:\/\/hsls.hr\/web\/liberalke-hsls-a-grada-zagreba-femicidi\/#primaryimage"},"thumbnailUrl":"https:\/\/hsls.hr\/web\/wp-content\/uploads\/2024\/04\/sad-girl-in-a-state-of-sadness-and-depression.jpg","articleSection":["Nacionalno","Zagreb"],"inLanguage":"hr"},{"@type":"WebPage","@id":"https:\/\/hsls.hr\/web\/liberalke-hsls-a-grada-zagreba-femicidi\/","url":"https:\/\/hsls.hr\/web\/liberalke-hsls-a-grada-zagreba-femicidi\/","name":"Liberalke HSLS-a Grada Zagreba - Femicidi - HSLS","isPartOf":{"@id":"https:\/\/hsls.hr\/web\/#website"},"primaryImageOfPage":{"@id":"https:\/\/hsls.hr\/web\/liberalke-hsls-a-grada-zagreba-femicidi\/#primaryimage"},"image":{"@id":"https:\/\/hsls.hr\/web\/liberalke-hsls-a-grada-zagreba-femicidi\/#primaryimage"},"thumbnailUrl":"https:\/\/hsls.hr\/web\/wp-content\/uploads\/2024\/04\/sad-girl-in-a-state-of-sadness-and-depression.jpg","datePublished":"2024-04-06T07:54:06+00:00","dateModified":"2024-04-06T15:38:39+00:00","author":{"@id":"https:\/\/hsls.hr\/web\/#\/schema\/person\/e3f651016d644a22e87c41fd9bc31f7b"},"breadcrumb":{"@id":"https:\/\/hsls.hr\/web\/liberalke-hsls-a-grada-zagreba-femicidi\/#breadcrumb"},"inLanguage":"hr","potentialAction":[{"@type":"ReadAction","target":["https:\/\/hsls.hr\/web\/liberalke-hsls-a-grada-zagreba-femicidi\/"]}]},{"@type":"ImageObject","inLanguage":"hr","@id":"https:\/\/hsls.hr\/web\/liberalke-hsls-a-grada-zagreba-femicidi\/#primaryimage","url":"https:\/\/hsls.hr\/web\/wp-content\/uploads\/2024\/04\/sad-girl-in-a-state-of-sadness-and-depression.jpg","contentUrl":"https:\/\/hsls.hr\/web\/wp-content\/uploads\/2024\/04\/sad-girl-in-a-state-of-sadness-and-depression.jpg","width":1600,"height":1067},{"@type":"BreadcrumbList","@id":"https:\/\/hsls.hr\/web\/liberalke-hsls-a-grada-zagreba-femicidi\/#breadcrumb","itemListElement":[{"@type":"ListItem","position":1,"name":"Po\u010detna stranica","item":"https:\/\/hsls.hr\/web\/"},{"@type":"ListItem","position":2,"name":"Liberalke HSLS-a Grada Zagreba &#8211; Femicidi"}]},{"@type":"WebSite","@id":"https:\/\/hsls.hr\/web\/#website","url":"https:\/\/hsls.hr\/web\/","name":"HSLS","description":"Hrvatska socijalno-liberalna stranka","potentialAction":[{"@type":"SearchAction","target":{"@type":"EntryPoint","urlTemplate":"https:\/\/hsls.hr\/web\/?s={search_term_string}"},"query-input":{"@type":"PropertyValueSpecification","valueRequired":true,"valueName":"search_term_string"}}],"inLanguage":"hr"},{"@type":"Person","@id":"https:\/\/hsls.hr\/web\/#\/schema\/person\/e3f651016d644a22e87c41fd9bc31f7b","name":"HSLS","image":{"@type":"ImageObject","inLanguage":"hr","@id":"https:\/\/secure.gravatar.com\/avatar\/1f45d97b500c25de1ecef91e0eaa08ca0ada41c344c17876869f452108429fb9?s=96&d=mm&r=g","url":"https:\/\/secure.gravatar.com\/avatar\/1f45d97b500c25de1ecef91e0eaa08ca0ada41c344c17876869f452108429fb9?s=96&d=mm&r=g","contentUrl":"https:\/\/secure.gravatar.com\/avatar\/1f45d97b500c25de1ecef91e0eaa08ca0ada41c344c17876869f452108429fb9?s=96&d=mm&r=g","caption":"HSLS"},"sameAs":["https:\/\/hsls.hr\/web"],"url":"https:\/\/hsls.hr\/web\/author\/hsadminls\/"}]}},"_links":{"self":[{"href":"https:\/\/hsls.hr\/web\/wp-json\/wp\/v2\/posts\/6009","targetHints":{"allow":["GET"]}}],"collection":[{"href":"https:\/\/hsls.hr\/web\/wp-json\/wp\/v2\/posts"}],"about":[{"href":"https:\/\/hsls.hr\/web\/wp-json\/wp\/v2\/types\/post"}],"author":[{"embeddable":true,"href":"https:\/\/hsls.hr\/web\/wp-json\/wp\/v2\/users\/1"}],"replies":[{"embeddable":true,"href":"https:\/\/hsls.hr\/web\/wp-json\/wp\/v2\/comments?post=6009"}],"version-history":[{"count":4,"href":"https:\/\/hsls.hr\/web\/wp-json\/wp\/v2\/posts\/6009\/revisions"}],"predecessor-version":[{"id":6013,"href":"https:\/\/hsls.hr\/web\/wp-json\/wp\/v2\/posts\/6009\/revisions\/6013"}],"wp:featuredmedia":[{"embeddable":true,"href":"https:\/\/hsls.hr\/web\/wp-json\/wp\/v2\/media\/6020"}],"wp:attachment":[{"href":"https:\/\/hsls.hr\/web\/wp-json\/wp\/v2\/media?parent=6009"}],"wp:term":[{"taxonomy":"category","embeddable":true,"href":"https:\/\/hsls.hr\/web\/wp-json\/wp\/v2\/categories?post=6009"},{"taxonomy":"post_tag","embeddable":true,"href":"https:\/\/hsls.hr\/web\/wp-json\/wp\/v2\/tags?post=6009"}],"curies":[{"name":"wp","href":"https:\/\/api.w.org\/{rel}","templated":true}]}}