{"id":5967,"date":"2024-03-06T15:31:50","date_gmt":"2024-03-06T15:31:50","guid":{"rendered":"https:\/\/hsls.hr\/web\/?p=5967"},"modified":"2024-03-25T15:32:37","modified_gmt":"2024-03-25T15:32:37","slug":"rasprava-o-sahu","status":"publish","type":"post","link":"https:\/\/hsls.hr\/web\/rasprava-o-sahu\/","title":{"rendered":"Rasprava o \u0161ahu"},"content":{"rendered":"<p>Svake godine sporta\u0161i iz razli\u010ditih sportskih disciplina osvijetle\u00a0 svojim rezultatima i uspjesima\u00a0\u00a0 ime na\u0161e domovine.\u00a0 Pritom sporta\u0161i u sportovima\u00a0\u00a0 medijski vi\u0161e popra\u0107enim su vi\u0161e vrednovani \u00a0od onih sporta\u0161a u tkz. malim sportovima \u010diji uspjesi \u010desto prolaze\u00a0 gotovo nezamije\u0107eno \u00a0iako je ulo\u017eena \u00a0ista energija, odricanje i trud.\u00a0 To je danas\u00a0 na\u017ealost postala realnost koju nosi medijska eksplantacija sporta u marketingu i prodaji , ali unato\u010d tome svi na\u0161i sporta\u0161i su zapravo istinski \u00a0na\u0161i heroji i junaci , \u010diji nas uspjesi i rezultati motiviraju i vesele , a njihovi padovi rastu\u017euju i \u017ealoste \u00a0oni su ono najbolje \u0161to Hrvatska ima i koji ovu zemlju predstavljaju u najboljem svijetlu.<\/p>\n<p>\u010cesto zaboravljamo na sav njihov trud, neuspjehe , nedostatak potpore , borbu sa vjetrenja\u010dama ali i borbu sa onim iza zavjese od kojih mnogi profitiraju na uspjehu na\u0161ih sporta\u0161a i \u010desto postavljaju pozornicu prema svojim osobnim interesima.<\/p>\n<p>Ve\u0107 godinama \u010desto u javnosti pratimo skup\u0161tine klubova uglavnom onih razvikanih i medijski eksponiranih gdje pratimo cijele niz \u00a0tkz. zaljubljenika u sportove koji sa sportom nemaju puno poveznica osim svojeg ekonomskog interesa\u00a0 ili statusa koji im takva mjesta u upravama\u00a0 donose u dru\u0161tvu.\u00a0\u00a0 Na\u017ealost takvih nazovimo ih zaljubljenika u sport \u00a0ima dosta i oni \u010desto \u00a0utje\u010du na na\u0161e mlade sporta\u0161e i njihov budu\u0107i sportski \u017eivot, \u00a0te vedre i obla\u010de u cijelom nizu sportova pogotovo onih malih sportova koji prolaze ispod radara javnosti ali i institucija dr\u017eave i lokalne samouprave.<\/p>\n<p>Prije sada ve\u0107 mjesec dana govorio sam tako\u0111er o \u0161ahu i njihovom zna\u010daju za Republiku Hrvatsku\u00a0 ali i problemima u \u0161ahu i vjerovali ili ne u Hrvatskoj se nedavno zabranjivalo igranje \u0161aha nekim ljudima, poni\u0161tavale su se odigrane partije bez razloga a danas se pojedinim \u010dlanovima zabranjuje rad u \u0161ahu samo zato \u0161to se\u00a0 upozorava\u00a0 na pona\u0161anje odgovornih u Hrvatskom \u0161ahovskom savezu.<\/p>\n<p>Na takve prisvajanje ovlasti i nelegalno dono\u0161enje odluka reagiralo je resorno Ministarstvo uprave i pravosu\u0111a te 22. prosinca 2023. godine poni\u0161tilo rje\u0161enje Gradskog ureda u Zagrebu o Skup\u0161tini \u0161ahovskog saveza kao i izboru predsjednika, \u010dime su sve odluke svih\u00a0 izabranih predstavni\u010dkih tijela postale nezakonite i ni\u0161tavne.<\/p>\n<p>Unato\u010d\u00a0 ovoj odluci Ministarstva uprave i pravosu\u0111a , u Hrvatskom \u0161ahovskom savezu se pona\u0161aju kao da se ni\u0161ta nije dogodilo osim \u0161to se organizira ove nedjelje\u00a0 nova izborna skup\u0161tina \u0160ahovskog saveza .<\/p>\n<p>Na\u017ealost primjenjuju\u0107i \u00a0stari obrazac djelovanja, \u00a0predstavnici Hrvatskog \u0161ahovskog saveza \u00a0i dalje \u00a0ne dopu\u0161taju \u00a0unutarnji nadzor \u010dlanovima, opetovano prijete zabranom ulaska izabranim \u010dlanovima skup\u0161tine na izbornu skup\u0161tinu, prijete i provode brisanje klubova iz nekih \u017eupanija koje nisu sklone sada\u0161njem vodstvu \u00a0, te na kraju \u017eele Izbornu skup\u0161tinu odr\u017eati zatvorenu za javnost. \u00a0\u017dele za\u0161titarima sprije\u010diti \u00a0ulazak zainteresiranih sporta\u0161a i medija.<\/p>\n<p>Ovo je mora re\u0107i nevjerojatno , ali na\u017ealost i u\u010destalo u sve ve\u0107em \u00a0broju udruga a koje svi mi djelomi\u010dno i iz prora\u010duna pla\u0107amo. Kr\u0161e se ne samo statutarne odredbe udruga \u00a0ve\u0107 i Zakon o udrugama koji predvi\u0111a otvorenost rada i mogu\u0107nost da javnost ili zainteresirani sporta\u0161i imaju pravo znati koji su programi kandidata koji \u0107e ih predstavljati.<\/p>\n<p>Zato ovim putem pozivam institucije zadu\u017eene za za\u0161titu sporta\u0161a i zakonitost rada sportskih udruga da provedu nadzor sazvane Izborne skup\u0161tine \u0161ahovskog saveza kako ne bi izgubili jo\u0161 nekoliko mogu\u0107ih generacija mladih, darovitih sporta\u0161a koji mo\u017eemo demotivirati ovakvim djelovanjima u sportu a konkretno ovdje u \u0161ahu.<\/p>\n<p>Hrvatska vlada je u ovom mandatu znatno pove\u0107ala izdvajanje za sport. Ali taj novac ne posti\u017ee \u017eeljene efekte jer izgleda da ne sti\u017ee tamo gdje treba ili barem ne u punoj mjeri.<\/p>\n<p>\u017delimo u\u010dinkovit sustav u Hrvatskom sportu koji \u0107e poticat razvoj sporta i stvarati nove generacije uspje\u0161nih sporta\u0161a koji ovu zemlju predstavljaju u najboljem svijetlu. Trebamo sport \u00a0nezaga\u0111en zlouporabama i nezaga\u0111en kr\u0161enjima pravila i zakona, te se \u00a0nadam\u00a0 da \u0107emo sve u\u010diniti \u0161to je potrebno da se pokrenemo prema tom cilju.<\/p>\n","protected":false},"excerpt":{"rendered":"<p>Svake godine sporta\u0161i iz razli\u010ditih sportskih disciplina osvijetle\u00a0 svojim rezultatima i uspjesima\u00a0\u00a0 ime na\u0161e domovine.\u00a0 Pritom sporta\u0161i u sportovima\u00a0\u00a0 medijski vi\u0161e popra\u0107enim su vi\u0161e vrednovani \u00a0od onih sporta\u0161a u tkz.&hellip;<\/p>\n","protected":false},"author":11,"featured_media":5969,"comment_status":"closed","ping_status":"open","sticky":false,"template":"","format":"standard","meta":{"_lmt_disableupdate":"","_lmt_disable":"","footnotes":""},"categories":[1],"tags":[],"class_list":["post-5967","post","type-post","status-publish","format-standard","has-post-thumbnail","hentry","category-nacionalne-vijesti"],"yoast_head":"<!-- This site is optimized with the Yoast SEO plugin v27.5 - https:\/\/yoast.com\/product\/yoast-seo-wordpress\/ -->\n<title>Rasprava o \u0161ahu - HSLS<\/title>\n<meta name=\"robots\" content=\"index, follow, max-snippet:-1, max-image-preview:large, max-video-preview:-1\" \/>\n<link rel=\"canonical\" href=\"https:\/\/hsls.hr\/web\/rasprava-o-sahu\/\" \/>\n<meta property=\"og:locale\" content=\"hr_HR\" \/>\n<meta property=\"og:type\" content=\"article\" \/>\n<meta property=\"og:title\" content=\"Rasprava o \u0161ahu - HSLS\" \/>\n<meta property=\"og:description\" content=\"Svake godine sporta\u0161i iz razli\u010ditih sportskih disciplina osvijetle\u00a0 svojim rezultatima i uspjesima\u00a0\u00a0 ime na\u0161e domovine.\u00a0 Pritom sporta\u0161i u sportovima\u00a0\u00a0 medijski vi\u0161e popra\u0107enim su vi\u0161e vrednovani \u00a0od onih sporta\u0161a u tkz.&hellip;\" \/>\n<meta property=\"og:url\" content=\"https:\/\/hsls.hr\/web\/rasprava-o-sahu\/\" \/>\n<meta property=\"og:site_name\" content=\"HSLS\" \/>\n<meta property=\"article:published_time\" content=\"2024-03-06T15:31:50+00:00\" \/>\n<meta property=\"article:modified_time\" content=\"2024-03-25T15:32:37+00:00\" \/>\n<meta property=\"og:image\" content=\"https:\/\/hsls.hr\/web\/wp-content\/uploads\/2024\/03\/IMG-20240306-WA0007.jpg\" \/>\n\t<meta property=\"og:image:width\" content=\"1080\" \/>\n\t<meta property=\"og:image:height\" content=\"732\" \/>\n\t<meta property=\"og:image:type\" content=\"image\/jpeg\" \/>\n<meta name=\"author\" content=\"Darko Klasi\u0107\" \/>\n<meta name=\"twitter:card\" content=\"summary_large_image\" \/>\n<meta name=\"twitter:label1\" content=\"Napisao\/la\" \/>\n\t<meta name=\"twitter:data1\" content=\"Darko Klasi\u0107\" \/>\n\t<meta name=\"twitter:label2\" content=\"Procijenjeno vrijeme \u010ditanja\" \/>\n\t<meta name=\"twitter:data2\" content=\"4 minute\" \/>\n<script type=\"application\/ld+json\" class=\"yoast-schema-graph\">{\"@context\":\"https:\\\/\\\/schema.org\",\"@graph\":[{\"@type\":\"Article\",\"@id\":\"https:\\\/\\\/hsls.hr\\\/web\\\/rasprava-o-sahu\\\/#article\",\"isPartOf\":{\"@id\":\"https:\\\/\\\/hsls.hr\\\/web\\\/rasprava-o-sahu\\\/\"},\"author\":{\"name\":\"Darko Klasi\u0107\",\"@id\":\"https:\\\/\\\/hsls.hr\\\/web\\\/#\\\/schema\\\/person\\\/0dcafb2d4e6b1c050a6be43aee6851bf\"},\"headline\":\"Rasprava o \u0161ahu\",\"datePublished\":\"2024-03-06T15:31:50+00:00\",\"dateModified\":\"2024-03-25T15:32:37+00:00\",\"mainEntityOfPage\":{\"@id\":\"https:\\\/\\\/hsls.hr\\\/web\\\/rasprava-o-sahu\\\/\"},\"wordCount\":688,\"image\":{\"@id\":\"https:\\\/\\\/hsls.hr\\\/web\\\/rasprava-o-sahu\\\/#primaryimage\"},\"thumbnailUrl\":\"https:\\\/\\\/hsls.hr\\\/web\\\/wp-content\\\/uploads\\\/2024\\\/03\\\/IMG-20240306-WA0007.jpg\",\"articleSection\":[\"Nacionalno\"],\"inLanguage\":\"hr\"},{\"@type\":\"WebPage\",\"@id\":\"https:\\\/\\\/hsls.hr\\\/web\\\/rasprava-o-sahu\\\/\",\"url\":\"https:\\\/\\\/hsls.hr\\\/web\\\/rasprava-o-sahu\\\/\",\"name\":\"Rasprava o \u0161ahu - HSLS\",\"isPartOf\":{\"@id\":\"https:\\\/\\\/hsls.hr\\\/web\\\/#website\"},\"primaryImageOfPage\":{\"@id\":\"https:\\\/\\\/hsls.hr\\\/web\\\/rasprava-o-sahu\\\/#primaryimage\"},\"image\":{\"@id\":\"https:\\\/\\\/hsls.hr\\\/web\\\/rasprava-o-sahu\\\/#primaryimage\"},\"thumbnailUrl\":\"https:\\\/\\\/hsls.hr\\\/web\\\/wp-content\\\/uploads\\\/2024\\\/03\\\/IMG-20240306-WA0007.jpg\",\"datePublished\":\"2024-03-06T15:31:50+00:00\",\"dateModified\":\"2024-03-25T15:32:37+00:00\",\"author\":{\"@id\":\"https:\\\/\\\/hsls.hr\\\/web\\\/#\\\/schema\\\/person\\\/0dcafb2d4e6b1c050a6be43aee6851bf\"},\"breadcrumb\":{\"@id\":\"https:\\\/\\\/hsls.hr\\\/web\\\/rasprava-o-sahu\\\/#breadcrumb\"},\"inLanguage\":\"hr\",\"potentialAction\":[{\"@type\":\"ReadAction\",\"target\":[\"https:\\\/\\\/hsls.hr\\\/web\\\/rasprava-o-sahu\\\/\"]}]},{\"@type\":\"ImageObject\",\"inLanguage\":\"hr\",\"@id\":\"https:\\\/\\\/hsls.hr\\\/web\\\/rasprava-o-sahu\\\/#primaryimage\",\"url\":\"https:\\\/\\\/hsls.hr\\\/web\\\/wp-content\\\/uploads\\\/2024\\\/03\\\/IMG-20240306-WA0007.jpg\",\"contentUrl\":\"https:\\\/\\\/hsls.hr\\\/web\\\/wp-content\\\/uploads\\\/2024\\\/03\\\/IMG-20240306-WA0007.jpg\",\"width\":1080,\"height\":732},{\"@type\":\"BreadcrumbList\",\"@id\":\"https:\\\/\\\/hsls.hr\\\/web\\\/rasprava-o-sahu\\\/#breadcrumb\",\"itemListElement\":[{\"@type\":\"ListItem\",\"position\":1,\"name\":\"Po\u010detna stranica\",\"item\":\"https:\\\/\\\/hsls.hr\\\/web\\\/\"},{\"@type\":\"ListItem\",\"position\":2,\"name\":\"Rasprava o \u0161ahu\"}]},{\"@type\":\"WebSite\",\"@id\":\"https:\\\/\\\/hsls.hr\\\/web\\\/#website\",\"url\":\"https:\\\/\\\/hsls.hr\\\/web\\\/\",\"name\":\"HSLS\",\"description\":\"Hrvatska socijalno-liberalna stranka\",\"potentialAction\":[{\"@type\":\"SearchAction\",\"target\":{\"@type\":\"EntryPoint\",\"urlTemplate\":\"https:\\\/\\\/hsls.hr\\\/web\\\/?s={search_term_string}\"},\"query-input\":{\"@type\":\"PropertyValueSpecification\",\"valueRequired\":true,\"valueName\":\"search_term_string\"}}],\"inLanguage\":\"hr\"},{\"@type\":\"Person\",\"@id\":\"https:\\\/\\\/hsls.hr\\\/web\\\/#\\\/schema\\\/person\\\/0dcafb2d4e6b1c050a6be43aee6851bf\",\"name\":\"Darko Klasi\u0107\",\"image\":{\"@type\":\"ImageObject\",\"inLanguage\":\"hr\",\"@id\":\"https:\\\/\\\/secure.gravatar.com\\\/avatar\\\/2bbea8559acdb457219cb78972701312ce7cc832eb4ad55ca42662ab0b9e7bff?s=96&d=mm&r=g\",\"url\":\"https:\\\/\\\/secure.gravatar.com\\\/avatar\\\/2bbea8559acdb457219cb78972701312ce7cc832eb4ad55ca42662ab0b9e7bff?s=96&d=mm&r=g\",\"contentUrl\":\"https:\\\/\\\/secure.gravatar.com\\\/avatar\\\/2bbea8559acdb457219cb78972701312ce7cc832eb4ad55ca42662ab0b9e7bff?s=96&d=mm&r=g\",\"caption\":\"Darko Klasi\u0107\"},\"url\":\"https:\\\/\\\/hsls.hr\\\/web\\\/author\\\/dklasic\\\/\"}]}<\/script>\n<!-- \/ Yoast SEO plugin. -->","yoast_head_json":{"title":"Rasprava o \u0161ahu - HSLS","robots":{"index":"index","follow":"follow","max-snippet":"max-snippet:-1","max-image-preview":"max-image-preview:large","max-video-preview":"max-video-preview:-1"},"canonical":"https:\/\/hsls.hr\/web\/rasprava-o-sahu\/","og_locale":"hr_HR","og_type":"article","og_title":"Rasprava o \u0161ahu - HSLS","og_description":"Svake godine sporta\u0161i iz razli\u010ditih sportskih disciplina osvijetle\u00a0 svojim rezultatima i uspjesima\u00a0\u00a0 ime na\u0161e domovine.\u00a0 Pritom sporta\u0161i u sportovima\u00a0\u00a0 medijski vi\u0161e popra\u0107enim su vi\u0161e vrednovani \u00a0od onih sporta\u0161a u tkz.&hellip;","og_url":"https:\/\/hsls.hr\/web\/rasprava-o-sahu\/","og_site_name":"HSLS","article_published_time":"2024-03-06T15:31:50+00:00","article_modified_time":"2024-03-25T15:32:37+00:00","og_image":[{"width":1080,"height":732,"url":"https:\/\/hsls.hr\/web\/wp-content\/uploads\/2024\/03\/IMG-20240306-WA0007.jpg","type":"image\/jpeg"}],"author":"Darko Klasi\u0107","twitter_card":"summary_large_image","twitter_misc":{"Napisao\/la":"Darko Klasi\u0107","Procijenjeno vrijeme \u010ditanja":"4 minute"},"schema":{"@context":"https:\/\/schema.org","@graph":[{"@type":"Article","@id":"https:\/\/hsls.hr\/web\/rasprava-o-sahu\/#article","isPartOf":{"@id":"https:\/\/hsls.hr\/web\/rasprava-o-sahu\/"},"author":{"name":"Darko Klasi\u0107","@id":"https:\/\/hsls.hr\/web\/#\/schema\/person\/0dcafb2d4e6b1c050a6be43aee6851bf"},"headline":"Rasprava o \u0161ahu","datePublished":"2024-03-06T15:31:50+00:00","dateModified":"2024-03-25T15:32:37+00:00","mainEntityOfPage":{"@id":"https:\/\/hsls.hr\/web\/rasprava-o-sahu\/"},"wordCount":688,"image":{"@id":"https:\/\/hsls.hr\/web\/rasprava-o-sahu\/#primaryimage"},"thumbnailUrl":"https:\/\/hsls.hr\/web\/wp-content\/uploads\/2024\/03\/IMG-20240306-WA0007.jpg","articleSection":["Nacionalno"],"inLanguage":"hr"},{"@type":"WebPage","@id":"https:\/\/hsls.hr\/web\/rasprava-o-sahu\/","url":"https:\/\/hsls.hr\/web\/rasprava-o-sahu\/","name":"Rasprava o \u0161ahu - HSLS","isPartOf":{"@id":"https:\/\/hsls.hr\/web\/#website"},"primaryImageOfPage":{"@id":"https:\/\/hsls.hr\/web\/rasprava-o-sahu\/#primaryimage"},"image":{"@id":"https:\/\/hsls.hr\/web\/rasprava-o-sahu\/#primaryimage"},"thumbnailUrl":"https:\/\/hsls.hr\/web\/wp-content\/uploads\/2024\/03\/IMG-20240306-WA0007.jpg","datePublished":"2024-03-06T15:31:50+00:00","dateModified":"2024-03-25T15:32:37+00:00","author":{"@id":"https:\/\/hsls.hr\/web\/#\/schema\/person\/0dcafb2d4e6b1c050a6be43aee6851bf"},"breadcrumb":{"@id":"https:\/\/hsls.hr\/web\/rasprava-o-sahu\/#breadcrumb"},"inLanguage":"hr","potentialAction":[{"@type":"ReadAction","target":["https:\/\/hsls.hr\/web\/rasprava-o-sahu\/"]}]},{"@type":"ImageObject","inLanguage":"hr","@id":"https:\/\/hsls.hr\/web\/rasprava-o-sahu\/#primaryimage","url":"https:\/\/hsls.hr\/web\/wp-content\/uploads\/2024\/03\/IMG-20240306-WA0007.jpg","contentUrl":"https:\/\/hsls.hr\/web\/wp-content\/uploads\/2024\/03\/IMG-20240306-WA0007.jpg","width":1080,"height":732},{"@type":"BreadcrumbList","@id":"https:\/\/hsls.hr\/web\/rasprava-o-sahu\/#breadcrumb","itemListElement":[{"@type":"ListItem","position":1,"name":"Po\u010detna stranica","item":"https:\/\/hsls.hr\/web\/"},{"@type":"ListItem","position":2,"name":"Rasprava o \u0161ahu"}]},{"@type":"WebSite","@id":"https:\/\/hsls.hr\/web\/#website","url":"https:\/\/hsls.hr\/web\/","name":"HSLS","description":"Hrvatska socijalno-liberalna stranka","potentialAction":[{"@type":"SearchAction","target":{"@type":"EntryPoint","urlTemplate":"https:\/\/hsls.hr\/web\/?s={search_term_string}"},"query-input":{"@type":"PropertyValueSpecification","valueRequired":true,"valueName":"search_term_string"}}],"inLanguage":"hr"},{"@type":"Person","@id":"https:\/\/hsls.hr\/web\/#\/schema\/person\/0dcafb2d4e6b1c050a6be43aee6851bf","name":"Darko Klasi\u0107","image":{"@type":"ImageObject","inLanguage":"hr","@id":"https:\/\/secure.gravatar.com\/avatar\/2bbea8559acdb457219cb78972701312ce7cc832eb4ad55ca42662ab0b9e7bff?s=96&d=mm&r=g","url":"https:\/\/secure.gravatar.com\/avatar\/2bbea8559acdb457219cb78972701312ce7cc832eb4ad55ca42662ab0b9e7bff?s=96&d=mm&r=g","contentUrl":"https:\/\/secure.gravatar.com\/avatar\/2bbea8559acdb457219cb78972701312ce7cc832eb4ad55ca42662ab0b9e7bff?s=96&d=mm&r=g","caption":"Darko Klasi\u0107"},"url":"https:\/\/hsls.hr\/web\/author\/dklasic\/"}]}},"_links":{"self":[{"href":"https:\/\/hsls.hr\/web\/wp-json\/wp\/v2\/posts\/5967","targetHints":{"allow":["GET"]}}],"collection":[{"href":"https:\/\/hsls.hr\/web\/wp-json\/wp\/v2\/posts"}],"about":[{"href":"https:\/\/hsls.hr\/web\/wp-json\/wp\/v2\/types\/post"}],"author":[{"embeddable":true,"href":"https:\/\/hsls.hr\/web\/wp-json\/wp\/v2\/users\/11"}],"replies":[{"embeddable":true,"href":"https:\/\/hsls.hr\/web\/wp-json\/wp\/v2\/comments?post=5967"}],"version-history":[{"count":1,"href":"https:\/\/hsls.hr\/web\/wp-json\/wp\/v2\/posts\/5967\/revisions"}],"predecessor-version":[{"id":5968,"href":"https:\/\/hsls.hr\/web\/wp-json\/wp\/v2\/posts\/5967\/revisions\/5968"}],"wp:featuredmedia":[{"embeddable":true,"href":"https:\/\/hsls.hr\/web\/wp-json\/wp\/v2\/media\/5969"}],"wp:attachment":[{"href":"https:\/\/hsls.hr\/web\/wp-json\/wp\/v2\/media?parent=5967"}],"wp:term":[{"taxonomy":"category","embeddable":true,"href":"https:\/\/hsls.hr\/web\/wp-json\/wp\/v2\/categories?post=5967"},{"taxonomy":"post_tag","embeddable":true,"href":"https:\/\/hsls.hr\/web\/wp-json\/wp\/v2\/tags?post=5967"}],"curies":[{"name":"wp","href":"https:\/\/api.w.org\/{rel}","templated":true}]}}