{"id":5836,"date":"2024-01-29T20:41:00","date_gmt":"2024-01-29T20:41:00","guid":{"rendered":"https:\/\/hsls.hr\/web\/?p=5836"},"modified":"2024-02-04T08:55:33","modified_gmt":"2024-02-04T08:55:33","slug":"pozivamo-gradonacelnika-da-se-prestane-baviti-populizmom-i-pocne-upravljati-gradom","status":"publish","type":"post","link":"https:\/\/hsls.hr\/web\/pozivamo-gradonacelnika-da-se-prestane-baviti-populizmom-i-pocne-upravljati-gradom\/","title":{"rendered":"Pozivamo Gradona\u010delnika da se prestane baviti populizmom i po\u010dne upravljati gradom"},"content":{"rendered":"<p>Na redovitoj tiskovnoj konferenciji Zagreba\u010dkog HSLS-a , Alen Lochert gradski zastupnik osvrnuo se predlo\u017eeni plan gospodarenja otpadom.\u00a0 Kad se radi o gospodarenju otpadom, za vladaju\u0107u aktivisti\u010dku platformu mo\u017eemo re\u0107i da su obi\u010dni luftbremzeri! \u00a0Prikazivali su se kao mesije za gospodarenje otpadom, a onda smo nakon dvije godine mandata prvo saznali da odlagali\u0161te na Jaku\u0161evcu ne\u0107e biti zatvoreno, zatim da u prora\u010dunu za 2024. nema ni \u20ac za gospodarenje otpadom, a mjesec dana nakon Prora\u010duna\u00a0 susre\u0107emo se s tro\u0161kovima od nekoliko stotina milijuna \u20ac!<\/p>\n<p>Prije \u010detiri dana, vladaju\u0107a platforma, donijela je u Gradskoj skup\u0161tina Grada Zagreba\u00a0 dvije va\u017ene odluke temeljem nepotpunih materijala.\u00a0 Radi se o prihva\u0107anju sa\u017eetka &#8220;Studije izvedivosti za potrebe izgradnje cjelovitog sustava gospodarenja otpadom\u201c i Odluci o jednostranom raskidu koncesijskog ugovora sa tvrtkom ZOV o projektu pro\u010di\u0161\u0107avanja otpadnih voda.<\/p>\n<p>Gradski zastupnici, u materijalima za sjednicu, nisu dobili cijelu Studiju, nego samo 5 do 10 % iste, i na temelju toga smo\u00a0 trebali odlu\u010diti o projektu \u201ete\u0161kom\u201c 6% Prora\u010duna, odnosno 140 milijuna \u20ac. Povrh toga, u Studiji nema preporuke optimalnog rje\u0161enja. I nedostatak kompletne\u00a0 Studije i nedostatak optimalnog rje\u0161enja upu\u0107uju na to da se ne\u0161to skriva. Gradona\u010delnik se hvali transparentno\u0161\u0107u kad nam daje prora\u010dun na \u010detvrtoj razini, kao da nam time \u010dini nekakvu velikodu\u0161nu uslugu, a s druge strane nas uskra\u0107uje za informacije o rje\u0161enju zagreba\u010dkog problema koji ima utjecaja na kvalitetu \u017eivota i zdravlje svih gra\u0111ana, kao i na sigurnost radnika Holdinga koji sudjeluju u gospodarenju otpadom.<\/p>\n<p>Iz Sa\u017eetka ove Studije nismo saznali ni\u0161ta, osim da je mogu\u0107e da \u0107e usluga prikupljanja i zbrinjavanja otpada poskupiti 112%, da nema optimalnog rje\u0161enja i da \u0107e na \u010culine\u010dkoj ulici cijeli dan biti red kamiona \u010cisto\u0107e, koji \u0107e \u010dekati da iskrcaju otpad.<\/p>\n<p>O\u010dito je da je Grad Zagreb tra\u017eio da Studija ne da optimalni prijedlog, pa se onda mo\u017ee zaklju\u010diti da je ona namje\u0161tena i da, mo\u017eda, predstavlja i kazneno\u00a0 djelo.\u00a0 Aktivisti\u010dka platforma odlu\u010dila je o jednostranom raskidu ugovora s koncesionarom, koji bi nas mogao ko\u0161tati 487.438.000 \u20ac. O tom tro\u0161ku gradski zastupnici nisu tako\u0111er dobili ni\u0161ta u materijalima za sjednicu.<\/p>\n<p>S obzirom na dosada\u0161nje iskustvo, kao i na to da Gradona\u010delnik od prvog spominjanja izgradnje CGO u Resniku spominje da \u0107e se to realizirati ako ih se ne bude opstruiralo, te time ve\u0107 unaprijed tra\u017ei opravdanje za neuspjeh, o\u010digledno je da se gra\u0111ane ponovo vara, a da je scenarij platforme \u201eNe mo\u017eemo i ne znamo, pa improviziramo\u201c slijede\u0107i: mi smo ne\u0161to ponudili i predlo\u017eili ali eto to nam je odbijeno jer nas opstruiraju<\/p>\n<p><img fetchpriority=\"high\" decoding=\"async\" class=\"size-medium wp-image-5837 alignleft\" src=\"https:\/\/hsls.hr\/web\/wp-content\/uploads\/2024\/02\/IMG-20240129-WA0015-300x200.jpg\" alt=\"\" width=\"300\" height=\"200\" srcset=\"https:\/\/hsls.hr\/web\/wp-content\/uploads\/2024\/02\/IMG-20240129-WA0015-300x200.jpg 300w, https:\/\/hsls.hr\/web\/wp-content\/uploads\/2024\/02\/IMG-20240129-WA0015-768x512.jpg 768w, https:\/\/hsls.hr\/web\/wp-content\/uploads\/2024\/02\/IMG-20240129-WA0015-585x390.jpg 585w, https:\/\/hsls.hr\/web\/wp-content\/uploads\/2024\/02\/IMG-20240129-WA0015-263x175.jpg 263w, https:\/\/hsls.hr\/web\/wp-content\/uploads\/2024\/02\/IMG-20240129-WA0015.jpg 874w\" sizes=\"(max-width: 300px) 100vw, 300px\" \/>Kristijan Jeli\u0107 istaknuo je da je odluka o besplatnom skijanju na Sljemenu ne samo da je populisti\u010dki potez kojeg se ne bi posramio ni biv\u0161i gradona\u010delnik Bandi\u0107, nego je i \u0161tetan za poslovanje kako ZET-a, tako i ustanove za upravljanje sportskim objektima. \u00a0 Ovim populisti\u010dkim potezom gradska uprava \u017eeli zamaskirati \u010dinjenicu da nisu bili sposobni osposobiti crveni spust koji je jedina staza u Hrvatskoj koja zadovoljava najvi\u0161u razinu profesionalnog skijanja !<\/p>\n<p><em>Nedopustivo je da je tek nakon 4 mjeseca od nevremena koje je o\u0161tetilo trosjed na crvenom spustu izvr\u0161en pregled i procjena \u0161tete od strane ovla\u0161tene tvrtke<\/em>. \u00a0To vam je kao da vam se pokvari klima u velja\u010di, a vi pri\u010dekate lipanj da pozovete servis kada im je vrhunac sezone ?!?\u00a0 Naravno da su dobili odgovor da eventualni servis mo\u017ee po\u010deti tek u travnju kada zavr\u0161i sezona.<\/p>\n<p>Ovim putem pozivamo Gradona\u010delnika da osmisli nove sadr\u017eaje na Sljemenu i popularizira odlazak \u017ei\u010darom na Sljeme po povoljnijim cijenama za stanovnike grada Zagreba , a ne &#8220;besplatno&#8221;, jer besplatno ne postoji. Gradona\u010delnik je i sam izjavio da se jedva 20 % poslovanja \u017ei\u010dare pokriva iz prodaje karata, pa umjesto da smisle kako pove\u0107ati prihode, oni jo\u0161 i taj minimalni \u00a0prihod umanjuju populisti\u010dkim potezima<\/p>\n","protected":false},"excerpt":{"rendered":"<p>Na redovitoj tiskovnoj konferenciji Zagreba\u010dkog HSLS-a , Alen Lochert gradski zastupnik osvrnuo se predlo\u017eeni plan gospodarenja otpadom.\u00a0 Kad se radi o gospodarenju otpadom, za vladaju\u0107u aktivisti\u010dku platformu mo\u017eemo re\u0107i da&hellip;<\/p>\n","protected":false},"author":11,"featured_media":5838,"comment_status":"closed","ping_status":"open","sticky":false,"template":"","format":"standard","meta":{"_lmt_disableupdate":"","_lmt_disable":"","footnotes":""},"categories":[4,3],"tags":[],"class_list":["post-5836","post","type-post","status-publish","format-standard","has-post-thumbnail","hentry","category-lokalne-vijesti","category-zagrebacke-vijesti"],"yoast_head":"<!-- This site is optimized with the Yoast SEO plugin v27.5 - https:\/\/yoast.com\/product\/yoast-seo-wordpress\/ -->\n<title>Pozivamo Gradona\u010delnika da se prestane baviti populizmom i po\u010dne upravljati gradom - HSLS<\/title>\n<meta name=\"robots\" content=\"index, follow, max-snippet:-1, max-image-preview:large, max-video-preview:-1\" \/>\n<link rel=\"canonical\" href=\"https:\/\/hsls.hr\/web\/pozivamo-gradonacelnika-da-se-prestane-baviti-populizmom-i-pocne-upravljati-gradom\/\" \/>\n<meta property=\"og:locale\" content=\"hr_HR\" \/>\n<meta property=\"og:type\" content=\"article\" \/>\n<meta property=\"og:title\" content=\"Pozivamo Gradona\u010delnika da se prestane baviti populizmom i po\u010dne upravljati gradom - HSLS\" \/>\n<meta property=\"og:description\" content=\"Na redovitoj tiskovnoj konferenciji Zagreba\u010dkog HSLS-a , Alen Lochert gradski zastupnik osvrnuo se predlo\u017eeni plan gospodarenja otpadom.\u00a0 Kad se radi o gospodarenju otpadom, za vladaju\u0107u aktivisti\u010dku platformu mo\u017eemo re\u0107i da&hellip;\" \/>\n<meta property=\"og:url\" content=\"https:\/\/hsls.hr\/web\/pozivamo-gradonacelnika-da-se-prestane-baviti-populizmom-i-pocne-upravljati-gradom\/\" \/>\n<meta property=\"og:site_name\" content=\"HSLS\" \/>\n<meta property=\"article:published_time\" content=\"2024-01-29T20:41:00+00:00\" \/>\n<meta property=\"article:modified_time\" content=\"2024-02-04T08:55:33+00:00\" \/>\n<meta property=\"og:image\" content=\"https:\/\/hsls.hr\/web\/wp-content\/uploads\/2024\/02\/P7230035.jpg\" \/>\n\t<meta property=\"og:image:width\" content=\"2000\" \/>\n\t<meta property=\"og:image:height\" content=\"1125\" \/>\n\t<meta property=\"og:image:type\" content=\"image\/jpeg\" \/>\n<meta name=\"author\" content=\"Darko Klasi\u0107\" \/>\n<meta name=\"twitter:card\" content=\"summary_large_image\" \/>\n<meta name=\"twitter:label1\" content=\"Napisao\/la\" \/>\n\t<meta name=\"twitter:data1\" content=\"Darko Klasi\u0107\" \/>\n\t<meta name=\"twitter:label2\" content=\"Procijenjeno vrijeme \u010ditanja\" \/>\n\t<meta name=\"twitter:data2\" content=\"4 minute\" \/>\n<script type=\"application\/ld+json\" class=\"yoast-schema-graph\">{\"@context\":\"https:\\\/\\\/schema.org\",\"@graph\":[{\"@type\":\"Article\",\"@id\":\"https:\\\/\\\/hsls.hr\\\/web\\\/pozivamo-gradonacelnika-da-se-prestane-baviti-populizmom-i-pocne-upravljati-gradom\\\/#article\",\"isPartOf\":{\"@id\":\"https:\\\/\\\/hsls.hr\\\/web\\\/pozivamo-gradonacelnika-da-se-prestane-baviti-populizmom-i-pocne-upravljati-gradom\\\/\"},\"author\":{\"name\":\"Darko Klasi\u0107\",\"@id\":\"https:\\\/\\\/hsls.hr\\\/web\\\/#\\\/schema\\\/person\\\/0dcafb2d4e6b1c050a6be43aee6851bf\"},\"headline\":\"Pozivamo Gradona\u010delnika da se prestane baviti populizmom i po\u010dne upravljati gradom\",\"datePublished\":\"2024-01-29T20:41:00+00:00\",\"dateModified\":\"2024-02-04T08:55:33+00:00\",\"mainEntityOfPage\":{\"@id\":\"https:\\\/\\\/hsls.hr\\\/web\\\/pozivamo-gradonacelnika-da-se-prestane-baviti-populizmom-i-pocne-upravljati-gradom\\\/\"},\"wordCount\":688,\"image\":{\"@id\":\"https:\\\/\\\/hsls.hr\\\/web\\\/pozivamo-gradonacelnika-da-se-prestane-baviti-populizmom-i-pocne-upravljati-gradom\\\/#primaryimage\"},\"thumbnailUrl\":\"https:\\\/\\\/hsls.hr\\\/web\\\/wp-content\\\/uploads\\\/2024\\\/02\\\/P7230035.jpg\",\"articleSection\":[\"Lokalno\",\"Zagreb\"],\"inLanguage\":\"hr\"},{\"@type\":\"WebPage\",\"@id\":\"https:\\\/\\\/hsls.hr\\\/web\\\/pozivamo-gradonacelnika-da-se-prestane-baviti-populizmom-i-pocne-upravljati-gradom\\\/\",\"url\":\"https:\\\/\\\/hsls.hr\\\/web\\\/pozivamo-gradonacelnika-da-se-prestane-baviti-populizmom-i-pocne-upravljati-gradom\\\/\",\"name\":\"Pozivamo Gradona\u010delnika da se prestane baviti populizmom i po\u010dne upravljati gradom - HSLS\",\"isPartOf\":{\"@id\":\"https:\\\/\\\/hsls.hr\\\/web\\\/#website\"},\"primaryImageOfPage\":{\"@id\":\"https:\\\/\\\/hsls.hr\\\/web\\\/pozivamo-gradonacelnika-da-se-prestane-baviti-populizmom-i-pocne-upravljati-gradom\\\/#primaryimage\"},\"image\":{\"@id\":\"https:\\\/\\\/hsls.hr\\\/web\\\/pozivamo-gradonacelnika-da-se-prestane-baviti-populizmom-i-pocne-upravljati-gradom\\\/#primaryimage\"},\"thumbnailUrl\":\"https:\\\/\\\/hsls.hr\\\/web\\\/wp-content\\\/uploads\\\/2024\\\/02\\\/P7230035.jpg\",\"datePublished\":\"2024-01-29T20:41:00+00:00\",\"dateModified\":\"2024-02-04T08:55:33+00:00\",\"author\":{\"@id\":\"https:\\\/\\\/hsls.hr\\\/web\\\/#\\\/schema\\\/person\\\/0dcafb2d4e6b1c050a6be43aee6851bf\"},\"breadcrumb\":{\"@id\":\"https:\\\/\\\/hsls.hr\\\/web\\\/pozivamo-gradonacelnika-da-se-prestane-baviti-populizmom-i-pocne-upravljati-gradom\\\/#breadcrumb\"},\"inLanguage\":\"hr\",\"potentialAction\":[{\"@type\":\"ReadAction\",\"target\":[\"https:\\\/\\\/hsls.hr\\\/web\\\/pozivamo-gradonacelnika-da-se-prestane-baviti-populizmom-i-pocne-upravljati-gradom\\\/\"]}]},{\"@type\":\"ImageObject\",\"inLanguage\":\"hr\",\"@id\":\"https:\\\/\\\/hsls.hr\\\/web\\\/pozivamo-gradonacelnika-da-se-prestane-baviti-populizmom-i-pocne-upravljati-gradom\\\/#primaryimage\",\"url\":\"https:\\\/\\\/hsls.hr\\\/web\\\/wp-content\\\/uploads\\\/2024\\\/02\\\/P7230035.jpg\",\"contentUrl\":\"https:\\\/\\\/hsls.hr\\\/web\\\/wp-content\\\/uploads\\\/2024\\\/02\\\/P7230035.jpg\",\"width\":2000,\"height\":1125,\"caption\":\"OLYMPUS DIGITAL CAMERA\"},{\"@type\":\"BreadcrumbList\",\"@id\":\"https:\\\/\\\/hsls.hr\\\/web\\\/pozivamo-gradonacelnika-da-se-prestane-baviti-populizmom-i-pocne-upravljati-gradom\\\/#breadcrumb\",\"itemListElement\":[{\"@type\":\"ListItem\",\"position\":1,\"name\":\"Po\u010detna stranica\",\"item\":\"https:\\\/\\\/hsls.hr\\\/web\\\/\"},{\"@type\":\"ListItem\",\"position\":2,\"name\":\"Pozivamo Gradona\u010delnika da se prestane baviti populizmom i po\u010dne upravljati gradom\"}]},{\"@type\":\"WebSite\",\"@id\":\"https:\\\/\\\/hsls.hr\\\/web\\\/#website\",\"url\":\"https:\\\/\\\/hsls.hr\\\/web\\\/\",\"name\":\"HSLS\",\"description\":\"Hrvatska socijalno-liberalna stranka\",\"potentialAction\":[{\"@type\":\"SearchAction\",\"target\":{\"@type\":\"EntryPoint\",\"urlTemplate\":\"https:\\\/\\\/hsls.hr\\\/web\\\/?s={search_term_string}\"},\"query-input\":{\"@type\":\"PropertyValueSpecification\",\"valueRequired\":true,\"valueName\":\"search_term_string\"}}],\"inLanguage\":\"hr\"},{\"@type\":\"Person\",\"@id\":\"https:\\\/\\\/hsls.hr\\\/web\\\/#\\\/schema\\\/person\\\/0dcafb2d4e6b1c050a6be43aee6851bf\",\"name\":\"Darko Klasi\u0107\",\"image\":{\"@type\":\"ImageObject\",\"inLanguage\":\"hr\",\"@id\":\"https:\\\/\\\/secure.gravatar.com\\\/avatar\\\/2bbea8559acdb457219cb78972701312ce7cc832eb4ad55ca42662ab0b9e7bff?s=96&d=mm&r=g\",\"url\":\"https:\\\/\\\/secure.gravatar.com\\\/avatar\\\/2bbea8559acdb457219cb78972701312ce7cc832eb4ad55ca42662ab0b9e7bff?s=96&d=mm&r=g\",\"contentUrl\":\"https:\\\/\\\/secure.gravatar.com\\\/avatar\\\/2bbea8559acdb457219cb78972701312ce7cc832eb4ad55ca42662ab0b9e7bff?s=96&d=mm&r=g\",\"caption\":\"Darko Klasi\u0107\"},\"url\":\"https:\\\/\\\/hsls.hr\\\/web\\\/author\\\/dklasic\\\/\"}]}<\/script>\n<!-- \/ Yoast SEO plugin. -->","yoast_head_json":{"title":"Pozivamo Gradona\u010delnika da se prestane baviti populizmom i po\u010dne upravljati gradom - HSLS","robots":{"index":"index","follow":"follow","max-snippet":"max-snippet:-1","max-image-preview":"max-image-preview:large","max-video-preview":"max-video-preview:-1"},"canonical":"https:\/\/hsls.hr\/web\/pozivamo-gradonacelnika-da-se-prestane-baviti-populizmom-i-pocne-upravljati-gradom\/","og_locale":"hr_HR","og_type":"article","og_title":"Pozivamo Gradona\u010delnika da se prestane baviti populizmom i po\u010dne upravljati gradom - HSLS","og_description":"Na redovitoj tiskovnoj konferenciji Zagreba\u010dkog HSLS-a , Alen Lochert gradski zastupnik osvrnuo se predlo\u017eeni plan gospodarenja otpadom.\u00a0 Kad se radi o gospodarenju otpadom, za vladaju\u0107u aktivisti\u010dku platformu mo\u017eemo re\u0107i da&hellip;","og_url":"https:\/\/hsls.hr\/web\/pozivamo-gradonacelnika-da-se-prestane-baviti-populizmom-i-pocne-upravljati-gradom\/","og_site_name":"HSLS","article_published_time":"2024-01-29T20:41:00+00:00","article_modified_time":"2024-02-04T08:55:33+00:00","og_image":[{"width":2000,"height":1125,"url":"https:\/\/hsls.hr\/web\/wp-content\/uploads\/2024\/02\/P7230035.jpg","type":"image\/jpeg"}],"author":"Darko Klasi\u0107","twitter_card":"summary_large_image","twitter_misc":{"Napisao\/la":"Darko Klasi\u0107","Procijenjeno vrijeme \u010ditanja":"4 minute"},"schema":{"@context":"https:\/\/schema.org","@graph":[{"@type":"Article","@id":"https:\/\/hsls.hr\/web\/pozivamo-gradonacelnika-da-se-prestane-baviti-populizmom-i-pocne-upravljati-gradom\/#article","isPartOf":{"@id":"https:\/\/hsls.hr\/web\/pozivamo-gradonacelnika-da-se-prestane-baviti-populizmom-i-pocne-upravljati-gradom\/"},"author":{"name":"Darko Klasi\u0107","@id":"https:\/\/hsls.hr\/web\/#\/schema\/person\/0dcafb2d4e6b1c050a6be43aee6851bf"},"headline":"Pozivamo Gradona\u010delnika da se prestane baviti populizmom i po\u010dne upravljati gradom","datePublished":"2024-01-29T20:41:00+00:00","dateModified":"2024-02-04T08:55:33+00:00","mainEntityOfPage":{"@id":"https:\/\/hsls.hr\/web\/pozivamo-gradonacelnika-da-se-prestane-baviti-populizmom-i-pocne-upravljati-gradom\/"},"wordCount":688,"image":{"@id":"https:\/\/hsls.hr\/web\/pozivamo-gradonacelnika-da-se-prestane-baviti-populizmom-i-pocne-upravljati-gradom\/#primaryimage"},"thumbnailUrl":"https:\/\/hsls.hr\/web\/wp-content\/uploads\/2024\/02\/P7230035.jpg","articleSection":["Lokalno","Zagreb"],"inLanguage":"hr"},{"@type":"WebPage","@id":"https:\/\/hsls.hr\/web\/pozivamo-gradonacelnika-da-se-prestane-baviti-populizmom-i-pocne-upravljati-gradom\/","url":"https:\/\/hsls.hr\/web\/pozivamo-gradonacelnika-da-se-prestane-baviti-populizmom-i-pocne-upravljati-gradom\/","name":"Pozivamo Gradona\u010delnika da se prestane baviti populizmom i po\u010dne upravljati gradom - HSLS","isPartOf":{"@id":"https:\/\/hsls.hr\/web\/#website"},"primaryImageOfPage":{"@id":"https:\/\/hsls.hr\/web\/pozivamo-gradonacelnika-da-se-prestane-baviti-populizmom-i-pocne-upravljati-gradom\/#primaryimage"},"image":{"@id":"https:\/\/hsls.hr\/web\/pozivamo-gradonacelnika-da-se-prestane-baviti-populizmom-i-pocne-upravljati-gradom\/#primaryimage"},"thumbnailUrl":"https:\/\/hsls.hr\/web\/wp-content\/uploads\/2024\/02\/P7230035.jpg","datePublished":"2024-01-29T20:41:00+00:00","dateModified":"2024-02-04T08:55:33+00:00","author":{"@id":"https:\/\/hsls.hr\/web\/#\/schema\/person\/0dcafb2d4e6b1c050a6be43aee6851bf"},"breadcrumb":{"@id":"https:\/\/hsls.hr\/web\/pozivamo-gradonacelnika-da-se-prestane-baviti-populizmom-i-pocne-upravljati-gradom\/#breadcrumb"},"inLanguage":"hr","potentialAction":[{"@type":"ReadAction","target":["https:\/\/hsls.hr\/web\/pozivamo-gradonacelnika-da-se-prestane-baviti-populizmom-i-pocne-upravljati-gradom\/"]}]},{"@type":"ImageObject","inLanguage":"hr","@id":"https:\/\/hsls.hr\/web\/pozivamo-gradonacelnika-da-se-prestane-baviti-populizmom-i-pocne-upravljati-gradom\/#primaryimage","url":"https:\/\/hsls.hr\/web\/wp-content\/uploads\/2024\/02\/P7230035.jpg","contentUrl":"https:\/\/hsls.hr\/web\/wp-content\/uploads\/2024\/02\/P7230035.jpg","width":2000,"height":1125,"caption":"OLYMPUS DIGITAL CAMERA"},{"@type":"BreadcrumbList","@id":"https:\/\/hsls.hr\/web\/pozivamo-gradonacelnika-da-se-prestane-baviti-populizmom-i-pocne-upravljati-gradom\/#breadcrumb","itemListElement":[{"@type":"ListItem","position":1,"name":"Po\u010detna stranica","item":"https:\/\/hsls.hr\/web\/"},{"@type":"ListItem","position":2,"name":"Pozivamo Gradona\u010delnika da se prestane baviti populizmom i po\u010dne upravljati gradom"}]},{"@type":"WebSite","@id":"https:\/\/hsls.hr\/web\/#website","url":"https:\/\/hsls.hr\/web\/","name":"HSLS","description":"Hrvatska socijalno-liberalna stranka","potentialAction":[{"@type":"SearchAction","target":{"@type":"EntryPoint","urlTemplate":"https:\/\/hsls.hr\/web\/?s={search_term_string}"},"query-input":{"@type":"PropertyValueSpecification","valueRequired":true,"valueName":"search_term_string"}}],"inLanguage":"hr"},{"@type":"Person","@id":"https:\/\/hsls.hr\/web\/#\/schema\/person\/0dcafb2d4e6b1c050a6be43aee6851bf","name":"Darko Klasi\u0107","image":{"@type":"ImageObject","inLanguage":"hr","@id":"https:\/\/secure.gravatar.com\/avatar\/2bbea8559acdb457219cb78972701312ce7cc832eb4ad55ca42662ab0b9e7bff?s=96&d=mm&r=g","url":"https:\/\/secure.gravatar.com\/avatar\/2bbea8559acdb457219cb78972701312ce7cc832eb4ad55ca42662ab0b9e7bff?s=96&d=mm&r=g","contentUrl":"https:\/\/secure.gravatar.com\/avatar\/2bbea8559acdb457219cb78972701312ce7cc832eb4ad55ca42662ab0b9e7bff?s=96&d=mm&r=g","caption":"Darko Klasi\u0107"},"url":"https:\/\/hsls.hr\/web\/author\/dklasic\/"}]}},"_links":{"self":[{"href":"https:\/\/hsls.hr\/web\/wp-json\/wp\/v2\/posts\/5836","targetHints":{"allow":["GET"]}}],"collection":[{"href":"https:\/\/hsls.hr\/web\/wp-json\/wp\/v2\/posts"}],"about":[{"href":"https:\/\/hsls.hr\/web\/wp-json\/wp\/v2\/types\/post"}],"author":[{"embeddable":true,"href":"https:\/\/hsls.hr\/web\/wp-json\/wp\/v2\/users\/11"}],"replies":[{"embeddable":true,"href":"https:\/\/hsls.hr\/web\/wp-json\/wp\/v2\/comments?post=5836"}],"version-history":[{"count":1,"href":"https:\/\/hsls.hr\/web\/wp-json\/wp\/v2\/posts\/5836\/revisions"}],"predecessor-version":[{"id":5839,"href":"https:\/\/hsls.hr\/web\/wp-json\/wp\/v2\/posts\/5836\/revisions\/5839"}],"wp:featuredmedia":[{"embeddable":true,"href":"https:\/\/hsls.hr\/web\/wp-json\/wp\/v2\/media\/5838"}],"wp:attachment":[{"href":"https:\/\/hsls.hr\/web\/wp-json\/wp\/v2\/media?parent=5836"}],"wp:term":[{"taxonomy":"category","embeddable":true,"href":"https:\/\/hsls.hr\/web\/wp-json\/wp\/v2\/categories?post=5836"},{"taxonomy":"post_tag","embeddable":true,"href":"https:\/\/hsls.hr\/web\/wp-json\/wp\/v2\/tags?post=5836"}],"curies":[{"name":"wp","href":"https:\/\/api.w.org\/{rel}","templated":true}]}}