{"id":5703,"date":"2023-12-05T21:30:42","date_gmt":"2023-12-05T21:30:42","guid":{"rendered":"https:\/\/hsls.hr\/web\/?p=5703"},"modified":"2023-12-11T22:16:22","modified_gmt":"2023-12-11T22:16:22","slug":"izostanak-odgovarajuce-sanacije-i-kao-i-nacina-odlaganja-otpada-u-proteklih-mjesec-dana-pokazuje-da-gradska-uprava-nije-shvatila-dovoljno-ozbiljno-prvi-odron-smeca-na-jakusevcu","status":"publish","type":"post","link":"https:\/\/hsls.hr\/web\/izostanak-odgovarajuce-sanacije-i-kao-i-nacina-odlaganja-otpada-u-proteklih-mjesec-dana-pokazuje-da-gradska-uprava-nije-shvatila-dovoljno-ozbiljno-prvi-odron-smeca-na-jakusevcu\/","title":{"rendered":"Izostanak odgovaraju\u0107e sanacije i kao i na\u010dina odlaganja otpada u proteklih mjesec dana pokazuje da gradska uprava nije shvatila dovoljno ozbiljno prvi odron sme\u0107a na Jaku\u0161evcu"},"content":{"rendered":"<p>Iako je od posljednjeg uru\u0161avanja otpada na Jaku\u0161evcu pro\u0161lo mjesec dana , dana\u0161nji odron\u00a0 sme\u0107a u kojem su na\u017ealost stradale dvije osobe pokazuje da Toma\u0161evi\u0107 i gradska uprava nisu\u00a0 prvi odron i njegovu sanaciju\u00a0 shvatili dovoljno\u00a0 ozbiljno te je ovaj odron posljedica ovakvog pristupa. Reakcija gradske uprave je sada ve\u0107 uobi\u010dajeno zaka\u0161njela , jer se u proteklih\u00a0 mjesec dana\u00a0 ni\u0161ta nije\u00a0 promijenilo u na\u010dinu\u00a0 formiranja odlaganja otpada\u00a0 te se i\u00a0 dalje nastavlja sa mije\u0161anim odlaganjem bio otpada i mljevenog krupnog otpada .<\/p>\n<p>Koliko je rje\u0161avanje otpad u fokusu gradske uprave i gradona\u010delnika pokazuje podatak da\u00a0 u predlo\u017eenom prora\u010dunu Zagreba za 2024. godinu nije predvi\u0111eno izdvajanje za nijedan od velikih projekata izgradnje infrastrukture kojima bi se trebao rije\u0161iti problem gospodarenja otpadom u Zagrebu. \u00a0\u00a0Politika gradona\u010delnika Toma\u0161evi\u0107a i stranke Mo\u017eemo vezano sa gospodarenjem otpada o\u010digledno i dalje ostaje samo deklarativna\u00a0 a\u00a0 Zagreb postaje sramota u Europskoj uniji u pitanju gospodarenju otpada\u00a0 izjavio je <strong>Darko Klasi\u0107<\/strong> ispred HSLS grada Zagreba na dana\u0161njoj tiskovnoj konferenciji.<\/p>\n<p><em>Gradska vlast izla\u017ee nepotrebnom riziku \u017eivote i zdravlje gra\u0111ana i gostiju na adventu u Zagrebu <\/em><\/p>\n<p><img fetchpriority=\"high\" decoding=\"async\" class=\"size-medium wp-image-5705\" src=\"https:\/\/hsls.hr\/web\/wp-content\/uploads\/2023\/12\/m2-280x300.jpg\" alt=\"\" width=\"280\" height=\"300\" srcset=\"https:\/\/hsls.hr\/web\/wp-content\/uploads\/2023\/12\/m2-280x300.jpg 280w, https:\/\/hsls.hr\/web\/wp-content\/uploads\/2023\/12\/m2-954x1024.jpg 954w, https:\/\/hsls.hr\/web\/wp-content\/uploads\/2023\/12\/m2-768x824.jpg 768w, https:\/\/hsls.hr\/web\/wp-content\/uploads\/2023\/12\/m2-1431x1536.jpg 1431w, https:\/\/hsls.hr\/web\/wp-content\/uploads\/2023\/12\/m2-1170x1256.jpg 1170w, https:\/\/hsls.hr\/web\/wp-content\/uploads\/2023\/12\/m2-585x628.jpg 585w, https:\/\/hsls.hr\/web\/wp-content\/uploads\/2023\/12\/m2.jpg 1650w\" sizes=\"(max-width: 280px) 100vw, 280px\" \/><\/p>\n<p>Gradska uprava \u00a0kao da sjedi u tenku iz kojeg pogled se\u017ee samo ravno, a vidljivost po\u010dinje tek na udaljenosti od nekoliko metara ispred njihovog ograni\u010denog pogleda. Kako druga\u010dije objasniti da vide samo, po njima pogodno, tlo za grafite kojima nagr\u0111uju povijesnu urbanu cjelinu grada Zagreba, ali ne vide smrtnu opasnost koja se nalazi iznad na\u0161ih glava i nikoga na nju ne upozoravaju. \u00a0Jer kako ina\u010de objasniti \u00a0izdavanje \u00a0dozvole za postavljanje adventskih \u0161tandova u podno\u017eju opasnih lokacija, kao \u0161to je lokacija ispred zgrade Masarykova 10. U \u017eelji da opravdaju i o\u017eive prostor koji su nedavno oslikali grafitima i pretvorili u pje\u0161a\u010dku zonu , previdjeli su da zgradu u \u010dijem su podno\u017eju\u00a0 smje\u0161tene adventske ku\u0107ice ima improvizirano osiguran \u00a0\u010detvrti kat, potkrovlje i zabatne zidove drvenim letvama, \u017eeljeznim profilima i \u201egurtama\u201c.\u00a0 \u00a0Ovakva improvizacija i smje\u0161taj adventskih ku\u0107ica u podno\u017eje te zgrade sigurno stvara nepotrebni rizik i ugro\u017eava \u017eivote gra\u0111ana. \u00a0\u0160to bi bilo da uslijed obilnijih padavina snijeg dodatno optereti krovi\u0161te ili se dogodi potres i manjeg intenziteta ? Je li ova gradska vlast sasvim sigurna da u tom slu\u010daju na prolaznike, kojih za vrijeme adventa ima znatno vi\u0161e nego ina\u010de, ne bi pale cigle, crijepovi, prozori, pa i cijeli zid?<\/p>\n<p>Ovo, na \u017ealost, ne iznena\u0111uje. Naime kao \u0161to gradska uprava \u00a0improvizira u gospodarenju otpadom, pje\u0161a\u010dkim zonama, biciklisti\u010dkim stazama, tako \u00a0i u ovom slu\u010daju bez realnog sagledavanja svih problema a kako bi istaknuli neke svoje politi\u010dke odluke dovode Zagrep\u010dane \u00a0u bespotrebnu opasnost.<\/p>\n<p>Mislim da je vrijeme\u00a0 da ime svoje platforme i slu\u017ebeno promijene iz \u201eMo\u017eemo!\u201c u \u201eNe mo\u017eemo i ne znamo, pa improviziramo\u201c, \u00a0\u00a0izjavio je gradski zastupnik <strong>Alen Lochert<\/strong>.<\/p>\n","protected":false},"excerpt":{"rendered":"<p>Iako je od posljednjeg uru\u0161avanja otpada na Jaku\u0161evcu pro\u0161lo mjesec dana , dana\u0161nji odron\u00a0 sme\u0107a u kojem su na\u017ealost stradale dvije osobe pokazuje da Toma\u0161evi\u0107 i gradska uprava nisu\u00a0 prvi&hellip;<\/p>\n","protected":false},"author":6,"featured_media":5704,"comment_status":"closed","ping_status":"open","sticky":false,"template":"","format":"standard","meta":{"_lmt_disableupdate":"","_lmt_disable":"","footnotes":""},"categories":[1,3],"tags":[],"class_list":["post-5703","post","type-post","status-publish","format-standard","has-post-thumbnail","hentry","category-nacionalne-vijesti","category-zagrebacke-vijesti"],"yoast_head":"<!-- This site is optimized with the Yoast SEO plugin v27.5 - https:\/\/yoast.com\/product\/yoast-seo-wordpress\/ -->\n<title>Izostanak odgovaraju\u0107e sanacije i kao i na\u010dina odlaganja otpada u proteklih mjesec dana pokazuje da gradska uprava nije shvatila dovoljno ozbiljno prvi odron sme\u0107a na Jaku\u0161evcu - HSLS<\/title>\n<meta name=\"robots\" content=\"index, follow, max-snippet:-1, max-image-preview:large, max-video-preview:-1\" \/>\n<link rel=\"canonical\" href=\"https:\/\/hsls.hr\/web\/izostanak-odgovarajuce-sanacije-i-kao-i-nacina-odlaganja-otpada-u-proteklih-mjesec-dana-pokazuje-da-gradska-uprava-nije-shvatila-dovoljno-ozbiljno-prvi-odron-smeca-na-jakusevcu\/\" \/>\n<meta property=\"og:locale\" content=\"hr_HR\" \/>\n<meta property=\"og:type\" content=\"article\" \/>\n<meta property=\"og:title\" content=\"Izostanak odgovaraju\u0107e sanacije i kao i na\u010dina odlaganja otpada u proteklih mjesec dana pokazuje da gradska uprava nije shvatila dovoljno ozbiljno prvi odron sme\u0107a na Jaku\u0161evcu - HSLS\" \/>\n<meta property=\"og:description\" content=\"Iako je od posljednjeg uru\u0161avanja otpada na Jaku\u0161evcu pro\u0161lo mjesec dana , dana\u0161nji odron\u00a0 sme\u0107a u kojem su na\u017ealost stradale dvije osobe pokazuje da Toma\u0161evi\u0107 i gradska uprava nisu\u00a0 prvi&hellip;\" \/>\n<meta property=\"og:url\" content=\"https:\/\/hsls.hr\/web\/izostanak-odgovarajuce-sanacije-i-kao-i-nacina-odlaganja-otpada-u-proteklih-mjesec-dana-pokazuje-da-gradska-uprava-nije-shvatila-dovoljno-ozbiljno-prvi-odron-smeca-na-jakusevcu\/\" \/>\n<meta property=\"og:site_name\" content=\"HSLS\" \/>\n<meta property=\"article:published_time\" content=\"2023-12-05T21:30:42+00:00\" \/>\n<meta property=\"article:modified_time\" content=\"2023-12-11T22:16:22+00:00\" \/>\n<meta property=\"og:image\" content=\"https:\/\/hsls.hr\/web\/wp-content\/uploads\/2023\/12\/3.jpg\" \/>\n\t<meta property=\"og:image:width\" content=\"1600\" \/>\n\t<meta property=\"og:image:height\" content=\"1200\" \/>\n\t<meta property=\"og:image:type\" content=\"image\/jpeg\" \/>\n<meta name=\"author\" content=\"HSLS Zagreb\" \/>\n<meta name=\"twitter:card\" content=\"summary_large_image\" \/>\n<meta name=\"twitter:label1\" content=\"Napisao\/la\" \/>\n\t<meta name=\"twitter:data1\" content=\"HSLS Zagreb\" \/>\n\t<meta name=\"twitter:label2\" content=\"Procijenjeno vrijeme \u010ditanja\" \/>\n\t<meta name=\"twitter:data2\" content=\"3 minute\" \/>\n<script type=\"application\/ld+json\" class=\"yoast-schema-graph\">{\"@context\":\"https:\\\/\\\/schema.org\",\"@graph\":[{\"@type\":\"Article\",\"@id\":\"https:\\\/\\\/hsls.hr\\\/web\\\/izostanak-odgovarajuce-sanacije-i-kao-i-nacina-odlaganja-otpada-u-proteklih-mjesec-dana-pokazuje-da-gradska-uprava-nije-shvatila-dovoljno-ozbiljno-prvi-odron-smeca-na-jakusevcu\\\/#article\",\"isPartOf\":{\"@id\":\"https:\\\/\\\/hsls.hr\\\/web\\\/izostanak-odgovarajuce-sanacije-i-kao-i-nacina-odlaganja-otpada-u-proteklih-mjesec-dana-pokazuje-da-gradska-uprava-nije-shvatila-dovoljno-ozbiljno-prvi-odron-smeca-na-jakusevcu\\\/\"},\"author\":{\"name\":\"HSLS Zagreb\",\"@id\":\"https:\\\/\\\/hsls.hr\\\/web\\\/#\\\/schema\\\/person\\\/67d96d588ab8c49fb1b737b8bc403f56\"},\"headline\":\"Izostanak odgovaraju\u0107e sanacije i kao i na\u010dina odlaganja otpada u proteklih mjesec dana pokazuje da gradska uprava nije shvatila dovoljno ozbiljno prvi odron sme\u0107a na Jaku\u0161evcu\",\"datePublished\":\"2023-12-05T21:30:42+00:00\",\"dateModified\":\"2023-12-11T22:16:22+00:00\",\"mainEntityOfPage\":{\"@id\":\"https:\\\/\\\/hsls.hr\\\/web\\\/izostanak-odgovarajuce-sanacije-i-kao-i-nacina-odlaganja-otpada-u-proteklih-mjesec-dana-pokazuje-da-gradska-uprava-nije-shvatila-dovoljno-ozbiljno-prvi-odron-smeca-na-jakusevcu\\\/\"},\"wordCount\":523,\"image\":{\"@id\":\"https:\\\/\\\/hsls.hr\\\/web\\\/izostanak-odgovarajuce-sanacije-i-kao-i-nacina-odlaganja-otpada-u-proteklih-mjesec-dana-pokazuje-da-gradska-uprava-nije-shvatila-dovoljno-ozbiljno-prvi-odron-smeca-na-jakusevcu\\\/#primaryimage\"},\"thumbnailUrl\":\"https:\\\/\\\/hsls.hr\\\/web\\\/wp-content\\\/uploads\\\/2023\\\/12\\\/3.jpg\",\"articleSection\":[\"Nacionalno\",\"Zagreb\"],\"inLanguage\":\"hr\"},{\"@type\":\"WebPage\",\"@id\":\"https:\\\/\\\/hsls.hr\\\/web\\\/izostanak-odgovarajuce-sanacije-i-kao-i-nacina-odlaganja-otpada-u-proteklih-mjesec-dana-pokazuje-da-gradska-uprava-nije-shvatila-dovoljno-ozbiljno-prvi-odron-smeca-na-jakusevcu\\\/\",\"url\":\"https:\\\/\\\/hsls.hr\\\/web\\\/izostanak-odgovarajuce-sanacije-i-kao-i-nacina-odlaganja-otpada-u-proteklih-mjesec-dana-pokazuje-da-gradska-uprava-nije-shvatila-dovoljno-ozbiljno-prvi-odron-smeca-na-jakusevcu\\\/\",\"name\":\"Izostanak odgovaraju\u0107e sanacije i kao i na\u010dina odlaganja otpada u proteklih mjesec dana pokazuje da gradska uprava nije shvatila dovoljno ozbiljno prvi odron sme\u0107a na Jaku\u0161evcu - HSLS\",\"isPartOf\":{\"@id\":\"https:\\\/\\\/hsls.hr\\\/web\\\/#website\"},\"primaryImageOfPage\":{\"@id\":\"https:\\\/\\\/hsls.hr\\\/web\\\/izostanak-odgovarajuce-sanacije-i-kao-i-nacina-odlaganja-otpada-u-proteklih-mjesec-dana-pokazuje-da-gradska-uprava-nije-shvatila-dovoljno-ozbiljno-prvi-odron-smeca-na-jakusevcu\\\/#primaryimage\"},\"image\":{\"@id\":\"https:\\\/\\\/hsls.hr\\\/web\\\/izostanak-odgovarajuce-sanacije-i-kao-i-nacina-odlaganja-otpada-u-proteklih-mjesec-dana-pokazuje-da-gradska-uprava-nije-shvatila-dovoljno-ozbiljno-prvi-odron-smeca-na-jakusevcu\\\/#primaryimage\"},\"thumbnailUrl\":\"https:\\\/\\\/hsls.hr\\\/web\\\/wp-content\\\/uploads\\\/2023\\\/12\\\/3.jpg\",\"datePublished\":\"2023-12-05T21:30:42+00:00\",\"dateModified\":\"2023-12-11T22:16:22+00:00\",\"author\":{\"@id\":\"https:\\\/\\\/hsls.hr\\\/web\\\/#\\\/schema\\\/person\\\/67d96d588ab8c49fb1b737b8bc403f56\"},\"breadcrumb\":{\"@id\":\"https:\\\/\\\/hsls.hr\\\/web\\\/izostanak-odgovarajuce-sanacije-i-kao-i-nacina-odlaganja-otpada-u-proteklih-mjesec-dana-pokazuje-da-gradska-uprava-nije-shvatila-dovoljno-ozbiljno-prvi-odron-smeca-na-jakusevcu\\\/#breadcrumb\"},\"inLanguage\":\"hr\",\"potentialAction\":[{\"@type\":\"ReadAction\",\"target\":[\"https:\\\/\\\/hsls.hr\\\/web\\\/izostanak-odgovarajuce-sanacije-i-kao-i-nacina-odlaganja-otpada-u-proteklih-mjesec-dana-pokazuje-da-gradska-uprava-nije-shvatila-dovoljno-ozbiljno-prvi-odron-smeca-na-jakusevcu\\\/\"]}]},{\"@type\":\"ImageObject\",\"inLanguage\":\"hr\",\"@id\":\"https:\\\/\\\/hsls.hr\\\/web\\\/izostanak-odgovarajuce-sanacije-i-kao-i-nacina-odlaganja-otpada-u-proteklih-mjesec-dana-pokazuje-da-gradska-uprava-nije-shvatila-dovoljno-ozbiljno-prvi-odron-smeca-na-jakusevcu\\\/#primaryimage\",\"url\":\"https:\\\/\\\/hsls.hr\\\/web\\\/wp-content\\\/uploads\\\/2023\\\/12\\\/3.jpg\",\"contentUrl\":\"https:\\\/\\\/hsls.hr\\\/web\\\/wp-content\\\/uploads\\\/2023\\\/12\\\/3.jpg\",\"width\":1600,\"height\":1200},{\"@type\":\"BreadcrumbList\",\"@id\":\"https:\\\/\\\/hsls.hr\\\/web\\\/izostanak-odgovarajuce-sanacije-i-kao-i-nacina-odlaganja-otpada-u-proteklih-mjesec-dana-pokazuje-da-gradska-uprava-nije-shvatila-dovoljno-ozbiljno-prvi-odron-smeca-na-jakusevcu\\\/#breadcrumb\",\"itemListElement\":[{\"@type\":\"ListItem\",\"position\":1,\"name\":\"Po\u010detna stranica\",\"item\":\"https:\\\/\\\/hsls.hr\\\/web\\\/\"},{\"@type\":\"ListItem\",\"position\":2,\"name\":\"Izostanak odgovaraju\u0107e sanacije i kao i na\u010dina odlaganja otpada u proteklih mjesec dana pokazuje da gradska uprava nije shvatila dovoljno ozbiljno prvi odron sme\u0107a na Jaku\u0161evcu\"}]},{\"@type\":\"WebSite\",\"@id\":\"https:\\\/\\\/hsls.hr\\\/web\\\/#website\",\"url\":\"https:\\\/\\\/hsls.hr\\\/web\\\/\",\"name\":\"HSLS\",\"description\":\"Hrvatska socijalno-liberalna stranka\",\"potentialAction\":[{\"@type\":\"SearchAction\",\"target\":{\"@type\":\"EntryPoint\",\"urlTemplate\":\"https:\\\/\\\/hsls.hr\\\/web\\\/?s={search_term_string}\"},\"query-input\":{\"@type\":\"PropertyValueSpecification\",\"valueRequired\":true,\"valueName\":\"search_term_string\"}}],\"inLanguage\":\"hr\"},{\"@type\":\"Person\",\"@id\":\"https:\\\/\\\/hsls.hr\\\/web\\\/#\\\/schema\\\/person\\\/67d96d588ab8c49fb1b737b8bc403f56\",\"name\":\"HSLS Zagreb\",\"image\":{\"@type\":\"ImageObject\",\"inLanguage\":\"hr\",\"@id\":\"https:\\\/\\\/secure.gravatar.com\\\/avatar\\\/57efbe1a1f3fe6082a23dc31f18788721e4f827a85f5b360018c1ffe683ebafd?s=96&d=mm&r=g\",\"url\":\"https:\\\/\\\/secure.gravatar.com\\\/avatar\\\/57efbe1a1f3fe6082a23dc31f18788721e4f827a85f5b360018c1ffe683ebafd?s=96&d=mm&r=g\",\"contentUrl\":\"https:\\\/\\\/secure.gravatar.com\\\/avatar\\\/57efbe1a1f3fe6082a23dc31f18788721e4f827a85f5b360018c1ffe683ebafd?s=96&d=mm&r=g\",\"caption\":\"HSLS Zagreb\"},\"url\":\"https:\\\/\\\/hsls.hr\\\/web\\\/author\\\/zghsls\\\/\"}]}<\/script>\n<!-- \/ Yoast SEO plugin. -->","yoast_head_json":{"title":"Izostanak odgovaraju\u0107e sanacije i kao i na\u010dina odlaganja otpada u proteklih mjesec dana pokazuje da gradska uprava nije shvatila dovoljno ozbiljno prvi odron sme\u0107a na Jaku\u0161evcu - HSLS","robots":{"index":"index","follow":"follow","max-snippet":"max-snippet:-1","max-image-preview":"max-image-preview:large","max-video-preview":"max-video-preview:-1"},"canonical":"https:\/\/hsls.hr\/web\/izostanak-odgovarajuce-sanacije-i-kao-i-nacina-odlaganja-otpada-u-proteklih-mjesec-dana-pokazuje-da-gradska-uprava-nije-shvatila-dovoljno-ozbiljno-prvi-odron-smeca-na-jakusevcu\/","og_locale":"hr_HR","og_type":"article","og_title":"Izostanak odgovaraju\u0107e sanacije i kao i na\u010dina odlaganja otpada u proteklih mjesec dana pokazuje da gradska uprava nije shvatila dovoljno ozbiljno prvi odron sme\u0107a na Jaku\u0161evcu - HSLS","og_description":"Iako je od posljednjeg uru\u0161avanja otpada na Jaku\u0161evcu pro\u0161lo mjesec dana , dana\u0161nji odron\u00a0 sme\u0107a u kojem su na\u017ealost stradale dvije osobe pokazuje da Toma\u0161evi\u0107 i gradska uprava nisu\u00a0 prvi&hellip;","og_url":"https:\/\/hsls.hr\/web\/izostanak-odgovarajuce-sanacije-i-kao-i-nacina-odlaganja-otpada-u-proteklih-mjesec-dana-pokazuje-da-gradska-uprava-nije-shvatila-dovoljno-ozbiljno-prvi-odron-smeca-na-jakusevcu\/","og_site_name":"HSLS","article_published_time":"2023-12-05T21:30:42+00:00","article_modified_time":"2023-12-11T22:16:22+00:00","og_image":[{"width":1600,"height":1200,"url":"https:\/\/hsls.hr\/web\/wp-content\/uploads\/2023\/12\/3.jpg","type":"image\/jpeg"}],"author":"HSLS Zagreb","twitter_card":"summary_large_image","twitter_misc":{"Napisao\/la":"HSLS Zagreb","Procijenjeno vrijeme \u010ditanja":"3 minute"},"schema":{"@context":"https:\/\/schema.org","@graph":[{"@type":"Article","@id":"https:\/\/hsls.hr\/web\/izostanak-odgovarajuce-sanacije-i-kao-i-nacina-odlaganja-otpada-u-proteklih-mjesec-dana-pokazuje-da-gradska-uprava-nije-shvatila-dovoljno-ozbiljno-prvi-odron-smeca-na-jakusevcu\/#article","isPartOf":{"@id":"https:\/\/hsls.hr\/web\/izostanak-odgovarajuce-sanacije-i-kao-i-nacina-odlaganja-otpada-u-proteklih-mjesec-dana-pokazuje-da-gradska-uprava-nije-shvatila-dovoljno-ozbiljno-prvi-odron-smeca-na-jakusevcu\/"},"author":{"name":"HSLS Zagreb","@id":"https:\/\/hsls.hr\/web\/#\/schema\/person\/67d96d588ab8c49fb1b737b8bc403f56"},"headline":"Izostanak odgovaraju\u0107e sanacije i kao i na\u010dina odlaganja otpada u proteklih mjesec dana pokazuje da gradska uprava nije shvatila dovoljno ozbiljno prvi odron sme\u0107a na Jaku\u0161evcu","datePublished":"2023-12-05T21:30:42+00:00","dateModified":"2023-12-11T22:16:22+00:00","mainEntityOfPage":{"@id":"https:\/\/hsls.hr\/web\/izostanak-odgovarajuce-sanacije-i-kao-i-nacina-odlaganja-otpada-u-proteklih-mjesec-dana-pokazuje-da-gradska-uprava-nije-shvatila-dovoljno-ozbiljno-prvi-odron-smeca-na-jakusevcu\/"},"wordCount":523,"image":{"@id":"https:\/\/hsls.hr\/web\/izostanak-odgovarajuce-sanacije-i-kao-i-nacina-odlaganja-otpada-u-proteklih-mjesec-dana-pokazuje-da-gradska-uprava-nije-shvatila-dovoljno-ozbiljno-prvi-odron-smeca-na-jakusevcu\/#primaryimage"},"thumbnailUrl":"https:\/\/hsls.hr\/web\/wp-content\/uploads\/2023\/12\/3.jpg","articleSection":["Nacionalno","Zagreb"],"inLanguage":"hr"},{"@type":"WebPage","@id":"https:\/\/hsls.hr\/web\/izostanak-odgovarajuce-sanacije-i-kao-i-nacina-odlaganja-otpada-u-proteklih-mjesec-dana-pokazuje-da-gradska-uprava-nije-shvatila-dovoljno-ozbiljno-prvi-odron-smeca-na-jakusevcu\/","url":"https:\/\/hsls.hr\/web\/izostanak-odgovarajuce-sanacije-i-kao-i-nacina-odlaganja-otpada-u-proteklih-mjesec-dana-pokazuje-da-gradska-uprava-nije-shvatila-dovoljno-ozbiljno-prvi-odron-smeca-na-jakusevcu\/","name":"Izostanak odgovaraju\u0107e sanacije i kao i na\u010dina odlaganja otpada u proteklih mjesec dana pokazuje da gradska uprava nije shvatila dovoljno ozbiljno prvi odron sme\u0107a na Jaku\u0161evcu - HSLS","isPartOf":{"@id":"https:\/\/hsls.hr\/web\/#website"},"primaryImageOfPage":{"@id":"https:\/\/hsls.hr\/web\/izostanak-odgovarajuce-sanacije-i-kao-i-nacina-odlaganja-otpada-u-proteklih-mjesec-dana-pokazuje-da-gradska-uprava-nije-shvatila-dovoljno-ozbiljno-prvi-odron-smeca-na-jakusevcu\/#primaryimage"},"image":{"@id":"https:\/\/hsls.hr\/web\/izostanak-odgovarajuce-sanacije-i-kao-i-nacina-odlaganja-otpada-u-proteklih-mjesec-dana-pokazuje-da-gradska-uprava-nije-shvatila-dovoljno-ozbiljno-prvi-odron-smeca-na-jakusevcu\/#primaryimage"},"thumbnailUrl":"https:\/\/hsls.hr\/web\/wp-content\/uploads\/2023\/12\/3.jpg","datePublished":"2023-12-05T21:30:42+00:00","dateModified":"2023-12-11T22:16:22+00:00","author":{"@id":"https:\/\/hsls.hr\/web\/#\/schema\/person\/67d96d588ab8c49fb1b737b8bc403f56"},"breadcrumb":{"@id":"https:\/\/hsls.hr\/web\/izostanak-odgovarajuce-sanacije-i-kao-i-nacina-odlaganja-otpada-u-proteklih-mjesec-dana-pokazuje-da-gradska-uprava-nije-shvatila-dovoljno-ozbiljno-prvi-odron-smeca-na-jakusevcu\/#breadcrumb"},"inLanguage":"hr","potentialAction":[{"@type":"ReadAction","target":["https:\/\/hsls.hr\/web\/izostanak-odgovarajuce-sanacije-i-kao-i-nacina-odlaganja-otpada-u-proteklih-mjesec-dana-pokazuje-da-gradska-uprava-nije-shvatila-dovoljno-ozbiljno-prvi-odron-smeca-na-jakusevcu\/"]}]},{"@type":"ImageObject","inLanguage":"hr","@id":"https:\/\/hsls.hr\/web\/izostanak-odgovarajuce-sanacije-i-kao-i-nacina-odlaganja-otpada-u-proteklih-mjesec-dana-pokazuje-da-gradska-uprava-nije-shvatila-dovoljno-ozbiljno-prvi-odron-smeca-na-jakusevcu\/#primaryimage","url":"https:\/\/hsls.hr\/web\/wp-content\/uploads\/2023\/12\/3.jpg","contentUrl":"https:\/\/hsls.hr\/web\/wp-content\/uploads\/2023\/12\/3.jpg","width":1600,"height":1200},{"@type":"BreadcrumbList","@id":"https:\/\/hsls.hr\/web\/izostanak-odgovarajuce-sanacije-i-kao-i-nacina-odlaganja-otpada-u-proteklih-mjesec-dana-pokazuje-da-gradska-uprava-nije-shvatila-dovoljno-ozbiljno-prvi-odron-smeca-na-jakusevcu\/#breadcrumb","itemListElement":[{"@type":"ListItem","position":1,"name":"Po\u010detna stranica","item":"https:\/\/hsls.hr\/web\/"},{"@type":"ListItem","position":2,"name":"Izostanak odgovaraju\u0107e sanacije i kao i na\u010dina odlaganja otpada u proteklih mjesec dana pokazuje da gradska uprava nije shvatila dovoljno ozbiljno prvi odron sme\u0107a na Jaku\u0161evcu"}]},{"@type":"WebSite","@id":"https:\/\/hsls.hr\/web\/#website","url":"https:\/\/hsls.hr\/web\/","name":"HSLS","description":"Hrvatska socijalno-liberalna stranka","potentialAction":[{"@type":"SearchAction","target":{"@type":"EntryPoint","urlTemplate":"https:\/\/hsls.hr\/web\/?s={search_term_string}"},"query-input":{"@type":"PropertyValueSpecification","valueRequired":true,"valueName":"search_term_string"}}],"inLanguage":"hr"},{"@type":"Person","@id":"https:\/\/hsls.hr\/web\/#\/schema\/person\/67d96d588ab8c49fb1b737b8bc403f56","name":"HSLS Zagreb","image":{"@type":"ImageObject","inLanguage":"hr","@id":"https:\/\/secure.gravatar.com\/avatar\/57efbe1a1f3fe6082a23dc31f18788721e4f827a85f5b360018c1ffe683ebafd?s=96&d=mm&r=g","url":"https:\/\/secure.gravatar.com\/avatar\/57efbe1a1f3fe6082a23dc31f18788721e4f827a85f5b360018c1ffe683ebafd?s=96&d=mm&r=g","contentUrl":"https:\/\/secure.gravatar.com\/avatar\/57efbe1a1f3fe6082a23dc31f18788721e4f827a85f5b360018c1ffe683ebafd?s=96&d=mm&r=g","caption":"HSLS Zagreb"},"url":"https:\/\/hsls.hr\/web\/author\/zghsls\/"}]}},"_links":{"self":[{"href":"https:\/\/hsls.hr\/web\/wp-json\/wp\/v2\/posts\/5703","targetHints":{"allow":["GET"]}}],"collection":[{"href":"https:\/\/hsls.hr\/web\/wp-json\/wp\/v2\/posts"}],"about":[{"href":"https:\/\/hsls.hr\/web\/wp-json\/wp\/v2\/types\/post"}],"author":[{"embeddable":true,"href":"https:\/\/hsls.hr\/web\/wp-json\/wp\/v2\/users\/6"}],"replies":[{"embeddable":true,"href":"https:\/\/hsls.hr\/web\/wp-json\/wp\/v2\/comments?post=5703"}],"version-history":[{"count":1,"href":"https:\/\/hsls.hr\/web\/wp-json\/wp\/v2\/posts\/5703\/revisions"}],"predecessor-version":[{"id":5706,"href":"https:\/\/hsls.hr\/web\/wp-json\/wp\/v2\/posts\/5703\/revisions\/5706"}],"wp:featuredmedia":[{"embeddable":true,"href":"https:\/\/hsls.hr\/web\/wp-json\/wp\/v2\/media\/5704"}],"wp:attachment":[{"href":"https:\/\/hsls.hr\/web\/wp-json\/wp\/v2\/media?parent=5703"}],"wp:term":[{"taxonomy":"category","embeddable":true,"href":"https:\/\/hsls.hr\/web\/wp-json\/wp\/v2\/categories?post=5703"},{"taxonomy":"post_tag","embeddable":true,"href":"https:\/\/hsls.hr\/web\/wp-json\/wp\/v2\/tags?post=5703"}],"curies":[{"name":"wp","href":"https:\/\/api.w.org\/{rel}","templated":true}]}}