{"id":5609,"date":"2023-11-13T04:35:46","date_gmt":"2023-11-13T04:35:46","guid":{"rendered":"https:\/\/hsls.hr\/?p=5609"},"modified":"2023-11-17T04:49:25","modified_gmt":"2023-11-17T04:49:25","slug":"tomaseviceva-prometna-rjesenja-izazivaju-kolaps-guzve-su-sve-gore","status":"publish","type":"post","link":"https:\/\/hsls.hr\/web\/tomaseviceva-prometna-rjesenja-izazivaju-kolaps-guzve-su-sve-gore\/","title":{"rendered":"Toma\u0161evi\u0107eva prometna rje\u0161enja izazivaju kolaps, gu\u017eve su sve gore"},"content":{"rendered":"\n<h2 class=\"wp-block-heading has-medium-font-size\" style=\"font-style:normal;font-weight:400\"><em>Postali smo svjedoci da tkz. alternativna\u00a0 prometna rje\u0161enja koja provodi\u00a0 gradska uprava , zbog stalnih gu\u017evi i zastoja stvaraju ve\u0107e zaga\u0111enje na cijelom podru\u010dju grada\u00a0 i ve\u0107i uglji\u010dni otisak Zagreba<\/em> <\/h2>\n\n\n<p>\u00a0Sa redovite tiskovne konferencije zagreba\u010dkog HSLS-a .<\/p>\n<p>Kako vrijeme prolazi, prometuju\u0107i\u00a0 gradskim ulicama brzinom od 15 kilometara na sat kroz gu\u017evu\u00a0 sigurno se svi sudionici prometa\u00a0 pitaju \u2013 radi li itko i\u0161ta po pitanju rje\u0161avanja jednog uz otpad od najve\u0107ih problema u Zagrebu?\u00a0 Iako je protekle dvije godine zabilje\u017een neznatni rast broja motornih vozila u gradu Zagrebu , svjedoci smo da su prometna rje\u0161enja koja nam je\u00a0 ponudio Tomislav Toma\u0161evi\u0107 i Mo\u017eemo uzrokovao svakodnevni prometni kolaps u Zagrebu. Ono \u0161to je zabrinjavaju\u0107e ne nazire se rje\u0161enje ovakvog stanja , nego \u0161tovi\u0161e prometne gu\u017eve postaju sve ve\u0107e.<\/p>\n<p><img fetchpriority=\"high\" decoding=\"async\" class=\"size-medium wp-image-5012 alignleft\" src=\"https:\/\/hsls.hr\/web\/wp-content\/uploads\/2023\/06\/Fotografija-uz-priopcenje1-300x169.jpg\" alt=\"\" width=\"300\" height=\"169\" srcset=\"https:\/\/hsls.hr\/web\/wp-content\/uploads\/2023\/06\/Fotografija-uz-priopcenje1-300x169.jpg 300w, https:\/\/hsls.hr\/web\/wp-content\/uploads\/2023\/06\/Fotografija-uz-priopcenje1-1024x575.jpg 1024w, https:\/\/hsls.hr\/web\/wp-content\/uploads\/2023\/06\/Fotografija-uz-priopcenje1-768x432.jpg 768w, https:\/\/hsls.hr\/web\/wp-content\/uploads\/2023\/06\/Fotografija-uz-priopcenje1-1536x863.jpg 1536w, https:\/\/hsls.hr\/web\/wp-content\/uploads\/2023\/06\/Fotografija-uz-priopcenje1-1920x1079.jpg 1920w, https:\/\/hsls.hr\/web\/wp-content\/uploads\/2023\/06\/Fotografija-uz-priopcenje1-1170x663.jpg 1170w, https:\/\/hsls.hr\/web\/wp-content\/uploads\/2023\/06\/Fotografija-uz-priopcenje1-585x329.jpg 585w, https:\/\/hsls.hr\/web\/wp-content\/uploads\/2023\/06\/Fotografija-uz-priopcenje1.jpg 2000w\" sizes=\"(max-width: 300px) 100vw, 300px\" \/> Uvo\u0111enjem ad hoc pje\u0161a\u010dkih zona i su\u017eavanjem prometnica bez alternativnih i kompenziraju\u0107ih prometnih mjera pokazuje nam da su\u00a0 prometna rje\u0161enja gradske uprave i gradona\u010delnika\u00a0\u00a0 rezultat ideolo\u0161ke improvizacije a ne odgovaraju\u0107e prometne studije\u00a0 koja bi obuhvatila sve segmente prometa i promet u Zagrebu u\u010dinili odr\u017eivijim i ekolo\u0161kim.<\/p>\n<p>Kako se gradska uprava i Tomislav Toma\u0161evi\u0107 o\u010digledno ne snalaze i ne shva\u0107aju koliko je bitno da prometni sustav bude odr\u017eiv , predla\u017eemo gradskoj upravi da hitno usvoji\u00a0\u00a0 \u201clow budget\u201d rje\u0161enja\u00a0 u koja ne treba ulagati milijune a koji bi se mogli ostvariti i zna\u010dajno olak\u0161ati prometovanje gradom i u\u010dinit ga zelenijim i ekolo\u0161ki prihvatljivim ;<\/p>\n<ul>\n<li>prestanak uvo\u0111enja pje\u0161a\u010dkih i biciklisti\u010dkih zona na prometnicama na kojima se odvija promet motornih vozila bez sveobuhvatne studije utjecaja na \u0161ire tokove prometa<\/li>\n<li>uspostaviti automatski centar za nadzor i upravljanje raskri\u017ejima kako bi se rije\u0161ili zastoji u sredi\u0161tu grada, gdje se infrastruktura ne mo\u017ee bitno mijenjati. Zagreb ve\u0107 posjeduje preko 500 kamera koje djeluju u okviru prometno-komunalnog redarstva za nadzor prometa te ih treba integrirati u automatski centar za upravljanje prometom<\/li>\n<li>gradnja kru\u017enih tokova, zamjena smjera pojedinih ulica i uvo\u0111enje jednosmjernih kako bi se manje sjekli prometni tokovi za sva kriti\u010dna mjesta u Zagrebu, studije ve\u0107 postoje potrebna je samo politi\u010dka volja ili \u0107e kao i do sad i dalje u ladicama \u010dekati neka bolja vremena<\/li>\n<li>kako bi grad u\u010dinili zelenijim , umjesto postavljanja improviziranih sadnica u tegle predla\u017eemo da se iskoristi novoure\u0111ena Gunduli\u0107eve ulice te da se na polovici ulice izdigne plato na kojem se mo\u017ee posaditi adekvatni drvored sa sadnicama koje su primjerene urbanom prostoru. Ovako formiran drvored bio bi nastavak\u00a0\u00a0 Lenuzzijeve potkove , te\u00a0 zna\u010dajan alat svojim hladom za borbu protiv podizanja temperature u gradovima.<\/li>\n<\/ul>\n<p>\u00a0U svjetlu novog Adventa u Zagrebu koji \u0107e sigurno sa ovakvim prometnim rje\u0161enjima staviti na veliku ku\u0161nju odr\u017eivost zagreba\u010dke organizacije prometa, ovo su rje\u0161enja zagreba\u010dkog HSLS-a na gu\u017eve na zagreba\u010dkim ulicama za koja nisu potrebna velika sredstva ili mo\u017eemo zaboraviti na turizam i \u00a0u\u010dinkovitu robnu razmjenu u Zagrebu.<\/p>\n<p>Budu\u0107nost zagreba\u010dkog prometa sigurno je\u00a0 smanjenje automobilskog i pove\u0107anje biciklisti\u010dkog prometa uz\u00a0 unapre\u0111enje javnog prijevoza i izgradnju javnih gara\u017ea i pristupnih parkirali\u0161ta , ali ovi procesi se trebaju \u00a0odvijati sinkronizirano\u00a0\u00a0 te treba izbjegavati polovi\u010dna rje\u0161enja \u010diji rezultati su svakodnevno vidljivi na zagreba\u010dkim ulicama , izjavio je <strong>Darko Klasi\u0107.<\/strong><\/p>\n<p><strong>\u00a0<\/strong><em>Gubi li Grad Zagreb zbog nesposobnosti gradske uprave 2,5 milijuna eura ???\u00a0 <br \/><\/em><\/p>\n<p><img decoding=\"async\" class=\"wp-image-5610  alignleft\" src=\"https:\/\/hsls.hr\/web\/wp-content\/uploads\/2023\/11\/9179c7e7-1f26-4625-9168-4654df75cc54-225x300.jpg\" alt=\"\" width=\"200\" height=\"267\" srcset=\"https:\/\/hsls.hr\/web\/wp-content\/uploads\/2023\/11\/9179c7e7-1f26-4625-9168-4654df75cc54-225x300.jpg 225w, https:\/\/hsls.hr\/web\/wp-content\/uploads\/2023\/11\/9179c7e7-1f26-4625-9168-4654df75cc54-768x1024.jpg 768w, https:\/\/hsls.hr\/web\/wp-content\/uploads\/2023\/11\/9179c7e7-1f26-4625-9168-4654df75cc54-1152x1536.jpg 1152w, https:\/\/hsls.hr\/web\/wp-content\/uploads\/2023\/11\/9179c7e7-1f26-4625-9168-4654df75cc54-1170x1560.jpg 1170w, https:\/\/hsls.hr\/web\/wp-content\/uploads\/2023\/11\/9179c7e7-1f26-4625-9168-4654df75cc54-585x780.jpg 585w, https:\/\/hsls.hr\/web\/wp-content\/uploads\/2023\/11\/9179c7e7-1f26-4625-9168-4654df75cc54.jpg 1200w\" sizes=\"(max-width: 200px) 100vw, 200px\" \/><\/p>\n<p>Svi smo svjedoci ka\u0161njenja radova na rekonstrukciji Jadranskog mosta, ali mislim da ve\u0107ina gra\u0111ana nije svjesna koliko \u0107e to ko\u0161tati porezne obveznike Grada Zagreba. Zbog ka\u0161njenja sa izvo\u0111enjem radova Zagreb nije stigao realizirati sredstva iz EU fonda solidarnosti, odnosno realizirano je samo oko 1\/3 sredstava. Nakon isteka roka Vlada RH je podmetnula svoja le\u0111a i preuzela na sebe obavezu financiranja zapo\u010detih projekata, ali sada nam je ve\u0107 i taj rok upitan i bojim se da \u0107e zbog nesposobnosti Grada i Holdinga i ta sredstva propasti, odnosno tro\u0161kovi \u0107e pasti na prora\u010dun Grada Zagreba. Zbog \u010dinjenice da umjesto tramvajem (koji ima svoj slobodan koridor), na\u0161i sugra\u0111ani moraju putovati autobusom, stvaraju se dodatna zagu\u0161enja na ionako zagu\u0161enom prometnom potezu. U \u010ditavoj intenciji Grada da \u0161iri pje\u0161a\u010dke zone i poti\u010de na kori\u0161tenje javnog prijevoza situacija na Jadranskom mostu je suluda. Ja \u0107u Vas podsjetiti da je rok za izvr\u0161enje radova bio u svibnju i kada su prilikom otvaranja radova novinari upitali izvo\u0111a\u010de radove koliko je realan taj rok, odgovor je bio \u201epa nije nitko toliko lud da ne iskoristi ljeto (kada je najmanji promet) za izvo\u0111enje radova i na kraju krajeva Grad ima rok za iskori\u0161tavanje sredstava iz EU fonda solidarnosti\u201c. Mi u HSLS ne mislimo da je gradska uprava luda, ali je svakako nesposobna. Jer kako objasniti da nakon vi\u0161e od godinu dana nije jo\u0161 izra\u0111en ni elaborat nove prometne regulacije, Grad i Holding su toliko devastirali Zagreba\u010dke ceste (kadrovski i operativno), da se mora raspisivati natje\u010daj za izvo\u0111enje radova koje su ranije redovno izvodile ZG Ceste. Da apsurd bude jo\u0161 ve\u0107i, ve\u0107 su dva natje\u010daja propala jer Grad nije bio u stanju procijeniti realnu visinu tro\u0161kova. Posljedi\u010dno, Grad nije izdao dozvolu za uspostavu nove prometne regulacije na gornjem ustroju mosta bez koje zavr\u0161na runda radova ne mo\u017ee ni po\u010deti, \u00a0a to se mo\u017ee dogoditi tek kada se izgrade prilazne ceste mostu (koje ovise o natje\u010daju). Rokovi \u0107e o\u010dito biti produljeni, tramvajski promet u najboljoj opciji krenuo bi preko mosta tek 2025. godini i prijeti nam gubitak sredstava od cca 2,5 milijuna eura, pa se s pravom mo\u017eemo zapitati \u2013 ima li pilota u avionu ??? &#8211; izjavio je <strong>Kristijan Jeli\u0107.<\/strong><\/p>","protected":false},"excerpt":{"rendered":"<p>Postali smo svjedoci da tkz. alternativna\u00a0 prometna rje\u0161enja koja provodi\u00a0 gradska uprava , zbog stalnih gu\u017evi i zastoja stvaraju ve\u0107e zaga\u0111enje na cijelom podru\u010dju grada\u00a0 i ve\u0107i uglji\u010dni otisak Zagreba&hellip;<\/p>\n","protected":false},"author":11,"featured_media":5611,"comment_status":"closed","ping_status":"open","sticky":false,"template":"","format":"standard","meta":{"_lmt_disableupdate":"","_lmt_disable":"","footnotes":""},"categories":[1,3],"tags":[],"class_list":["post-5609","post","type-post","status-publish","format-standard","has-post-thumbnail","hentry","category-nacionalne-vijesti","category-zagrebacke-vijesti"],"yoast_head":"<!-- This site is optimized with the Yoast SEO plugin v27.4 - https:\/\/yoast.com\/product\/yoast-seo-wordpress\/ -->\n<title>Toma\u0161evi\u0107eva prometna rje\u0161enja izazivaju kolaps, gu\u017eve su sve gore - HSLS<\/title>\n<meta name=\"robots\" content=\"index, follow, max-snippet:-1, max-image-preview:large, max-video-preview:-1\" \/>\n<link rel=\"canonical\" href=\"https:\/\/hsls.hr\/web\/tomaseviceva-prometna-rjesenja-izazivaju-kolaps-guzve-su-sve-gore\/\" \/>\n<meta property=\"og:locale\" content=\"hr_HR\" \/>\n<meta property=\"og:type\" content=\"article\" \/>\n<meta property=\"og:title\" content=\"Toma\u0161evi\u0107eva prometna rje\u0161enja izazivaju kolaps, gu\u017eve su sve gore - HSLS\" \/>\n<meta property=\"og:description\" content=\"Postali smo svjedoci da tkz. alternativna\u00a0 prometna rje\u0161enja koja provodi\u00a0 gradska uprava , zbog stalnih gu\u017evi i zastoja stvaraju ve\u0107e zaga\u0111enje na cijelom podru\u010dju grada\u00a0 i ve\u0107i uglji\u010dni otisak Zagreba&hellip;\" \/>\n<meta property=\"og:url\" content=\"https:\/\/hsls.hr\/web\/tomaseviceva-prometna-rjesenja-izazivaju-kolaps-guzve-su-sve-gore\/\" \/>\n<meta property=\"og:site_name\" content=\"HSLS\" \/>\n<meta property=\"article:published_time\" content=\"2023-11-13T04:35:46+00:00\" \/>\n<meta property=\"article:modified_time\" content=\"2023-11-17T04:49:25+00:00\" \/>\n<meta property=\"og:image\" content=\"https:\/\/hsls.hr\/web\/wp-content\/uploads\/2023\/11\/2342261f-4d33-4032-8d87-8531539c80ef.jpg\" \/>\n\t<meta property=\"og:image:width\" content=\"1600\" \/>\n\t<meta property=\"og:image:height\" content=\"900\" \/>\n\t<meta property=\"og:image:type\" content=\"image\/jpeg\" \/>\n<meta name=\"author\" content=\"Darko Klasi\u0107\" \/>\n<meta name=\"twitter:card\" content=\"summary_large_image\" \/>\n<meta name=\"twitter:label1\" content=\"Napisao\/la\" \/>\n\t<meta name=\"twitter:data1\" content=\"Darko Klasi\u0107\" \/>\n\t<meta name=\"twitter:label2\" content=\"Procijenjeno vrijeme \u010ditanja\" \/>\n\t<meta name=\"twitter:data2\" content=\"6 minuta\" \/>\n<script type=\"application\/ld+json\" class=\"yoast-schema-graph\">{\"@context\":\"https:\\\/\\\/schema.org\",\"@graph\":[{\"@type\":\"Article\",\"@id\":\"https:\\\/\\\/hsls.hr\\\/web\\\/tomaseviceva-prometna-rjesenja-izazivaju-kolaps-guzve-su-sve-gore\\\/#article\",\"isPartOf\":{\"@id\":\"https:\\\/\\\/hsls.hr\\\/web\\\/tomaseviceva-prometna-rjesenja-izazivaju-kolaps-guzve-su-sve-gore\\\/\"},\"author\":{\"name\":\"Darko Klasi\u0107\",\"@id\":\"https:\\\/\\\/hsls.hr\\\/web\\\/#\\\/schema\\\/person\\\/0dcafb2d4e6b1c050a6be43aee6851bf\"},\"headline\":\"Toma\u0161evi\u0107eva prometna rje\u0161enja izazivaju kolaps, gu\u017eve su sve gore\",\"datePublished\":\"2023-11-13T04:35:46+00:00\",\"dateModified\":\"2023-11-17T04:49:25+00:00\",\"mainEntityOfPage\":{\"@id\":\"https:\\\/\\\/hsls.hr\\\/web\\\/tomaseviceva-prometna-rjesenja-izazivaju-kolaps-guzve-su-sve-gore\\\/\"},\"wordCount\":987,\"image\":{\"@id\":\"https:\\\/\\\/hsls.hr\\\/web\\\/tomaseviceva-prometna-rjesenja-izazivaju-kolaps-guzve-su-sve-gore\\\/#primaryimage\"},\"thumbnailUrl\":\"https:\\\/\\\/hsls.hr\\\/web\\\/wp-content\\\/uploads\\\/2023\\\/11\\\/2342261f-4d33-4032-8d87-8531539c80ef.jpg\",\"articleSection\":[\"Nacionalno\",\"Zagreb\"],\"inLanguage\":\"hr\"},{\"@type\":\"WebPage\",\"@id\":\"https:\\\/\\\/hsls.hr\\\/web\\\/tomaseviceva-prometna-rjesenja-izazivaju-kolaps-guzve-su-sve-gore\\\/\",\"url\":\"https:\\\/\\\/hsls.hr\\\/web\\\/tomaseviceva-prometna-rjesenja-izazivaju-kolaps-guzve-su-sve-gore\\\/\",\"name\":\"Toma\u0161evi\u0107eva prometna rje\u0161enja izazivaju kolaps, gu\u017eve su sve gore - HSLS\",\"isPartOf\":{\"@id\":\"https:\\\/\\\/hsls.hr\\\/web\\\/#website\"},\"primaryImageOfPage\":{\"@id\":\"https:\\\/\\\/hsls.hr\\\/web\\\/tomaseviceva-prometna-rjesenja-izazivaju-kolaps-guzve-su-sve-gore\\\/#primaryimage\"},\"image\":{\"@id\":\"https:\\\/\\\/hsls.hr\\\/web\\\/tomaseviceva-prometna-rjesenja-izazivaju-kolaps-guzve-su-sve-gore\\\/#primaryimage\"},\"thumbnailUrl\":\"https:\\\/\\\/hsls.hr\\\/web\\\/wp-content\\\/uploads\\\/2023\\\/11\\\/2342261f-4d33-4032-8d87-8531539c80ef.jpg\",\"datePublished\":\"2023-11-13T04:35:46+00:00\",\"dateModified\":\"2023-11-17T04:49:25+00:00\",\"author\":{\"@id\":\"https:\\\/\\\/hsls.hr\\\/web\\\/#\\\/schema\\\/person\\\/0dcafb2d4e6b1c050a6be43aee6851bf\"},\"breadcrumb\":{\"@id\":\"https:\\\/\\\/hsls.hr\\\/web\\\/tomaseviceva-prometna-rjesenja-izazivaju-kolaps-guzve-su-sve-gore\\\/#breadcrumb\"},\"inLanguage\":\"hr\",\"potentialAction\":[{\"@type\":\"ReadAction\",\"target\":[\"https:\\\/\\\/hsls.hr\\\/web\\\/tomaseviceva-prometna-rjesenja-izazivaju-kolaps-guzve-su-sve-gore\\\/\"]}]},{\"@type\":\"ImageObject\",\"inLanguage\":\"hr\",\"@id\":\"https:\\\/\\\/hsls.hr\\\/web\\\/tomaseviceva-prometna-rjesenja-izazivaju-kolaps-guzve-su-sve-gore\\\/#primaryimage\",\"url\":\"https:\\\/\\\/hsls.hr\\\/web\\\/wp-content\\\/uploads\\\/2023\\\/11\\\/2342261f-4d33-4032-8d87-8531539c80ef.jpg\",\"contentUrl\":\"https:\\\/\\\/hsls.hr\\\/web\\\/wp-content\\\/uploads\\\/2023\\\/11\\\/2342261f-4d33-4032-8d87-8531539c80ef.jpg\",\"width\":1600,\"height\":900},{\"@type\":\"BreadcrumbList\",\"@id\":\"https:\\\/\\\/hsls.hr\\\/web\\\/tomaseviceva-prometna-rjesenja-izazivaju-kolaps-guzve-su-sve-gore\\\/#breadcrumb\",\"itemListElement\":[{\"@type\":\"ListItem\",\"position\":1,\"name\":\"Po\u010detna stranica\",\"item\":\"https:\\\/\\\/hsls.hr\\\/web\\\/\"},{\"@type\":\"ListItem\",\"position\":2,\"name\":\"Toma\u0161evi\u0107eva prometna rje\u0161enja izazivaju kolaps, gu\u017eve su sve gore\"}]},{\"@type\":\"WebSite\",\"@id\":\"https:\\\/\\\/hsls.hr\\\/web\\\/#website\",\"url\":\"https:\\\/\\\/hsls.hr\\\/web\\\/\",\"name\":\"HSLS\",\"description\":\"Hrvatska socijalno-liberalna stranka\",\"potentialAction\":[{\"@type\":\"SearchAction\",\"target\":{\"@type\":\"EntryPoint\",\"urlTemplate\":\"https:\\\/\\\/hsls.hr\\\/web\\\/?s={search_term_string}\"},\"query-input\":{\"@type\":\"PropertyValueSpecification\",\"valueRequired\":true,\"valueName\":\"search_term_string\"}}],\"inLanguage\":\"hr\"},{\"@type\":\"Person\",\"@id\":\"https:\\\/\\\/hsls.hr\\\/web\\\/#\\\/schema\\\/person\\\/0dcafb2d4e6b1c050a6be43aee6851bf\",\"name\":\"Darko Klasi\u0107\",\"image\":{\"@type\":\"ImageObject\",\"inLanguage\":\"hr\",\"@id\":\"https:\\\/\\\/secure.gravatar.com\\\/avatar\\\/2bbea8559acdb457219cb78972701312ce7cc832eb4ad55ca42662ab0b9e7bff?s=96&d=mm&r=g\",\"url\":\"https:\\\/\\\/secure.gravatar.com\\\/avatar\\\/2bbea8559acdb457219cb78972701312ce7cc832eb4ad55ca42662ab0b9e7bff?s=96&d=mm&r=g\",\"contentUrl\":\"https:\\\/\\\/secure.gravatar.com\\\/avatar\\\/2bbea8559acdb457219cb78972701312ce7cc832eb4ad55ca42662ab0b9e7bff?s=96&d=mm&r=g\",\"caption\":\"Darko Klasi\u0107\"},\"url\":\"https:\\\/\\\/hsls.hr\\\/web\\\/author\\\/dklasic\\\/\"}]}<\/script>\n<!-- \/ Yoast SEO plugin. -->","yoast_head_json":{"title":"Toma\u0161evi\u0107eva prometna rje\u0161enja izazivaju kolaps, gu\u017eve su sve gore - HSLS","robots":{"index":"index","follow":"follow","max-snippet":"max-snippet:-1","max-image-preview":"max-image-preview:large","max-video-preview":"max-video-preview:-1"},"canonical":"https:\/\/hsls.hr\/web\/tomaseviceva-prometna-rjesenja-izazivaju-kolaps-guzve-su-sve-gore\/","og_locale":"hr_HR","og_type":"article","og_title":"Toma\u0161evi\u0107eva prometna rje\u0161enja izazivaju kolaps, gu\u017eve su sve gore - HSLS","og_description":"Postali smo svjedoci da tkz. alternativna\u00a0 prometna rje\u0161enja koja provodi\u00a0 gradska uprava , zbog stalnih gu\u017evi i zastoja stvaraju ve\u0107e zaga\u0111enje na cijelom podru\u010dju grada\u00a0 i ve\u0107i uglji\u010dni otisak Zagreba&hellip;","og_url":"https:\/\/hsls.hr\/web\/tomaseviceva-prometna-rjesenja-izazivaju-kolaps-guzve-su-sve-gore\/","og_site_name":"HSLS","article_published_time":"2023-11-13T04:35:46+00:00","article_modified_time":"2023-11-17T04:49:25+00:00","og_image":[{"width":1600,"height":900,"url":"https:\/\/hsls.hr\/web\/wp-content\/uploads\/2023\/11\/2342261f-4d33-4032-8d87-8531539c80ef.jpg","type":"image\/jpeg"}],"author":"Darko Klasi\u0107","twitter_card":"summary_large_image","twitter_misc":{"Napisao\/la":"Darko Klasi\u0107","Procijenjeno vrijeme \u010ditanja":"6 minuta"},"schema":{"@context":"https:\/\/schema.org","@graph":[{"@type":"Article","@id":"https:\/\/hsls.hr\/web\/tomaseviceva-prometna-rjesenja-izazivaju-kolaps-guzve-su-sve-gore\/#article","isPartOf":{"@id":"https:\/\/hsls.hr\/web\/tomaseviceva-prometna-rjesenja-izazivaju-kolaps-guzve-su-sve-gore\/"},"author":{"name":"Darko Klasi\u0107","@id":"https:\/\/hsls.hr\/web\/#\/schema\/person\/0dcafb2d4e6b1c050a6be43aee6851bf"},"headline":"Toma\u0161evi\u0107eva prometna rje\u0161enja izazivaju kolaps, gu\u017eve su sve gore","datePublished":"2023-11-13T04:35:46+00:00","dateModified":"2023-11-17T04:49:25+00:00","mainEntityOfPage":{"@id":"https:\/\/hsls.hr\/web\/tomaseviceva-prometna-rjesenja-izazivaju-kolaps-guzve-su-sve-gore\/"},"wordCount":987,"image":{"@id":"https:\/\/hsls.hr\/web\/tomaseviceva-prometna-rjesenja-izazivaju-kolaps-guzve-su-sve-gore\/#primaryimage"},"thumbnailUrl":"https:\/\/hsls.hr\/web\/wp-content\/uploads\/2023\/11\/2342261f-4d33-4032-8d87-8531539c80ef.jpg","articleSection":["Nacionalno","Zagreb"],"inLanguage":"hr"},{"@type":"WebPage","@id":"https:\/\/hsls.hr\/web\/tomaseviceva-prometna-rjesenja-izazivaju-kolaps-guzve-su-sve-gore\/","url":"https:\/\/hsls.hr\/web\/tomaseviceva-prometna-rjesenja-izazivaju-kolaps-guzve-su-sve-gore\/","name":"Toma\u0161evi\u0107eva prometna rje\u0161enja izazivaju kolaps, gu\u017eve su sve gore - HSLS","isPartOf":{"@id":"https:\/\/hsls.hr\/web\/#website"},"primaryImageOfPage":{"@id":"https:\/\/hsls.hr\/web\/tomaseviceva-prometna-rjesenja-izazivaju-kolaps-guzve-su-sve-gore\/#primaryimage"},"image":{"@id":"https:\/\/hsls.hr\/web\/tomaseviceva-prometna-rjesenja-izazivaju-kolaps-guzve-su-sve-gore\/#primaryimage"},"thumbnailUrl":"https:\/\/hsls.hr\/web\/wp-content\/uploads\/2023\/11\/2342261f-4d33-4032-8d87-8531539c80ef.jpg","datePublished":"2023-11-13T04:35:46+00:00","dateModified":"2023-11-17T04:49:25+00:00","author":{"@id":"https:\/\/hsls.hr\/web\/#\/schema\/person\/0dcafb2d4e6b1c050a6be43aee6851bf"},"breadcrumb":{"@id":"https:\/\/hsls.hr\/web\/tomaseviceva-prometna-rjesenja-izazivaju-kolaps-guzve-su-sve-gore\/#breadcrumb"},"inLanguage":"hr","potentialAction":[{"@type":"ReadAction","target":["https:\/\/hsls.hr\/web\/tomaseviceva-prometna-rjesenja-izazivaju-kolaps-guzve-su-sve-gore\/"]}]},{"@type":"ImageObject","inLanguage":"hr","@id":"https:\/\/hsls.hr\/web\/tomaseviceva-prometna-rjesenja-izazivaju-kolaps-guzve-su-sve-gore\/#primaryimage","url":"https:\/\/hsls.hr\/web\/wp-content\/uploads\/2023\/11\/2342261f-4d33-4032-8d87-8531539c80ef.jpg","contentUrl":"https:\/\/hsls.hr\/web\/wp-content\/uploads\/2023\/11\/2342261f-4d33-4032-8d87-8531539c80ef.jpg","width":1600,"height":900},{"@type":"BreadcrumbList","@id":"https:\/\/hsls.hr\/web\/tomaseviceva-prometna-rjesenja-izazivaju-kolaps-guzve-su-sve-gore\/#breadcrumb","itemListElement":[{"@type":"ListItem","position":1,"name":"Po\u010detna stranica","item":"https:\/\/hsls.hr\/web\/"},{"@type":"ListItem","position":2,"name":"Toma\u0161evi\u0107eva prometna rje\u0161enja izazivaju kolaps, gu\u017eve su sve gore"}]},{"@type":"WebSite","@id":"https:\/\/hsls.hr\/web\/#website","url":"https:\/\/hsls.hr\/web\/","name":"HSLS","description":"Hrvatska socijalno-liberalna stranka","potentialAction":[{"@type":"SearchAction","target":{"@type":"EntryPoint","urlTemplate":"https:\/\/hsls.hr\/web\/?s={search_term_string}"},"query-input":{"@type":"PropertyValueSpecification","valueRequired":true,"valueName":"search_term_string"}}],"inLanguage":"hr"},{"@type":"Person","@id":"https:\/\/hsls.hr\/web\/#\/schema\/person\/0dcafb2d4e6b1c050a6be43aee6851bf","name":"Darko Klasi\u0107","image":{"@type":"ImageObject","inLanguage":"hr","@id":"https:\/\/secure.gravatar.com\/avatar\/2bbea8559acdb457219cb78972701312ce7cc832eb4ad55ca42662ab0b9e7bff?s=96&d=mm&r=g","url":"https:\/\/secure.gravatar.com\/avatar\/2bbea8559acdb457219cb78972701312ce7cc832eb4ad55ca42662ab0b9e7bff?s=96&d=mm&r=g","contentUrl":"https:\/\/secure.gravatar.com\/avatar\/2bbea8559acdb457219cb78972701312ce7cc832eb4ad55ca42662ab0b9e7bff?s=96&d=mm&r=g","caption":"Darko Klasi\u0107"},"url":"https:\/\/hsls.hr\/web\/author\/dklasic\/"}]}},"_links":{"self":[{"href":"https:\/\/hsls.hr\/web\/wp-json\/wp\/v2\/posts\/5609","targetHints":{"allow":["GET"]}}],"collection":[{"href":"https:\/\/hsls.hr\/web\/wp-json\/wp\/v2\/posts"}],"about":[{"href":"https:\/\/hsls.hr\/web\/wp-json\/wp\/v2\/types\/post"}],"author":[{"embeddable":true,"href":"https:\/\/hsls.hr\/web\/wp-json\/wp\/v2\/users\/11"}],"replies":[{"embeddable":true,"href":"https:\/\/hsls.hr\/web\/wp-json\/wp\/v2\/comments?post=5609"}],"version-history":[{"count":1,"href":"https:\/\/hsls.hr\/web\/wp-json\/wp\/v2\/posts\/5609\/revisions"}],"predecessor-version":[{"id":5612,"href":"https:\/\/hsls.hr\/web\/wp-json\/wp\/v2\/posts\/5609\/revisions\/5612"}],"wp:featuredmedia":[{"embeddable":true,"href":"https:\/\/hsls.hr\/web\/wp-json\/wp\/v2\/media\/5611"}],"wp:attachment":[{"href":"https:\/\/hsls.hr\/web\/wp-json\/wp\/v2\/media?parent=5609"}],"wp:term":[{"taxonomy":"category","embeddable":true,"href":"https:\/\/hsls.hr\/web\/wp-json\/wp\/v2\/categories?post=5609"},{"taxonomy":"post_tag","embeddable":true,"href":"https:\/\/hsls.hr\/web\/wp-json\/wp\/v2\/tags?post=5609"}],"curies":[{"name":"wp","href":"https:\/\/api.w.org\/{rel}","templated":true}]}}