{"id":5584,"date":"2023-11-08T08:18:17","date_gmt":"2023-11-08T08:18:17","guid":{"rendered":"https:\/\/hsls.hr\/?p=5584"},"modified":"2023-11-08T08:20:49","modified_gmt":"2023-11-08T08:20:49","slug":"hrebak-ekskluzivno-najavio-ukidanje-parafiskalnih-nameta-ima-ih-stotine-svi-se-moraju-ukinuti","status":"publish","type":"post","link":"https:\/\/hsls.hr\/web\/hrebak-ekskluzivno-najavio-ukidanje-parafiskalnih-nameta-ima-ih-stotine-svi-se-moraju-ukinuti\/","title":{"rendered":"Hrebak ekskluzivno najavio ukidanje parafiskalnih nameta: \u201cIma ih stotine. Svi se moraju ukinuti!\u201d"},"content":{"rendered":"\n<p>Prenosimo s N1: <a href=\"https:\/\/n1info.hr\/biznis\/hrebak-ekskluzivno-najavio-ukidanje-parafiskalnih-nameta-ima-ih-stotine-svi-se-moraju-ukinuti\/\">https:\/\/n1info.hr\/biznis\/hrebak-ekskluzivno-najavio-ukidanje-parafiskalnih-nameta-ima-ih-stotine-svi-se-moraju-ukinuti\/<\/a><\/p>\n\n\n\n<p><strong>Saborski zastupnik HSLS-a, gradona\u010delnik Bjelovara i \u010dlan Odbora za unutarnju politiku i nacionalnu sigurnost komentirao je u Newsroomu posljedice pada slu\u010daja Agrokor i prora\u010dun.<\/strong><\/p>\n\n\n\n<p>Glavna dr\u017eavna odvjetnica u utorak je odr\u017eala sastanak \u201csa svim du\u017enosnicima uklju\u010denima u rad na predmetu Agrokor\u201d, izvijestio je DORH nakon \u0161to je Visoki kazneni sud potvrdio da je vje\u0161ta\u010denje KPMG-a na kojem se temelji optu\u017enica za izvla\u010denje 1,2 milijarde kuna iz Agrokora nezakonito.<\/p>\n\n\n\n<p>Treba li Hrvoj \u0160ipek oti\u0107i nakon ovog debakla? Hrebak je mi\u0161ljenja da glavna dr\u017eavna odvjetnica nije imala nikakve veze s anga\u017eiranjem vje\u0161taka: \u201cOno s \u010dime ima veze je to \u0161to je tra\u017eila izvje\u0161\u0107e svih onih koji su imali i najmanji doticaj s tim predmetom da podnesu o\u010ditovanje u idu\u0107ih osam dana da se vidi \u0161to je napravljeno.\u201d<\/p>\n\n\n\n<p>Upitan misli li da je glavna dr\u017eavna odvjetnica potpuno amnestirana u ovom slu\u010daju, odgovara: \u201cKoliko ja znam, nije direktno involvirana, ve\u0107 njene kolege prije koji su radili i naru\u010divali. Postoje procedure unutar DORH-a kako i na koji na\u010din su anga\u017eirali vje\u0161taka\u201d, kazao je.<\/p>\n\n\n\n<p>\u201cOna treba otkriti \u0161to se tu dogodilo i netko treba biti sankcioniran na na\u010din propisan procedurama u dr\u017eavnom odvjetni\u0161tvu\u201d, dodao je.<\/p>\n\n\n\n<p>Hrebak smatra da je DORH sposoban braniti interese dr\u017eave: \u201cNe samo ovaj DORH, nego i onaj prije i onaj prije toga. Ono \u0161to bih ja osobno kao politi\u010dar tra\u017eio su izvje\u0161\u0107a, da vidimo \u0161to su prvi, drugi i tre\u0107i dr\u017eavni odvjetnik radili da procijenimo tko je kriv.\u201d<\/p>\n\n\n\n<p>\u201cJasno je da je to stvar DORH-a i da Vlada nema nikakve veze s tim, me\u0111utim, \u010duli su se tonovi da bi netko unutar ku\u0107e to trebao analizirati i sankcionirati one koji su procijenili u procjenama. Ako i nenamjerno, netko mora platiti\u2026barem funkcijom\u201d, smatra Hrebak.<\/p>\n\n\n\n<p>Ipak, Vlada je kriva za Lex Agrokor. Postavlja se pitanje o tome aktualizira li se sada pri\u010da o tome je li se trebalo donositi poseban zakon ili sve rije\u0161iti postoje\u0107im zakonima, ste\u010dajevima, ste\u010dajnim postupkom\u2026<\/p>\n\n\n\n<p>\u201cIntervencionizam se vra\u0107a kao bumerang, me\u0111utim, \u0161to da se dogodilo suprotno i da je cijeli Agrokor pao? Stavljamo ovaj segment u fokus, ali zaboravljamo klju\u010dnu stvar za hrvatsko gospodarstvo \u2013 da Agrokor nije mogao dizati kredite koliko je bio u problemima, da im firme nisu bile likvidne i da je Agrokor zadu\u017eio preko sebe i cijelo hrvatsko gospodarstvo. Sjetimo se izlo\u017eenosti pojedinih ozbiljni kompanija koje nisu imale nikakve veze u suvlasni\u0161tvu ili vlasni\u0161tvu s Agrokorom, ali su morali reketarski svoje proizvode stavljati na police Agrokora\u201d, objasnio je Hrebak.<\/p>\n\n\n\n<p>\u201cMo\u017eda Todori\u0107 i ispadne nevin, ali to ne umanjuje \u010dinjenicu da je Agrokor bio na koljenima i da su radna mjesta bila upitna. Mi smo svi znali kako je Agrokor poslovao. On je krojio tr\u017ei\u0161te i nije radio na slobodnom tr\u017ei\u0161tu. Slobodno tr\u017ei\u0161te je bilo ako je on to dopustio\u201d, dodao je.<\/p>\n\n\n\n<p>Osvrnuo se i na prora\u010dun te najavio ukidanje parafiskalnih nameta: \u201cDobro mi je \u0161to je ministar financija predstavio dodatna porezna rastere\u0107enja. Iz na\u0161e liberalne perspektive je dobro do\u0161lo, a veseli me ukidanje parafiskalnih nameta za \u0161to se i moja stranka zala\u017ee ve\u0107 zadnjih 20 godina. Svi parafiskalni nameti se moraju ukinuti, gotovo svi. Ima ih stotine\u201d, kazao je dodaju\u0107i: \u201cOno \u0107e se sigurno dogoditi u idu\u0107ih nekoliko mjeseci.\u201d<\/p>\n","protected":false},"excerpt":{"rendered":"<p>Prenosimo s N1: https:\/\/n1info.hr\/biznis\/hrebak-ekskluzivno-najavio-ukidanje-parafiskalnih-nameta-ima-ih-stotine-svi-se-moraju-ukinuti\/ Saborski zastupnik HSLS-a, gradona\u010delnik Bjelovara i \u010dlan Odbora za unutarnju politiku i nacionalnu sigurnost komentirao je u Newsroomu posljedice pada slu\u010daja Agrokor i prora\u010dun. Glavna dr\u017eavna&hellip;<\/p>\n","protected":false},"author":8,"featured_media":5586,"comment_status":"closed","ping_status":"open","sticky":false,"template":"","format":"standard","meta":{"_lmt_disableupdate":"","_lmt_disable":"","footnotes":""},"categories":[1],"tags":[],"class_list":["post-5584","post","type-post","status-publish","format-standard","has-post-thumbnail","hentry","category-nacionalne-vijesti"],"yoast_head":"<!-- This site is optimized with the Yoast SEO plugin v27.4 - https:\/\/yoast.com\/product\/yoast-seo-wordpress\/ -->\n<title>Hrebak ekskluzivno najavio ukidanje parafiskalnih nameta: \u201cIma ih stotine. Svi se moraju ukinuti!\u201d - HSLS<\/title>\n<meta name=\"robots\" content=\"index, follow, max-snippet:-1, max-image-preview:large, max-video-preview:-1\" \/>\n<link rel=\"canonical\" href=\"https:\/\/hsls.hr\/web\/hrebak-ekskluzivno-najavio-ukidanje-parafiskalnih-nameta-ima-ih-stotine-svi-se-moraju-ukinuti\/\" \/>\n<meta property=\"og:locale\" content=\"hr_HR\" \/>\n<meta property=\"og:type\" content=\"article\" \/>\n<meta property=\"og:title\" content=\"Hrebak ekskluzivno najavio ukidanje parafiskalnih nameta: \u201cIma ih stotine. Svi se moraju ukinuti!\u201d - HSLS\" \/>\n<meta property=\"og:description\" content=\"Prenosimo s N1: https:\/\/n1info.hr\/biznis\/hrebak-ekskluzivno-najavio-ukidanje-parafiskalnih-nameta-ima-ih-stotine-svi-se-moraju-ukinuti\/ Saborski zastupnik HSLS-a, gradona\u010delnik Bjelovara i \u010dlan Odbora za unutarnju politiku i nacionalnu sigurnost komentirao je u Newsroomu posljedice pada slu\u010daja Agrokor i prora\u010dun. Glavna dr\u017eavna&hellip;\" \/>\n<meta property=\"og:url\" content=\"https:\/\/hsls.hr\/web\/hrebak-ekskluzivno-najavio-ukidanje-parafiskalnih-nameta-ima-ih-stotine-svi-se-moraju-ukinuti\/\" \/>\n<meta property=\"og:site_name\" content=\"HSLS\" \/>\n<meta property=\"article:published_time\" content=\"2023-11-08T08:18:17+00:00\" \/>\n<meta property=\"article:modified_time\" content=\"2023-11-08T08:20:49+00:00\" \/>\n<meta property=\"og:image\" content=\"https:\/\/hsls.hr\/web\/wp-content\/uploads\/2023\/11\/Hrebak-N1.png\" \/>\n\t<meta property=\"og:image:width\" content=\"1114\" \/>\n\t<meta property=\"og:image:height\" content=\"659\" \/>\n\t<meta property=\"og:image:type\" content=\"image\/png\" \/>\n<meta name=\"author\" content=\"Goran Kurevija\" \/>\n<meta name=\"twitter:card\" content=\"summary_large_image\" \/>\n<meta name=\"twitter:label1\" content=\"Napisao\/la\" \/>\n\t<meta name=\"twitter:data1\" content=\"Goran Kurevija\" \/>\n\t<meta name=\"twitter:label2\" content=\"Procijenjeno vrijeme \u010ditanja\" \/>\n\t<meta name=\"twitter:data2\" content=\"3 minute\" \/>\n<script type=\"application\/ld+json\" class=\"yoast-schema-graph\">{\"@context\":\"https:\\\/\\\/schema.org\",\"@graph\":[{\"@type\":\"Article\",\"@id\":\"https:\\\/\\\/hsls.hr\\\/web\\\/hrebak-ekskluzivno-najavio-ukidanje-parafiskalnih-nameta-ima-ih-stotine-svi-se-moraju-ukinuti\\\/#article\",\"isPartOf\":{\"@id\":\"https:\\\/\\\/hsls.hr\\\/web\\\/hrebak-ekskluzivno-najavio-ukidanje-parafiskalnih-nameta-ima-ih-stotine-svi-se-moraju-ukinuti\\\/\"},\"author\":{\"name\":\"Goran Kurevija\",\"@id\":\"https:\\\/\\\/hsls.hr\\\/web\\\/#\\\/schema\\\/person\\\/888bae21f60f75871ef73376110e0f25\"},\"headline\":\"Hrebak ekskluzivno najavio ukidanje parafiskalnih nameta: \u201cIma ih stotine. Svi se moraju ukinuti!\u201d\",\"datePublished\":\"2023-11-08T08:18:17+00:00\",\"dateModified\":\"2023-11-08T08:20:49+00:00\",\"mainEntityOfPage\":{\"@id\":\"https:\\\/\\\/hsls.hr\\\/web\\\/hrebak-ekskluzivno-najavio-ukidanje-parafiskalnih-nameta-ima-ih-stotine-svi-se-moraju-ukinuti\\\/\"},\"wordCount\":606,\"image\":{\"@id\":\"https:\\\/\\\/hsls.hr\\\/web\\\/hrebak-ekskluzivno-najavio-ukidanje-parafiskalnih-nameta-ima-ih-stotine-svi-se-moraju-ukinuti\\\/#primaryimage\"},\"thumbnailUrl\":\"https:\\\/\\\/hsls.hr\\\/web\\\/wp-content\\\/uploads\\\/2023\\\/11\\\/Hrebak-N1.png\",\"articleSection\":[\"Nacionalno\"],\"inLanguage\":\"hr\"},{\"@type\":\"WebPage\",\"@id\":\"https:\\\/\\\/hsls.hr\\\/web\\\/hrebak-ekskluzivno-najavio-ukidanje-parafiskalnih-nameta-ima-ih-stotine-svi-se-moraju-ukinuti\\\/\",\"url\":\"https:\\\/\\\/hsls.hr\\\/web\\\/hrebak-ekskluzivno-najavio-ukidanje-parafiskalnih-nameta-ima-ih-stotine-svi-se-moraju-ukinuti\\\/\",\"name\":\"Hrebak ekskluzivno najavio ukidanje parafiskalnih nameta: \u201cIma ih stotine. Svi se moraju ukinuti!\u201d - HSLS\",\"isPartOf\":{\"@id\":\"https:\\\/\\\/hsls.hr\\\/web\\\/#website\"},\"primaryImageOfPage\":{\"@id\":\"https:\\\/\\\/hsls.hr\\\/web\\\/hrebak-ekskluzivno-najavio-ukidanje-parafiskalnih-nameta-ima-ih-stotine-svi-se-moraju-ukinuti\\\/#primaryimage\"},\"image\":{\"@id\":\"https:\\\/\\\/hsls.hr\\\/web\\\/hrebak-ekskluzivno-najavio-ukidanje-parafiskalnih-nameta-ima-ih-stotine-svi-se-moraju-ukinuti\\\/#primaryimage\"},\"thumbnailUrl\":\"https:\\\/\\\/hsls.hr\\\/web\\\/wp-content\\\/uploads\\\/2023\\\/11\\\/Hrebak-N1.png\",\"datePublished\":\"2023-11-08T08:18:17+00:00\",\"dateModified\":\"2023-11-08T08:20:49+00:00\",\"author\":{\"@id\":\"https:\\\/\\\/hsls.hr\\\/web\\\/#\\\/schema\\\/person\\\/888bae21f60f75871ef73376110e0f25\"},\"breadcrumb\":{\"@id\":\"https:\\\/\\\/hsls.hr\\\/web\\\/hrebak-ekskluzivno-najavio-ukidanje-parafiskalnih-nameta-ima-ih-stotine-svi-se-moraju-ukinuti\\\/#breadcrumb\"},\"inLanguage\":\"hr\",\"potentialAction\":[{\"@type\":\"ReadAction\",\"target\":[\"https:\\\/\\\/hsls.hr\\\/web\\\/hrebak-ekskluzivno-najavio-ukidanje-parafiskalnih-nameta-ima-ih-stotine-svi-se-moraju-ukinuti\\\/\"]}]},{\"@type\":\"ImageObject\",\"inLanguage\":\"hr\",\"@id\":\"https:\\\/\\\/hsls.hr\\\/web\\\/hrebak-ekskluzivno-najavio-ukidanje-parafiskalnih-nameta-ima-ih-stotine-svi-se-moraju-ukinuti\\\/#primaryimage\",\"url\":\"https:\\\/\\\/hsls.hr\\\/web\\\/wp-content\\\/uploads\\\/2023\\\/11\\\/Hrebak-N1.png\",\"contentUrl\":\"https:\\\/\\\/hsls.hr\\\/web\\\/wp-content\\\/uploads\\\/2023\\\/11\\\/Hrebak-N1.png\",\"width\":1114,\"height\":659},{\"@type\":\"BreadcrumbList\",\"@id\":\"https:\\\/\\\/hsls.hr\\\/web\\\/hrebak-ekskluzivno-najavio-ukidanje-parafiskalnih-nameta-ima-ih-stotine-svi-se-moraju-ukinuti\\\/#breadcrumb\",\"itemListElement\":[{\"@type\":\"ListItem\",\"position\":1,\"name\":\"Po\u010detna stranica\",\"item\":\"https:\\\/\\\/hsls.hr\\\/web\\\/\"},{\"@type\":\"ListItem\",\"position\":2,\"name\":\"Hrebak ekskluzivno najavio ukidanje parafiskalnih nameta: \u201cIma ih stotine. Svi se moraju ukinuti!\u201d\"}]},{\"@type\":\"WebSite\",\"@id\":\"https:\\\/\\\/hsls.hr\\\/web\\\/#website\",\"url\":\"https:\\\/\\\/hsls.hr\\\/web\\\/\",\"name\":\"HSLS\",\"description\":\"Hrvatska socijalno-liberalna stranka\",\"potentialAction\":[{\"@type\":\"SearchAction\",\"target\":{\"@type\":\"EntryPoint\",\"urlTemplate\":\"https:\\\/\\\/hsls.hr\\\/web\\\/?s={search_term_string}\"},\"query-input\":{\"@type\":\"PropertyValueSpecification\",\"valueRequired\":true,\"valueName\":\"search_term_string\"}}],\"inLanguage\":\"hr\"},{\"@type\":\"Person\",\"@id\":\"https:\\\/\\\/hsls.hr\\\/web\\\/#\\\/schema\\\/person\\\/888bae21f60f75871ef73376110e0f25\",\"name\":\"Goran Kurevija\",\"image\":{\"@type\":\"ImageObject\",\"inLanguage\":\"hr\",\"@id\":\"https:\\\/\\\/secure.gravatar.com\\\/avatar\\\/6b1f2afe416aa12538a6c62f93829110ce5c7bff351ace5f03a51bac4ad75ccf?s=96&d=mm&r=g\",\"url\":\"https:\\\/\\\/secure.gravatar.com\\\/avatar\\\/6b1f2afe416aa12538a6c62f93829110ce5c7bff351ace5f03a51bac4ad75ccf?s=96&d=mm&r=g\",\"contentUrl\":\"https:\\\/\\\/secure.gravatar.com\\\/avatar\\\/6b1f2afe416aa12538a6c62f93829110ce5c7bff351ace5f03a51bac4ad75ccf?s=96&d=mm&r=g\",\"caption\":\"Goran Kurevija\"},\"url\":\"https:\\\/\\\/hsls.hr\\\/web\\\/author\\\/gkurevija\\\/\"}]}<\/script>\n<!-- \/ Yoast SEO plugin. -->","yoast_head_json":{"title":"Hrebak ekskluzivno najavio ukidanje parafiskalnih nameta: \u201cIma ih stotine. Svi se moraju ukinuti!\u201d - HSLS","robots":{"index":"index","follow":"follow","max-snippet":"max-snippet:-1","max-image-preview":"max-image-preview:large","max-video-preview":"max-video-preview:-1"},"canonical":"https:\/\/hsls.hr\/web\/hrebak-ekskluzivno-najavio-ukidanje-parafiskalnih-nameta-ima-ih-stotine-svi-se-moraju-ukinuti\/","og_locale":"hr_HR","og_type":"article","og_title":"Hrebak ekskluzivno najavio ukidanje parafiskalnih nameta: \u201cIma ih stotine. Svi se moraju ukinuti!\u201d - HSLS","og_description":"Prenosimo s N1: https:\/\/n1info.hr\/biznis\/hrebak-ekskluzivno-najavio-ukidanje-parafiskalnih-nameta-ima-ih-stotine-svi-se-moraju-ukinuti\/ Saborski zastupnik HSLS-a, gradona\u010delnik Bjelovara i \u010dlan Odbora za unutarnju politiku i nacionalnu sigurnost komentirao je u Newsroomu posljedice pada slu\u010daja Agrokor i prora\u010dun. Glavna dr\u017eavna&hellip;","og_url":"https:\/\/hsls.hr\/web\/hrebak-ekskluzivno-najavio-ukidanje-parafiskalnih-nameta-ima-ih-stotine-svi-se-moraju-ukinuti\/","og_site_name":"HSLS","article_published_time":"2023-11-08T08:18:17+00:00","article_modified_time":"2023-11-08T08:20:49+00:00","og_image":[{"width":1114,"height":659,"url":"https:\/\/hsls.hr\/web\/wp-content\/uploads\/2023\/11\/Hrebak-N1.png","type":"image\/png"}],"author":"Goran Kurevija","twitter_card":"summary_large_image","twitter_misc":{"Napisao\/la":"Goran Kurevija","Procijenjeno vrijeme \u010ditanja":"3 minute"},"schema":{"@context":"https:\/\/schema.org","@graph":[{"@type":"Article","@id":"https:\/\/hsls.hr\/web\/hrebak-ekskluzivno-najavio-ukidanje-parafiskalnih-nameta-ima-ih-stotine-svi-se-moraju-ukinuti\/#article","isPartOf":{"@id":"https:\/\/hsls.hr\/web\/hrebak-ekskluzivno-najavio-ukidanje-parafiskalnih-nameta-ima-ih-stotine-svi-se-moraju-ukinuti\/"},"author":{"name":"Goran Kurevija","@id":"https:\/\/hsls.hr\/web\/#\/schema\/person\/888bae21f60f75871ef73376110e0f25"},"headline":"Hrebak ekskluzivno najavio ukidanje parafiskalnih nameta: \u201cIma ih stotine. Svi se moraju ukinuti!\u201d","datePublished":"2023-11-08T08:18:17+00:00","dateModified":"2023-11-08T08:20:49+00:00","mainEntityOfPage":{"@id":"https:\/\/hsls.hr\/web\/hrebak-ekskluzivno-najavio-ukidanje-parafiskalnih-nameta-ima-ih-stotine-svi-se-moraju-ukinuti\/"},"wordCount":606,"image":{"@id":"https:\/\/hsls.hr\/web\/hrebak-ekskluzivno-najavio-ukidanje-parafiskalnih-nameta-ima-ih-stotine-svi-se-moraju-ukinuti\/#primaryimage"},"thumbnailUrl":"https:\/\/hsls.hr\/web\/wp-content\/uploads\/2023\/11\/Hrebak-N1.png","articleSection":["Nacionalno"],"inLanguage":"hr"},{"@type":"WebPage","@id":"https:\/\/hsls.hr\/web\/hrebak-ekskluzivno-najavio-ukidanje-parafiskalnih-nameta-ima-ih-stotine-svi-se-moraju-ukinuti\/","url":"https:\/\/hsls.hr\/web\/hrebak-ekskluzivno-najavio-ukidanje-parafiskalnih-nameta-ima-ih-stotine-svi-se-moraju-ukinuti\/","name":"Hrebak ekskluzivno najavio ukidanje parafiskalnih nameta: \u201cIma ih stotine. Svi se moraju ukinuti!\u201d - HSLS","isPartOf":{"@id":"https:\/\/hsls.hr\/web\/#website"},"primaryImageOfPage":{"@id":"https:\/\/hsls.hr\/web\/hrebak-ekskluzivno-najavio-ukidanje-parafiskalnih-nameta-ima-ih-stotine-svi-se-moraju-ukinuti\/#primaryimage"},"image":{"@id":"https:\/\/hsls.hr\/web\/hrebak-ekskluzivno-najavio-ukidanje-parafiskalnih-nameta-ima-ih-stotine-svi-se-moraju-ukinuti\/#primaryimage"},"thumbnailUrl":"https:\/\/hsls.hr\/web\/wp-content\/uploads\/2023\/11\/Hrebak-N1.png","datePublished":"2023-11-08T08:18:17+00:00","dateModified":"2023-11-08T08:20:49+00:00","author":{"@id":"https:\/\/hsls.hr\/web\/#\/schema\/person\/888bae21f60f75871ef73376110e0f25"},"breadcrumb":{"@id":"https:\/\/hsls.hr\/web\/hrebak-ekskluzivno-najavio-ukidanje-parafiskalnih-nameta-ima-ih-stotine-svi-se-moraju-ukinuti\/#breadcrumb"},"inLanguage":"hr","potentialAction":[{"@type":"ReadAction","target":["https:\/\/hsls.hr\/web\/hrebak-ekskluzivno-najavio-ukidanje-parafiskalnih-nameta-ima-ih-stotine-svi-se-moraju-ukinuti\/"]}]},{"@type":"ImageObject","inLanguage":"hr","@id":"https:\/\/hsls.hr\/web\/hrebak-ekskluzivno-najavio-ukidanje-parafiskalnih-nameta-ima-ih-stotine-svi-se-moraju-ukinuti\/#primaryimage","url":"https:\/\/hsls.hr\/web\/wp-content\/uploads\/2023\/11\/Hrebak-N1.png","contentUrl":"https:\/\/hsls.hr\/web\/wp-content\/uploads\/2023\/11\/Hrebak-N1.png","width":1114,"height":659},{"@type":"BreadcrumbList","@id":"https:\/\/hsls.hr\/web\/hrebak-ekskluzivno-najavio-ukidanje-parafiskalnih-nameta-ima-ih-stotine-svi-se-moraju-ukinuti\/#breadcrumb","itemListElement":[{"@type":"ListItem","position":1,"name":"Po\u010detna stranica","item":"https:\/\/hsls.hr\/web\/"},{"@type":"ListItem","position":2,"name":"Hrebak ekskluzivno najavio ukidanje parafiskalnih nameta: \u201cIma ih stotine. Svi se moraju ukinuti!\u201d"}]},{"@type":"WebSite","@id":"https:\/\/hsls.hr\/web\/#website","url":"https:\/\/hsls.hr\/web\/","name":"HSLS","description":"Hrvatska socijalno-liberalna stranka","potentialAction":[{"@type":"SearchAction","target":{"@type":"EntryPoint","urlTemplate":"https:\/\/hsls.hr\/web\/?s={search_term_string}"},"query-input":{"@type":"PropertyValueSpecification","valueRequired":true,"valueName":"search_term_string"}}],"inLanguage":"hr"},{"@type":"Person","@id":"https:\/\/hsls.hr\/web\/#\/schema\/person\/888bae21f60f75871ef73376110e0f25","name":"Goran Kurevija","image":{"@type":"ImageObject","inLanguage":"hr","@id":"https:\/\/secure.gravatar.com\/avatar\/6b1f2afe416aa12538a6c62f93829110ce5c7bff351ace5f03a51bac4ad75ccf?s=96&d=mm&r=g","url":"https:\/\/secure.gravatar.com\/avatar\/6b1f2afe416aa12538a6c62f93829110ce5c7bff351ace5f03a51bac4ad75ccf?s=96&d=mm&r=g","contentUrl":"https:\/\/secure.gravatar.com\/avatar\/6b1f2afe416aa12538a6c62f93829110ce5c7bff351ace5f03a51bac4ad75ccf?s=96&d=mm&r=g","caption":"Goran Kurevija"},"url":"https:\/\/hsls.hr\/web\/author\/gkurevija\/"}]}},"_links":{"self":[{"href":"https:\/\/hsls.hr\/web\/wp-json\/wp\/v2\/posts\/5584","targetHints":{"allow":["GET"]}}],"collection":[{"href":"https:\/\/hsls.hr\/web\/wp-json\/wp\/v2\/posts"}],"about":[{"href":"https:\/\/hsls.hr\/web\/wp-json\/wp\/v2\/types\/post"}],"author":[{"embeddable":true,"href":"https:\/\/hsls.hr\/web\/wp-json\/wp\/v2\/users\/8"}],"replies":[{"embeddable":true,"href":"https:\/\/hsls.hr\/web\/wp-json\/wp\/v2\/comments?post=5584"}],"version-history":[{"count":1,"href":"https:\/\/hsls.hr\/web\/wp-json\/wp\/v2\/posts\/5584\/revisions"}],"predecessor-version":[{"id":5585,"href":"https:\/\/hsls.hr\/web\/wp-json\/wp\/v2\/posts\/5584\/revisions\/5585"}],"wp:featuredmedia":[{"embeddable":true,"href":"https:\/\/hsls.hr\/web\/wp-json\/wp\/v2\/media\/5586"}],"wp:attachment":[{"href":"https:\/\/hsls.hr\/web\/wp-json\/wp\/v2\/media?parent=5584"}],"wp:term":[{"taxonomy":"category","embeddable":true,"href":"https:\/\/hsls.hr\/web\/wp-json\/wp\/v2\/categories?post=5584"},{"taxonomy":"post_tag","embeddable":true,"href":"https:\/\/hsls.hr\/web\/wp-json\/wp\/v2\/tags?post=5584"}],"curies":[{"name":"wp","href":"https:\/\/api.w.org\/{rel}","templated":true}]}}