{"id":5530,"date":"2023-10-16T04:38:00","date_gmt":"2023-10-16T04:38:00","guid":{"rendered":"https:\/\/hsls.hr\/?p=5530"},"modified":"2023-11-07T05:06:34","modified_gmt":"2023-11-07T05:06:34","slug":"nakon-godinu-dana-eksperimenta-sa-vrecicama-gradonacelnik-uvodi-u-okviru-reforme-umjesto-zutih-vrecica-90-000-zutih-kanti","status":"publish","type":"post","link":"https:\/\/hsls.hr\/web\/nakon-godinu-dana-eksperimenta-sa-vrecicama-gradonacelnik-uvodi-u-okviru-reforme-umjesto-zutih-vrecica-90-000-zutih-kanti\/","title":{"rendered":"Nakon godinu dana eksperimenta sa vre\u0107icama, gradona\u010delnik uvodi u okviru reforme \u00a0umjesto \u017eutih vre\u0107ica 90 000 \u017eutih kanti"},"content":{"rendered":"<p>Iako je situacija s otpadom u Zagrebu\u00a0 vi\u0161egodi\u0161nji problem, izostanak sufinanciranja cjelovitog sustava gospodarenja otpadom iz nacionalnih i EU fondova posljedica je velikim dijelom nesnala\u017eenja nove\u00a0 gradska uprava\u00a0 u prvoj polovici svoga mandata. Tim povodom HSLS Zagreba odr\u017eao je tiskovnu konferenciju sa ekolo\u0161kom udrugom Ekologija grada na temu gospodarenja otpada u gradu Zagrebu . Tiskovnu\u00a0 konferenciju\u00a0 su odr\u017eali <strong>Darko Klasi\u0107, <\/strong>predsjednik HSLS-a Zagreba<strong> \u00a0<\/strong>i<strong> Josip Pavlovi\u0107 <\/strong>ispred ekolo\u0161ke udruge Ekologija grada.<\/p>\n<p><img fetchpriority=\"high\" decoding=\"async\" class=\"size-medium wp-image-5534 alignleft\" src=\"https:\/\/hsls.hr\/web\/wp-content\/uploads\/2023\/11\/IMG-20231016-WA0013-300x211.jpg\" alt=\"\" width=\"300\" height=\"211\" srcset=\"https:\/\/hsls.hr\/web\/wp-content\/uploads\/2023\/11\/IMG-20231016-WA0013-300x211.jpg 300w, https:\/\/hsls.hr\/web\/wp-content\/uploads\/2023\/11\/IMG-20231016-WA0013-585x411.jpg 585w, https:\/\/hsls.hr\/web\/wp-content\/uploads\/2023\/11\/IMG-20231016-WA0013.jpg 758w\" sizes=\"(max-width: 300px) 100vw, 300px\" \/>Zbog neodlu\u010dnosti, nedostataka vizije i plana oko koncepta gospodarenja otpada nije krenulo u isho\u0111enje svih potrebnih dozvola za planirane objekte, iako je za centralni projekt tj. Centar za gospodarenje otpadom dokumentacija iz europskih fondova sufinancirana u iznosu od 85%.<\/p>\n<p>Time je Zagreb izgubio mogu\u0107nost sufinanciranja projekata iz EU fondovova , a \u0161to sada\u0161nja uprava nastoji prikriti izgovorom o promjeni na\u010dina financiranja projekata od strane EU.\u00a0 Zato \u0107e Zagreb i\u00a0 Zagrep\u010dani da bi rije\u0161ili pitanje otpada kako to prili\u010di glavnom gradu morat\u00a0 sve uglavnom financirati iz vlastitih d\u017eepova .\u00a0 Me\u0111utim primjetno je kako Mo\u017eemo i Toma\u0161evi\u0107 suo\u010deni s stvarno\u0161\u0107u djelomi\u010dno\u00a0 evoluiraju sa teorijskih zamisli gospodarenja otpada\u00a0 prema shva\u0107anju stvarnih politika kako bi se rije\u0161ilo pitanje sme\u0107a u Zagrebu. Makar na\u017ealost ne u potpunosti i te smo\u00a0 sada nakon dvije propu\u0161tene godine napravili\u00a0 puni krug, bez ikakvih konkretnih u\u010dinaka.\u00a0\u00a0 Nakon godinu dana eksperimenta sa vre\u0107icama koji je o\u010digledno do\u017eivio fijasko, planira se umjesto \u017eutih vre\u0107ica uvesti 90 000 \u017eutih kanti, tako da \u0107e sada Zagreb kona\u010dno potvrditi titulu kantograda.\u00a0\u00a0\u00a0\u00a0 G\u0111a. Ben\u010di\u0107 je prije par dana na javnoj televiziji priznala da nema cjelovitog gospodarenja otpad bez energana i da je ona\u00a0 potrebna za ostatni otpad. Zbog toga se postavlja pitanje za\u0161to Zagreb kre\u0107e ispo\u010detka kada je u pitanju rje\u0161avanje komunalnog otpada kada projekti i koncept u potpunosti postoje ba\u0161 onako kako gospo\u0111a Ben\u010di\u0107 predla\u017ee.\u00a0 Nadamo se da su nakon dvije godine upravljanja gradom ovime otklonjene\u00a0 sve zablude kojima se \u010delni\u0161tvo stranke Mo\u017eemo zanosilo i \u017eao nam je \u0161to\u00a0 \u0107e Zagreb morati na kraju platiti ovu njihovu evoluciju.<\/p>\n<p>HSLS grada Zagreba predla\u017ee gradskoj upravi kako ne bi opet gradska uprava lutala daljnje slijede\u0107e dvije godine , da pojednostavi postupak prikupljanja otpada te krene hitno u gradnju Centra za gospodarenje otpadom sa energanom , Sortirnice\u00a0 i Biokompostane vode\u0107i se slijede\u0107im smjernicama.<\/p>\n<p>&#8211;\u00a0\u00a0\u00a0\u00a0\u00a0\u00a0\u00a0\u00a0\u00a0\u00a0 Nastaviti sa zapo\u010detim projektima uz nu\u017ene prilagodbe i faziranje kako bi se projekti lak\u0161e realizirali<\/p>\n<p>&#8211;\u00a0\u00a0\u00a0\u00a0\u00a0\u00a0\u00a0\u00a0\u00a0\u00a0 Ne bje\u017eati od situacije da se Zagreb kreditno zadu\u017eiti za provedu ovih projekata budu\u0107i da \u0107e se prestati pla\u0107ati stotine milijuna godi\u0161nje privatnim obra\u0111iva\u010dima a istovremeno \u0107e gotovo svaki od ovih projekata (Sortirnica, Biokompostana i CGO s energanom) biti profitabilan \u010dime \u0107e se vrijeme isplativosti ulaganja maksimalno skratiti<\/p>\n<p>&#8211;\u00a0\u00a0\u00a0\u00a0\u00a0\u00a0\u00a0\u00a0\u00a0\u00a0 Bez gradnja centra za gospodarenje otpada nemogu\u0107e je u skorije vrijeme ostvariti ciljeve u\u010dinkovitog gospodarenja otpada kao i zatvaranja Jaku\u0161evca , ukoliko\u00a0 budemo i dalje nastojali odga\u0111ati rje\u0161enje gospodarenja sme\u0107em\u00a0 tro\u0161kovi\u00a0 \u0107e biti sve ve\u0107i. Zato predla\u017eemo ili samostalnu izgradnju CGO financiranjem iz otvorenih izvora ili pokretanje javno \u2013 privatnog partnerstva.<\/p>\n<p>&#8211;\u00a0\u00a0\u00a0\u00a0\u00a0\u00a0\u00a0\u00a0\u00a0\u00a0 Zaklju\u010denje ugovora u svrhu pokretanja energane na ostati dio\u00a0 otpada u okviru mogu\u0107nosti\u00a0 HEP-a.<\/p>\n<p>&#8211;\u00a0\u00a0\u00a0\u00a0\u00a0 Razmotriti prikupljanje otpada putem dvije kante, za mije\u0161ani komunalni otpad i za recikliranje. I danas kada imamo ve\u0107i broj segmentnih\u00a0 kanti\u00a0\u00a0 zbog dvojbenog selektiranja otpada\u00a0\u00a0 potrebno je daljnje sortiranje. Jednom\u00a0 kantom\u00a0 za prikupe raznog materijala za recikliranje\u00a0 pojednostavljuje se prikupljanje a tako prikupljen otpad i tako mora na sortirnicu.<\/p>\n<p>Sigurni smo da \u0107e\u00a0 ovakav plan imati \u0161iru potporu jer gospodarenje otpadom u Zagrebu je takvo da se ne posti\u017eu zadani ciljevi\u00a0 i svako odga\u0111anje rje\u0161enja vodi samo penalima koje \u0107e opet platiti gra\u0111ani Zagreba , \u00a0zaklju\u010dio je saborski zastupnik HSLS-a <em><strong>Darko Klasi\u0107<\/strong>.<\/em><\/p>\n<p><em>Prijedlog Udruge Ekologija grada o oporabi otpada<\/em><\/p>\n<p><img decoding=\"async\" class=\"size-medium wp-image-5532 alignleft\" src=\"https:\/\/hsls.hr\/web\/wp-content\/uploads\/2023\/11\/IMG-20231016-WA0006-252x300.jpg\" alt=\"\" width=\"252\" height=\"300\" srcset=\"https:\/\/hsls.hr\/web\/wp-content\/uploads\/2023\/11\/IMG-20231016-WA0006-252x300.jpg 252w, https:\/\/hsls.hr\/web\/wp-content\/uploads\/2023\/11\/IMG-20231016-WA0006-585x696.jpg 585w, https:\/\/hsls.hr\/web\/wp-content\/uploads\/2023\/11\/IMG-20231016-WA0006.jpg 762w\" sizes=\"(max-width: 252px) 100vw, 252px\" \/>Prijedlog Udruge Ekologije grada je da se ide na izmjenu odluke o komunalnom redu kojom bi se uvela kontrola zbrinjavanja gra\u0111evinskog otpada, kao i kontrola sakupljanja i zbrinjavanja gra\u0111evnog otpada od strane ovla\u0161tenih i neovla\u0161tenih subjekata.\u00a0 Ono \u0161to \u017eelimo je &#8211; da se uvede obveza investitora da prilikom svake gradnje ili ru\u0161enja na kraju sa ukupnom dokumentacijom o izvedenim radovima nadle\u017enom uredu za upravu dostave dokaznice o na\u010dinu zbrinjavanja otpada s gradili\u0161ta. Na taj na\u010din bi putem komunalnog redarstva mogli usporediti koli\u010dine otpada iz tro\u0161kovnika radova, kao i otpada koji je predan ovla\u0161tenim\u00a0 oporabiteljima. \u00a0Ukoliko ne bi bilo potkrijepljeno dokumentacijom da je otpad s gradili\u0161ta zbrinut u skladu sa zakonom, komunalno redarstvo bi napisalo kaznu fizi\u010dkoj osobi \u2013 investitoru ili podnijelo prijavu dr\u017eavnom inspektoratu ukoliko se radi o pravnoj osobi. \u00a0Ovakvu odluku je ve\u0107 donio grad Velika Gorica, koja se i provodi, me\u0111utim problem je u tome \u0161to na podru\u010dju Velike Gorice zavr\u0161ava na divljim odlagali\u0161tima otpad koji je prete\u017eno nastao na podru\u010dju Grada Zagreba \u00a0od obnove nakon potresa 2020. godine. \u00a0\u00a0\u00a0Ovakva odluka u velikoj mjeri bi smanjila mogu\u0107nost nezakonitog postupanja s otpadom, te se time onemogu\u0107ilo predavanje otpada neovla\u0161tenim subjektima koji su najodgovorniji za poja\u010danu pojavu divljih odlagali\u0161ta posljednjih godina\u00a0 predlo\u017eio je predsjednik Udruge Ekologija grada <em><strong>Josip Pavlovi\u0107<\/strong><\/em>.<\/p>\n","protected":false},"excerpt":{"rendered":"<p>Iako je situacija s otpadom u Zagrebu\u00a0 vi\u0161egodi\u0161nji problem, izostanak sufinanciranja cjelovitog sustava gospodarenja otpadom iz nacionalnih i EU fondova posljedica je velikim dijelom nesnala\u017eenja nove\u00a0 gradska uprava\u00a0 u prvoj&hellip;<\/p>\n","protected":false},"author":6,"featured_media":5533,"comment_status":"closed","ping_status":"open","sticky":false,"template":"","format":"standard","meta":{"_lmt_disableupdate":"","_lmt_disable":"","footnotes":""},"categories":[1,3],"tags":[21,22],"class_list":["post-5530","post","type-post","status-publish","format-standard","has-post-thumbnail","hentry","category-nacionalne-vijesti","category-zagrebacke-vijesti","tag-darko-klasic","tag-hsls-zagreb"],"yoast_head":"<!-- This site is optimized with the Yoast SEO plugin v27.4 - https:\/\/yoast.com\/product\/yoast-seo-wordpress\/ -->\n<title>Nakon godinu dana eksperimenta sa vre\u0107icama, gradona\u010delnik uvodi u okviru reforme \u00a0umjesto \u017eutih vre\u0107ica 90 000 \u017eutih kanti - HSLS<\/title>\n<meta name=\"robots\" content=\"index, follow, max-snippet:-1, max-image-preview:large, max-video-preview:-1\" \/>\n<link rel=\"canonical\" href=\"https:\/\/hsls.hr\/web\/nakon-godinu-dana-eksperimenta-sa-vrecicama-gradonacelnik-uvodi-u-okviru-reforme-umjesto-zutih-vrecica-90-000-zutih-kanti\/\" \/>\n<meta property=\"og:locale\" content=\"hr_HR\" \/>\n<meta property=\"og:type\" content=\"article\" \/>\n<meta property=\"og:title\" content=\"Nakon godinu dana eksperimenta sa vre\u0107icama, gradona\u010delnik uvodi u okviru reforme \u00a0umjesto \u017eutih vre\u0107ica 90 000 \u017eutih kanti - HSLS\" \/>\n<meta property=\"og:description\" content=\"Iako je situacija s otpadom u Zagrebu\u00a0 vi\u0161egodi\u0161nji problem, izostanak sufinanciranja cjelovitog sustava gospodarenja otpadom iz nacionalnih i EU fondova posljedica je velikim dijelom nesnala\u017eenja nove\u00a0 gradska uprava\u00a0 u prvoj&hellip;\" \/>\n<meta property=\"og:url\" content=\"https:\/\/hsls.hr\/web\/nakon-godinu-dana-eksperimenta-sa-vrecicama-gradonacelnik-uvodi-u-okviru-reforme-umjesto-zutih-vrecica-90-000-zutih-kanti\/\" \/>\n<meta property=\"og:site_name\" content=\"HSLS\" \/>\n<meta property=\"article:published_time\" content=\"2023-10-16T04:38:00+00:00\" \/>\n<meta property=\"article:modified_time\" content=\"2023-11-07T05:06:34+00:00\" \/>\n<meta property=\"og:image\" content=\"https:\/\/hsls.hr\/web\/wp-content\/uploads\/2023\/11\/IMG-20231016-WA0008.jpg\" \/>\n\t<meta property=\"og:image:width\" content=\"682\" \/>\n\t<meta property=\"og:image:height\" content=\"384\" \/>\n\t<meta property=\"og:image:type\" content=\"image\/jpeg\" \/>\n<meta name=\"author\" content=\"HSLS Zagreb\" \/>\n<meta name=\"twitter:card\" content=\"summary_large_image\" \/>\n<meta name=\"twitter:label1\" content=\"Napisao\/la\" \/>\n\t<meta name=\"twitter:data1\" content=\"HSLS Zagreb\" \/>\n\t<meta name=\"twitter:label2\" content=\"Procijenjeno vrijeme \u010ditanja\" \/>\n\t<meta name=\"twitter:data2\" content=\"5 minuta\" \/>\n<script type=\"application\/ld+json\" class=\"yoast-schema-graph\">{\"@context\":\"https:\\\/\\\/schema.org\",\"@graph\":[{\"@type\":\"Article\",\"@id\":\"https:\\\/\\\/hsls.hr\\\/web\\\/nakon-godinu-dana-eksperimenta-sa-vrecicama-gradonacelnik-uvodi-u-okviru-reforme-umjesto-zutih-vrecica-90-000-zutih-kanti\\\/#article\",\"isPartOf\":{\"@id\":\"https:\\\/\\\/hsls.hr\\\/web\\\/nakon-godinu-dana-eksperimenta-sa-vrecicama-gradonacelnik-uvodi-u-okviru-reforme-umjesto-zutih-vrecica-90-000-zutih-kanti\\\/\"},\"author\":{\"name\":\"HSLS Zagreb\",\"@id\":\"https:\\\/\\\/hsls.hr\\\/web\\\/#\\\/schema\\\/person\\\/67d96d588ab8c49fb1b737b8bc403f56\"},\"headline\":\"Nakon godinu dana eksperimenta sa vre\u0107icama, gradona\u010delnik uvodi u okviru reforme \u00a0umjesto \u017eutih vre\u0107ica 90 000 \u017eutih kanti\",\"datePublished\":\"2023-10-16T04:38:00+00:00\",\"dateModified\":\"2023-11-07T05:06:34+00:00\",\"mainEntityOfPage\":{\"@id\":\"https:\\\/\\\/hsls.hr\\\/web\\\/nakon-godinu-dana-eksperimenta-sa-vrecicama-gradonacelnik-uvodi-u-okviru-reforme-umjesto-zutih-vrecica-90-000-zutih-kanti\\\/\"},\"wordCount\":917,\"image\":{\"@id\":\"https:\\\/\\\/hsls.hr\\\/web\\\/nakon-godinu-dana-eksperimenta-sa-vrecicama-gradonacelnik-uvodi-u-okviru-reforme-umjesto-zutih-vrecica-90-000-zutih-kanti\\\/#primaryimage\"},\"thumbnailUrl\":\"https:\\\/\\\/hsls.hr\\\/web\\\/wp-content\\\/uploads\\\/2023\\\/11\\\/IMG-20231016-WA0008.jpg\",\"keywords\":[\"Darko Klasi\u0107\",\"HSLS Zagreb\"],\"articleSection\":[\"Nacionalno\",\"Zagreb\"],\"inLanguage\":\"hr\"},{\"@type\":\"WebPage\",\"@id\":\"https:\\\/\\\/hsls.hr\\\/web\\\/nakon-godinu-dana-eksperimenta-sa-vrecicama-gradonacelnik-uvodi-u-okviru-reforme-umjesto-zutih-vrecica-90-000-zutih-kanti\\\/\",\"url\":\"https:\\\/\\\/hsls.hr\\\/web\\\/nakon-godinu-dana-eksperimenta-sa-vrecicama-gradonacelnik-uvodi-u-okviru-reforme-umjesto-zutih-vrecica-90-000-zutih-kanti\\\/\",\"name\":\"Nakon godinu dana eksperimenta sa vre\u0107icama, gradona\u010delnik uvodi u okviru reforme \u00a0umjesto \u017eutih vre\u0107ica 90 000 \u017eutih kanti - HSLS\",\"isPartOf\":{\"@id\":\"https:\\\/\\\/hsls.hr\\\/web\\\/#website\"},\"primaryImageOfPage\":{\"@id\":\"https:\\\/\\\/hsls.hr\\\/web\\\/nakon-godinu-dana-eksperimenta-sa-vrecicama-gradonacelnik-uvodi-u-okviru-reforme-umjesto-zutih-vrecica-90-000-zutih-kanti\\\/#primaryimage\"},\"image\":{\"@id\":\"https:\\\/\\\/hsls.hr\\\/web\\\/nakon-godinu-dana-eksperimenta-sa-vrecicama-gradonacelnik-uvodi-u-okviru-reforme-umjesto-zutih-vrecica-90-000-zutih-kanti\\\/#primaryimage\"},\"thumbnailUrl\":\"https:\\\/\\\/hsls.hr\\\/web\\\/wp-content\\\/uploads\\\/2023\\\/11\\\/IMG-20231016-WA0008.jpg\",\"datePublished\":\"2023-10-16T04:38:00+00:00\",\"dateModified\":\"2023-11-07T05:06:34+00:00\",\"author\":{\"@id\":\"https:\\\/\\\/hsls.hr\\\/web\\\/#\\\/schema\\\/person\\\/67d96d588ab8c49fb1b737b8bc403f56\"},\"breadcrumb\":{\"@id\":\"https:\\\/\\\/hsls.hr\\\/web\\\/nakon-godinu-dana-eksperimenta-sa-vrecicama-gradonacelnik-uvodi-u-okviru-reforme-umjesto-zutih-vrecica-90-000-zutih-kanti\\\/#breadcrumb\"},\"inLanguage\":\"hr\",\"potentialAction\":[{\"@type\":\"ReadAction\",\"target\":[\"https:\\\/\\\/hsls.hr\\\/web\\\/nakon-godinu-dana-eksperimenta-sa-vrecicama-gradonacelnik-uvodi-u-okviru-reforme-umjesto-zutih-vrecica-90-000-zutih-kanti\\\/\"]}]},{\"@type\":\"ImageObject\",\"inLanguage\":\"hr\",\"@id\":\"https:\\\/\\\/hsls.hr\\\/web\\\/nakon-godinu-dana-eksperimenta-sa-vrecicama-gradonacelnik-uvodi-u-okviru-reforme-umjesto-zutih-vrecica-90-000-zutih-kanti\\\/#primaryimage\",\"url\":\"https:\\\/\\\/hsls.hr\\\/web\\\/wp-content\\\/uploads\\\/2023\\\/11\\\/IMG-20231016-WA0008.jpg\",\"contentUrl\":\"https:\\\/\\\/hsls.hr\\\/web\\\/wp-content\\\/uploads\\\/2023\\\/11\\\/IMG-20231016-WA0008.jpg\",\"width\":682,\"height\":384},{\"@type\":\"BreadcrumbList\",\"@id\":\"https:\\\/\\\/hsls.hr\\\/web\\\/nakon-godinu-dana-eksperimenta-sa-vrecicama-gradonacelnik-uvodi-u-okviru-reforme-umjesto-zutih-vrecica-90-000-zutih-kanti\\\/#breadcrumb\",\"itemListElement\":[{\"@type\":\"ListItem\",\"position\":1,\"name\":\"Po\u010detna stranica\",\"item\":\"https:\\\/\\\/hsls.hr\\\/web\\\/\"},{\"@type\":\"ListItem\",\"position\":2,\"name\":\"Nakon godinu dana eksperimenta sa vre\u0107icama, gradona\u010delnik uvodi u okviru reforme \u00a0umjesto \u017eutih vre\u0107ica 90 000 \u017eutih kanti\"}]},{\"@type\":\"WebSite\",\"@id\":\"https:\\\/\\\/hsls.hr\\\/web\\\/#website\",\"url\":\"https:\\\/\\\/hsls.hr\\\/web\\\/\",\"name\":\"HSLS\",\"description\":\"Hrvatska socijalno-liberalna stranka\",\"potentialAction\":[{\"@type\":\"SearchAction\",\"target\":{\"@type\":\"EntryPoint\",\"urlTemplate\":\"https:\\\/\\\/hsls.hr\\\/web\\\/?s={search_term_string}\"},\"query-input\":{\"@type\":\"PropertyValueSpecification\",\"valueRequired\":true,\"valueName\":\"search_term_string\"}}],\"inLanguage\":\"hr\"},{\"@type\":\"Person\",\"@id\":\"https:\\\/\\\/hsls.hr\\\/web\\\/#\\\/schema\\\/person\\\/67d96d588ab8c49fb1b737b8bc403f56\",\"name\":\"HSLS Zagreb\",\"image\":{\"@type\":\"ImageObject\",\"inLanguage\":\"hr\",\"@id\":\"https:\\\/\\\/secure.gravatar.com\\\/avatar\\\/57efbe1a1f3fe6082a23dc31f18788721e4f827a85f5b360018c1ffe683ebafd?s=96&d=mm&r=g\",\"url\":\"https:\\\/\\\/secure.gravatar.com\\\/avatar\\\/57efbe1a1f3fe6082a23dc31f18788721e4f827a85f5b360018c1ffe683ebafd?s=96&d=mm&r=g\",\"contentUrl\":\"https:\\\/\\\/secure.gravatar.com\\\/avatar\\\/57efbe1a1f3fe6082a23dc31f18788721e4f827a85f5b360018c1ffe683ebafd?s=96&d=mm&r=g\",\"caption\":\"HSLS Zagreb\"},\"url\":\"https:\\\/\\\/hsls.hr\\\/web\\\/author\\\/zghsls\\\/\"}]}<\/script>\n<!-- \/ Yoast SEO plugin. -->","yoast_head_json":{"title":"Nakon godinu dana eksperimenta sa vre\u0107icama, gradona\u010delnik uvodi u okviru reforme \u00a0umjesto \u017eutih vre\u0107ica 90 000 \u017eutih kanti - HSLS","robots":{"index":"index","follow":"follow","max-snippet":"max-snippet:-1","max-image-preview":"max-image-preview:large","max-video-preview":"max-video-preview:-1"},"canonical":"https:\/\/hsls.hr\/web\/nakon-godinu-dana-eksperimenta-sa-vrecicama-gradonacelnik-uvodi-u-okviru-reforme-umjesto-zutih-vrecica-90-000-zutih-kanti\/","og_locale":"hr_HR","og_type":"article","og_title":"Nakon godinu dana eksperimenta sa vre\u0107icama, gradona\u010delnik uvodi u okviru reforme \u00a0umjesto \u017eutih vre\u0107ica 90 000 \u017eutih kanti - HSLS","og_description":"Iako je situacija s otpadom u Zagrebu\u00a0 vi\u0161egodi\u0161nji problem, izostanak sufinanciranja cjelovitog sustava gospodarenja otpadom iz nacionalnih i EU fondova posljedica je velikim dijelom nesnala\u017eenja nove\u00a0 gradska uprava\u00a0 u prvoj&hellip;","og_url":"https:\/\/hsls.hr\/web\/nakon-godinu-dana-eksperimenta-sa-vrecicama-gradonacelnik-uvodi-u-okviru-reforme-umjesto-zutih-vrecica-90-000-zutih-kanti\/","og_site_name":"HSLS","article_published_time":"2023-10-16T04:38:00+00:00","article_modified_time":"2023-11-07T05:06:34+00:00","og_image":[{"width":682,"height":384,"url":"https:\/\/hsls.hr\/web\/wp-content\/uploads\/2023\/11\/IMG-20231016-WA0008.jpg","type":"image\/jpeg"}],"author":"HSLS Zagreb","twitter_card":"summary_large_image","twitter_misc":{"Napisao\/la":"HSLS Zagreb","Procijenjeno vrijeme \u010ditanja":"5 minuta"},"schema":{"@context":"https:\/\/schema.org","@graph":[{"@type":"Article","@id":"https:\/\/hsls.hr\/web\/nakon-godinu-dana-eksperimenta-sa-vrecicama-gradonacelnik-uvodi-u-okviru-reforme-umjesto-zutih-vrecica-90-000-zutih-kanti\/#article","isPartOf":{"@id":"https:\/\/hsls.hr\/web\/nakon-godinu-dana-eksperimenta-sa-vrecicama-gradonacelnik-uvodi-u-okviru-reforme-umjesto-zutih-vrecica-90-000-zutih-kanti\/"},"author":{"name":"HSLS Zagreb","@id":"https:\/\/hsls.hr\/web\/#\/schema\/person\/67d96d588ab8c49fb1b737b8bc403f56"},"headline":"Nakon godinu dana eksperimenta sa vre\u0107icama, gradona\u010delnik uvodi u okviru reforme \u00a0umjesto \u017eutih vre\u0107ica 90 000 \u017eutih kanti","datePublished":"2023-10-16T04:38:00+00:00","dateModified":"2023-11-07T05:06:34+00:00","mainEntityOfPage":{"@id":"https:\/\/hsls.hr\/web\/nakon-godinu-dana-eksperimenta-sa-vrecicama-gradonacelnik-uvodi-u-okviru-reforme-umjesto-zutih-vrecica-90-000-zutih-kanti\/"},"wordCount":917,"image":{"@id":"https:\/\/hsls.hr\/web\/nakon-godinu-dana-eksperimenta-sa-vrecicama-gradonacelnik-uvodi-u-okviru-reforme-umjesto-zutih-vrecica-90-000-zutih-kanti\/#primaryimage"},"thumbnailUrl":"https:\/\/hsls.hr\/web\/wp-content\/uploads\/2023\/11\/IMG-20231016-WA0008.jpg","keywords":["Darko Klasi\u0107","HSLS Zagreb"],"articleSection":["Nacionalno","Zagreb"],"inLanguage":"hr"},{"@type":"WebPage","@id":"https:\/\/hsls.hr\/web\/nakon-godinu-dana-eksperimenta-sa-vrecicama-gradonacelnik-uvodi-u-okviru-reforme-umjesto-zutih-vrecica-90-000-zutih-kanti\/","url":"https:\/\/hsls.hr\/web\/nakon-godinu-dana-eksperimenta-sa-vrecicama-gradonacelnik-uvodi-u-okviru-reforme-umjesto-zutih-vrecica-90-000-zutih-kanti\/","name":"Nakon godinu dana eksperimenta sa vre\u0107icama, gradona\u010delnik uvodi u okviru reforme \u00a0umjesto \u017eutih vre\u0107ica 90 000 \u017eutih kanti - HSLS","isPartOf":{"@id":"https:\/\/hsls.hr\/web\/#website"},"primaryImageOfPage":{"@id":"https:\/\/hsls.hr\/web\/nakon-godinu-dana-eksperimenta-sa-vrecicama-gradonacelnik-uvodi-u-okviru-reforme-umjesto-zutih-vrecica-90-000-zutih-kanti\/#primaryimage"},"image":{"@id":"https:\/\/hsls.hr\/web\/nakon-godinu-dana-eksperimenta-sa-vrecicama-gradonacelnik-uvodi-u-okviru-reforme-umjesto-zutih-vrecica-90-000-zutih-kanti\/#primaryimage"},"thumbnailUrl":"https:\/\/hsls.hr\/web\/wp-content\/uploads\/2023\/11\/IMG-20231016-WA0008.jpg","datePublished":"2023-10-16T04:38:00+00:00","dateModified":"2023-11-07T05:06:34+00:00","author":{"@id":"https:\/\/hsls.hr\/web\/#\/schema\/person\/67d96d588ab8c49fb1b737b8bc403f56"},"breadcrumb":{"@id":"https:\/\/hsls.hr\/web\/nakon-godinu-dana-eksperimenta-sa-vrecicama-gradonacelnik-uvodi-u-okviru-reforme-umjesto-zutih-vrecica-90-000-zutih-kanti\/#breadcrumb"},"inLanguage":"hr","potentialAction":[{"@type":"ReadAction","target":["https:\/\/hsls.hr\/web\/nakon-godinu-dana-eksperimenta-sa-vrecicama-gradonacelnik-uvodi-u-okviru-reforme-umjesto-zutih-vrecica-90-000-zutih-kanti\/"]}]},{"@type":"ImageObject","inLanguage":"hr","@id":"https:\/\/hsls.hr\/web\/nakon-godinu-dana-eksperimenta-sa-vrecicama-gradonacelnik-uvodi-u-okviru-reforme-umjesto-zutih-vrecica-90-000-zutih-kanti\/#primaryimage","url":"https:\/\/hsls.hr\/web\/wp-content\/uploads\/2023\/11\/IMG-20231016-WA0008.jpg","contentUrl":"https:\/\/hsls.hr\/web\/wp-content\/uploads\/2023\/11\/IMG-20231016-WA0008.jpg","width":682,"height":384},{"@type":"BreadcrumbList","@id":"https:\/\/hsls.hr\/web\/nakon-godinu-dana-eksperimenta-sa-vrecicama-gradonacelnik-uvodi-u-okviru-reforme-umjesto-zutih-vrecica-90-000-zutih-kanti\/#breadcrumb","itemListElement":[{"@type":"ListItem","position":1,"name":"Po\u010detna stranica","item":"https:\/\/hsls.hr\/web\/"},{"@type":"ListItem","position":2,"name":"Nakon godinu dana eksperimenta sa vre\u0107icama, gradona\u010delnik uvodi u okviru reforme \u00a0umjesto \u017eutih vre\u0107ica 90 000 \u017eutih kanti"}]},{"@type":"WebSite","@id":"https:\/\/hsls.hr\/web\/#website","url":"https:\/\/hsls.hr\/web\/","name":"HSLS","description":"Hrvatska socijalno-liberalna stranka","potentialAction":[{"@type":"SearchAction","target":{"@type":"EntryPoint","urlTemplate":"https:\/\/hsls.hr\/web\/?s={search_term_string}"},"query-input":{"@type":"PropertyValueSpecification","valueRequired":true,"valueName":"search_term_string"}}],"inLanguage":"hr"},{"@type":"Person","@id":"https:\/\/hsls.hr\/web\/#\/schema\/person\/67d96d588ab8c49fb1b737b8bc403f56","name":"HSLS Zagreb","image":{"@type":"ImageObject","inLanguage":"hr","@id":"https:\/\/secure.gravatar.com\/avatar\/57efbe1a1f3fe6082a23dc31f18788721e4f827a85f5b360018c1ffe683ebafd?s=96&d=mm&r=g","url":"https:\/\/secure.gravatar.com\/avatar\/57efbe1a1f3fe6082a23dc31f18788721e4f827a85f5b360018c1ffe683ebafd?s=96&d=mm&r=g","contentUrl":"https:\/\/secure.gravatar.com\/avatar\/57efbe1a1f3fe6082a23dc31f18788721e4f827a85f5b360018c1ffe683ebafd?s=96&d=mm&r=g","caption":"HSLS Zagreb"},"url":"https:\/\/hsls.hr\/web\/author\/zghsls\/"}]}},"_links":{"self":[{"href":"https:\/\/hsls.hr\/web\/wp-json\/wp\/v2\/posts\/5530","targetHints":{"allow":["GET"]}}],"collection":[{"href":"https:\/\/hsls.hr\/web\/wp-json\/wp\/v2\/posts"}],"about":[{"href":"https:\/\/hsls.hr\/web\/wp-json\/wp\/v2\/types\/post"}],"author":[{"embeddable":true,"href":"https:\/\/hsls.hr\/web\/wp-json\/wp\/v2\/users\/6"}],"replies":[{"embeddable":true,"href":"https:\/\/hsls.hr\/web\/wp-json\/wp\/v2\/comments?post=5530"}],"version-history":[{"count":2,"href":"https:\/\/hsls.hr\/web\/wp-json\/wp\/v2\/posts\/5530\/revisions"}],"predecessor-version":[{"id":5536,"href":"https:\/\/hsls.hr\/web\/wp-json\/wp\/v2\/posts\/5530\/revisions\/5536"}],"wp:featuredmedia":[{"embeddable":true,"href":"https:\/\/hsls.hr\/web\/wp-json\/wp\/v2\/media\/5533"}],"wp:attachment":[{"href":"https:\/\/hsls.hr\/web\/wp-json\/wp\/v2\/media?parent=5530"}],"wp:term":[{"taxonomy":"category","embeddable":true,"href":"https:\/\/hsls.hr\/web\/wp-json\/wp\/v2\/categories?post=5530"},{"taxonomy":"post_tag","embeddable":true,"href":"https:\/\/hsls.hr\/web\/wp-json\/wp\/v2\/tags?post=5530"}],"curies":[{"name":"wp","href":"https:\/\/api.w.org\/{rel}","templated":true}]}}