{"id":5331,"date":"2023-08-21T21:03:00","date_gmt":"2023-08-21T21:03:00","guid":{"rendered":"https:\/\/hsls.hr\/?p=5331"},"modified":"2023-09-06T21:48:17","modified_gmt":"2023-09-06T21:48:17","slug":"sto-je-sa-obecanjem-da-ce-se-mijesani-komunalni-otpad-smanjiti-za-trecinu","status":"publish","type":"post","link":"https:\/\/hsls.hr\/web\/sto-je-sa-obecanjem-da-ce-se-mijesani-komunalni-otpad-smanjiti-za-trecinu\/","title":{"rendered":"\u0160TO JE SA OBE\u0106ANJEM DA \u0106E SE MIJE\u0160ANI KOMUNALNI OTPAD SMANJITI ZA TRE\u0106INU?!"},"content":{"rendered":"<h3>\u00a0Zagreb na za\u010delju liste gospodarenja otpadom<\/h3>\n<p>Povodom slu\u017ebenog\u00a0 izvje\u0161\u0107a (Ministarstva gospodarstva i odr\u017eivog razvoja) o prikupljenom komunalnom otpadu , te ostvarenog lo\u0161eg rezultata u prikupljanju otpada u\u00a0 Zagrebu , predsjednik zagreba\u010dkog HSLS-a\u00a0 Darko Klasi\u0107 i potpredsjednici Kristijan Jeli\u0107 i Alen Lochert\u00a0 odr\u017eali su konferenciju za medije.<\/p>\n<p><em>Propast zagreba\u010dkog modela gospodarenja otpada<\/em><\/p>\n<p>\u00a0 Iako su pro\u0161le godine samo \u010detiri grada u Republici Hrvatskoj uspjeli odvojeno prikupiti preko polovice otpada,\u00a0 80 gradova uspjelo je ostvariti ve\u0107u stopu odvojenog prikupljanja otpada \u00a0nego godinu ranije. Na\u017ealost Grad Zagreb nije me\u0111u njima , \u0161tovi\u0161e mi smo u Zagrebu zahvaljuju\u0107i povr\u0161nom i nepotpunom shva\u0107anju \u00a0gospodarenja otpada ostvarili zna\u010dajan pad udjela \u00a0odvojenog prikupljanja otpada sa 36 % 2020. godine na 28% \u00a02022. godine unato\u010d svakodnevnom trudu velikog broja gra\u0111ana.\u00a0<\/p>\n<p>\u00a0 Uzrok ovako lo\u0161eg rezultata le\u017ei u iskazanom neznanju u vo\u0111enju velikih sustava komunalnih djelatnosti , zbog \u010dega Zg- \u010cisto\u0107e\u00a0 ve\u0107 dvije godine ne MO\u017dE\u00a0 uspostaviti kontinuiran i redovit odvoz odvojenog otpada\u00a0 kao i o\u010digledno sada ve\u0107 vidljivom nepotpunom i manjkavom shva\u0107anju\u00a0 plana gospodarenja otpada. Jer nakon dvije godine za\u0161to jo\u0161 nije zapo\u010dela \u00a0gradnja sortirnice, \u00a0kompostane i centra za gospodarenje otpadom iako je projekt odavno napravljen i dozvole isho\u0111ene. Gospodarenje otpada ne obuhva\u0107a samo komunalnu uslugu prikupljanja otpada ono obuhva\u0107a i njegovu cjelovitu oporabu , a to je ono \u0161to Mo\u017eemo i gradska vlast ne prihva\u0107a. I dok to ne rije\u0161imo Zagreb \u0107e i dalje biti na dnu liste uspje\u0161nog gospodarenja otpada , bez obzira na boju vre\u0107ica i svakodnevnom trudu gra\u0111ana u razvrstavanju otpada \u00a0, upozorio je <strong>Darko Klasi\u0107<\/strong>.<\/p>\n<p>Gradona\u010delnik Toma\u0161evi\u0107 i stranka Mo\u017eemo obe\u0107ale su u svom izbornom programu\u00a0 gra\u0111anima plan gospodarenja otpada koji \u0107e rezultirati padom ukupne mase mije\u0161anog komunalnog otpada na 25 % do 2025. \u00a0te zatvaranje Jaku\u0161evca.<\/p>\n<p>\u00a0 Na jednoj od nedavnih konferencija za medije Gradona\u010delnik je izjavio da je koli\u010dina<\/p>\n<p>mije\u0161anog komunalnog otpada ve\u0107 sada smanjena za tre\u0107inu, \u0161to demantiraju slu\u017ebena \u00a0izvje\u0161\u0107a (Ministarstva gospodarstva i odr\u017eivog razvoja) o prikupljenom komunalnom otpadu. Iz istog izvje\u0161\u0107a su vidljivi slijede\u0107i podaci \u00a0za protekle \u00a0tri godine:<\/p>\n<ul>\n<li>sakupljeno je 172.224 t mije\u0161anog komunalnog otpada<\/li>\n<li>173.903 t<\/li>\n<li>167.547 t<\/li>\n<\/ul>\n<p>Dakle smanjenje u 2022. u odnosu na 2020. i 2021. iznosi 3%, odnosno 4%., s time da treba imati u vidu i da je broj stanovnika u Zagrebu od 2020. do 2022. pao za 2,5%, odnosno za oko 20.000 stanovnika.<\/p>\n<p>Kako bi se ostvarilo obe\u0107anje iz Izbornog programa, trebali bismo sa 172.224 t u 2020. do\u0107i<\/p>\n<p>na 43.056 t do 2025. \u0161to ovim tempom zvu\u010di neostvarivo \u2013 <strong>izjavio je Alen Lochert.<\/strong><\/p>\n<p>Povrh navedenoga, evo jo\u0161 nekih poraznih brojki koje govore o \u201euspje\u0161nosti\u201c plana gospodarenja otpada ove gradske vlasti u provo\u0111enju jednog od glavnih izbornih obe\u0107anja:<\/p>\n<ul>\n<li>prikupljanje biootpada palo je za 54%. (2020. 26.686 t, a u 2022. 12.209 t)<\/li>\n<li>papira je prikupljeno 27 % manje (2020. 18.570 t, a u 2022. 13.584 t)<\/li>\n<li>prikupljanje metala palo je za 35%. (2020. 610, a u 2022. 399 t)<\/li>\n<li>prikupljanje glomaznog otpada palo je za 49%. (2020. 22.076 t, a u 2022. 11.231 t)<\/li>\n<li>prikupljanje stakla palo je za 97%. (2020. 3.343 t, a u 2022. 94 t)<\/li>\n<li>jedini (neznatni) rast bilje\u017ei prikupljanje plastike (2 %) i tekstila (2,5 %)<\/li>\n<\/ul>\n<p>Udio odvojenog sakupljanja otpada u razdoblju 2020\/2022 pao je za nevjerojatnih 40%, a i prikupljeno je 13 % manje proizvedenog komunalnog otpada u okviru javne usluge,\u00a0 tako da dolazimo do zaklju\u010dka da je smanjena koli\u010dina mije\u0161anog komunalnog otpada posljedica smanjenja broja stanovnika, mije\u0161anje komunalnog otpada sa reciklabilnim otpadom i dijelom kao posljedica odlaganja na divlja odlagali\u0161ta, a nikako posljedica pove\u0107anog odvajanja otpada.<\/p>\n<p>\u00a0 S obzirom da se tu radi o slu\u017ebenim podacima Ministarstva gospodarstva i odr\u017eivog razvoja, tra\u017eimo od Gradona\u010delnika grada Zagreba da nam objasni na temelju kojih podataka tvrdi da je koli\u010dina mije\u0161anog komunalnog otpada smanjena za tre\u0107inu.<\/p>\n<p>Na kraju pozvao bih gra\u0111ana da se bez obzira na neredovite odvoze i o\u010dito manjkav model gospodarenja otpadom, suzdr\u017ee od nelegalnog odlaganja otpada na javnim povr\u0161inama koje su na\u017ealost u zadnje vrijeme sve u\u010destalija \u2013 <strong>izjavio je Kristijan Jeli\u0107<\/strong><\/p>\n","protected":false},"excerpt":{"rendered":"<p>\u00a0Zagreb na za\u010delju liste gospodarenja otpadom Povodom slu\u017ebenog\u00a0 izvje\u0161\u0107a (Ministarstva gospodarstva i odr\u017eivog razvoja) o prikupljenom komunalnom otpadu , te ostvarenog lo\u0161eg rezultata u prikupljanju otpada u\u00a0 Zagrebu , predsjednik&hellip;<\/p>\n","protected":false},"author":6,"featured_media":5332,"comment_status":"closed","ping_status":"open","sticky":false,"template":"","format":"standard","meta":{"_lmt_disableupdate":"","_lmt_disable":"","footnotes":""},"categories":[1,3],"tags":[],"class_list":["post-5331","post","type-post","status-publish","format-standard","has-post-thumbnail","hentry","category-nacionalne-vijesti","category-zagrebacke-vijesti"],"yoast_head":"<!-- This site is optimized with the Yoast SEO plugin v27.4 - https:\/\/yoast.com\/product\/yoast-seo-wordpress\/ -->\n<title>\u0160TO JE SA OBE\u0106ANJEM DA \u0106E SE MIJE\u0160ANI KOMUNALNI OTPAD SMANJITI ZA TRE\u0106INU?! - HSLS<\/title>\n<meta name=\"robots\" content=\"index, follow, max-snippet:-1, max-image-preview:large, max-video-preview:-1\" \/>\n<link rel=\"canonical\" href=\"https:\/\/hsls.hr\/web\/sto-je-sa-obecanjem-da-ce-se-mijesani-komunalni-otpad-smanjiti-za-trecinu\/\" \/>\n<meta property=\"og:locale\" content=\"hr_HR\" \/>\n<meta property=\"og:type\" content=\"article\" \/>\n<meta property=\"og:title\" content=\"\u0160TO JE SA OBE\u0106ANJEM DA \u0106E SE MIJE\u0160ANI KOMUNALNI OTPAD SMANJITI ZA TRE\u0106INU?! - HSLS\" \/>\n<meta property=\"og:description\" content=\"\u00a0Zagreb na za\u010delju liste gospodarenja otpadom Povodom slu\u017ebenog\u00a0 izvje\u0161\u0107a (Ministarstva gospodarstva i odr\u017eivog razvoja) o prikupljenom komunalnom otpadu , te ostvarenog lo\u0161eg rezultata u prikupljanju otpada u\u00a0 Zagrebu , predsjednik&hellip;\" \/>\n<meta property=\"og:url\" content=\"https:\/\/hsls.hr\/web\/sto-je-sa-obecanjem-da-ce-se-mijesani-komunalni-otpad-smanjiti-za-trecinu\/\" \/>\n<meta property=\"og:site_name\" content=\"HSLS\" \/>\n<meta property=\"article:published_time\" content=\"2023-08-21T21:03:00+00:00\" \/>\n<meta property=\"article:modified_time\" content=\"2023-09-06T21:48:17+00:00\" \/>\n<meta property=\"og:image\" content=\"https:\/\/hsls.hr\/web\/wp-content\/uploads\/2023\/09\/Otpad.jpg\" \/>\n\t<meta property=\"og:image:width\" content=\"908\" \/>\n\t<meta property=\"og:image:height\" content=\"620\" \/>\n\t<meta property=\"og:image:type\" content=\"image\/jpeg\" \/>\n<meta name=\"author\" content=\"HSLS Zagreb\" \/>\n<meta name=\"twitter:card\" content=\"summary_large_image\" \/>\n<meta name=\"twitter:label1\" content=\"Napisao\/la\" \/>\n\t<meta name=\"twitter:data1\" content=\"HSLS Zagreb\" \/>\n\t<meta name=\"twitter:label2\" content=\"Procijenjeno vrijeme \u010ditanja\" \/>\n\t<meta name=\"twitter:data2\" content=\"4 minute\" \/>\n<script type=\"application\/ld+json\" class=\"yoast-schema-graph\">{\"@context\":\"https:\\\/\\\/schema.org\",\"@graph\":[{\"@type\":\"Article\",\"@id\":\"https:\\\/\\\/hsls.hr\\\/web\\\/sto-je-sa-obecanjem-da-ce-se-mijesani-komunalni-otpad-smanjiti-za-trecinu\\\/#article\",\"isPartOf\":{\"@id\":\"https:\\\/\\\/hsls.hr\\\/web\\\/sto-je-sa-obecanjem-da-ce-se-mijesani-komunalni-otpad-smanjiti-za-trecinu\\\/\"},\"author\":{\"name\":\"HSLS Zagreb\",\"@id\":\"https:\\\/\\\/hsls.hr\\\/web\\\/#\\\/schema\\\/person\\\/67d96d588ab8c49fb1b737b8bc403f56\"},\"headline\":\"\u0160TO JE SA OBE\u0106ANJEM DA \u0106E SE MIJE\u0160ANI KOMUNALNI OTPAD SMANJITI ZA TRE\u0106INU?!\",\"datePublished\":\"2023-08-21T21:03:00+00:00\",\"dateModified\":\"2023-09-06T21:48:17+00:00\",\"mainEntityOfPage\":{\"@id\":\"https:\\\/\\\/hsls.hr\\\/web\\\/sto-je-sa-obecanjem-da-ce-se-mijesani-komunalni-otpad-smanjiti-za-trecinu\\\/\"},\"wordCount\":679,\"image\":{\"@id\":\"https:\\\/\\\/hsls.hr\\\/web\\\/sto-je-sa-obecanjem-da-ce-se-mijesani-komunalni-otpad-smanjiti-za-trecinu\\\/#primaryimage\"},\"thumbnailUrl\":\"https:\\\/\\\/hsls.hr\\\/web\\\/wp-content\\\/uploads\\\/2023\\\/09\\\/Otpad.jpg\",\"articleSection\":[\"Nacionalno\",\"Zagreb\"],\"inLanguage\":\"hr\"},{\"@type\":\"WebPage\",\"@id\":\"https:\\\/\\\/hsls.hr\\\/web\\\/sto-je-sa-obecanjem-da-ce-se-mijesani-komunalni-otpad-smanjiti-za-trecinu\\\/\",\"url\":\"https:\\\/\\\/hsls.hr\\\/web\\\/sto-je-sa-obecanjem-da-ce-se-mijesani-komunalni-otpad-smanjiti-za-trecinu\\\/\",\"name\":\"\u0160TO JE SA OBE\u0106ANJEM DA \u0106E SE MIJE\u0160ANI KOMUNALNI OTPAD SMANJITI ZA TRE\u0106INU?! - HSLS\",\"isPartOf\":{\"@id\":\"https:\\\/\\\/hsls.hr\\\/web\\\/#website\"},\"primaryImageOfPage\":{\"@id\":\"https:\\\/\\\/hsls.hr\\\/web\\\/sto-je-sa-obecanjem-da-ce-se-mijesani-komunalni-otpad-smanjiti-za-trecinu\\\/#primaryimage\"},\"image\":{\"@id\":\"https:\\\/\\\/hsls.hr\\\/web\\\/sto-je-sa-obecanjem-da-ce-se-mijesani-komunalni-otpad-smanjiti-za-trecinu\\\/#primaryimage\"},\"thumbnailUrl\":\"https:\\\/\\\/hsls.hr\\\/web\\\/wp-content\\\/uploads\\\/2023\\\/09\\\/Otpad.jpg\",\"datePublished\":\"2023-08-21T21:03:00+00:00\",\"dateModified\":\"2023-09-06T21:48:17+00:00\",\"author\":{\"@id\":\"https:\\\/\\\/hsls.hr\\\/web\\\/#\\\/schema\\\/person\\\/67d96d588ab8c49fb1b737b8bc403f56\"},\"breadcrumb\":{\"@id\":\"https:\\\/\\\/hsls.hr\\\/web\\\/sto-je-sa-obecanjem-da-ce-se-mijesani-komunalni-otpad-smanjiti-za-trecinu\\\/#breadcrumb\"},\"inLanguage\":\"hr\",\"potentialAction\":[{\"@type\":\"ReadAction\",\"target\":[\"https:\\\/\\\/hsls.hr\\\/web\\\/sto-je-sa-obecanjem-da-ce-se-mijesani-komunalni-otpad-smanjiti-za-trecinu\\\/\"]}]},{\"@type\":\"ImageObject\",\"inLanguage\":\"hr\",\"@id\":\"https:\\\/\\\/hsls.hr\\\/web\\\/sto-je-sa-obecanjem-da-ce-se-mijesani-komunalni-otpad-smanjiti-za-trecinu\\\/#primaryimage\",\"url\":\"https:\\\/\\\/hsls.hr\\\/web\\\/wp-content\\\/uploads\\\/2023\\\/09\\\/Otpad.jpg\",\"contentUrl\":\"https:\\\/\\\/hsls.hr\\\/web\\\/wp-content\\\/uploads\\\/2023\\\/09\\\/Otpad.jpg\",\"width\":908,\"height\":620},{\"@type\":\"BreadcrumbList\",\"@id\":\"https:\\\/\\\/hsls.hr\\\/web\\\/sto-je-sa-obecanjem-da-ce-se-mijesani-komunalni-otpad-smanjiti-za-trecinu\\\/#breadcrumb\",\"itemListElement\":[{\"@type\":\"ListItem\",\"position\":1,\"name\":\"Po\u010detna stranica\",\"item\":\"https:\\\/\\\/hsls.hr\\\/web\\\/\"},{\"@type\":\"ListItem\",\"position\":2,\"name\":\"\u0160TO JE SA OBE\u0106ANJEM DA \u0106E SE MIJE\u0160ANI KOMUNALNI OTPAD SMANJITI ZA TRE\u0106INU?!\"}]},{\"@type\":\"WebSite\",\"@id\":\"https:\\\/\\\/hsls.hr\\\/web\\\/#website\",\"url\":\"https:\\\/\\\/hsls.hr\\\/web\\\/\",\"name\":\"HSLS\",\"description\":\"Hrvatska socijalno-liberalna stranka\",\"potentialAction\":[{\"@type\":\"SearchAction\",\"target\":{\"@type\":\"EntryPoint\",\"urlTemplate\":\"https:\\\/\\\/hsls.hr\\\/web\\\/?s={search_term_string}\"},\"query-input\":{\"@type\":\"PropertyValueSpecification\",\"valueRequired\":true,\"valueName\":\"search_term_string\"}}],\"inLanguage\":\"hr\"},{\"@type\":\"Person\",\"@id\":\"https:\\\/\\\/hsls.hr\\\/web\\\/#\\\/schema\\\/person\\\/67d96d588ab8c49fb1b737b8bc403f56\",\"name\":\"HSLS Zagreb\",\"image\":{\"@type\":\"ImageObject\",\"inLanguage\":\"hr\",\"@id\":\"https:\\\/\\\/secure.gravatar.com\\\/avatar\\\/57efbe1a1f3fe6082a23dc31f18788721e4f827a85f5b360018c1ffe683ebafd?s=96&d=mm&r=g\",\"url\":\"https:\\\/\\\/secure.gravatar.com\\\/avatar\\\/57efbe1a1f3fe6082a23dc31f18788721e4f827a85f5b360018c1ffe683ebafd?s=96&d=mm&r=g\",\"contentUrl\":\"https:\\\/\\\/secure.gravatar.com\\\/avatar\\\/57efbe1a1f3fe6082a23dc31f18788721e4f827a85f5b360018c1ffe683ebafd?s=96&d=mm&r=g\",\"caption\":\"HSLS Zagreb\"},\"url\":\"https:\\\/\\\/hsls.hr\\\/web\\\/author\\\/zghsls\\\/\"}]}<\/script>\n<!-- \/ Yoast SEO plugin. -->","yoast_head_json":{"title":"\u0160TO JE SA OBE\u0106ANJEM DA \u0106E SE MIJE\u0160ANI KOMUNALNI OTPAD SMANJITI ZA TRE\u0106INU?! - HSLS","robots":{"index":"index","follow":"follow","max-snippet":"max-snippet:-1","max-image-preview":"max-image-preview:large","max-video-preview":"max-video-preview:-1"},"canonical":"https:\/\/hsls.hr\/web\/sto-je-sa-obecanjem-da-ce-se-mijesani-komunalni-otpad-smanjiti-za-trecinu\/","og_locale":"hr_HR","og_type":"article","og_title":"\u0160TO JE SA OBE\u0106ANJEM DA \u0106E SE MIJE\u0160ANI KOMUNALNI OTPAD SMANJITI ZA TRE\u0106INU?! - HSLS","og_description":"\u00a0Zagreb na za\u010delju liste gospodarenja otpadom Povodom slu\u017ebenog\u00a0 izvje\u0161\u0107a (Ministarstva gospodarstva i odr\u017eivog razvoja) o prikupljenom komunalnom otpadu , te ostvarenog lo\u0161eg rezultata u prikupljanju otpada u\u00a0 Zagrebu , predsjednik&hellip;","og_url":"https:\/\/hsls.hr\/web\/sto-je-sa-obecanjem-da-ce-se-mijesani-komunalni-otpad-smanjiti-za-trecinu\/","og_site_name":"HSLS","article_published_time":"2023-08-21T21:03:00+00:00","article_modified_time":"2023-09-06T21:48:17+00:00","og_image":[{"width":908,"height":620,"url":"https:\/\/hsls.hr\/web\/wp-content\/uploads\/2023\/09\/Otpad.jpg","type":"image\/jpeg"}],"author":"HSLS Zagreb","twitter_card":"summary_large_image","twitter_misc":{"Napisao\/la":"HSLS Zagreb","Procijenjeno vrijeme \u010ditanja":"4 minute"},"schema":{"@context":"https:\/\/schema.org","@graph":[{"@type":"Article","@id":"https:\/\/hsls.hr\/web\/sto-je-sa-obecanjem-da-ce-se-mijesani-komunalni-otpad-smanjiti-za-trecinu\/#article","isPartOf":{"@id":"https:\/\/hsls.hr\/web\/sto-je-sa-obecanjem-da-ce-se-mijesani-komunalni-otpad-smanjiti-za-trecinu\/"},"author":{"name":"HSLS Zagreb","@id":"https:\/\/hsls.hr\/web\/#\/schema\/person\/67d96d588ab8c49fb1b737b8bc403f56"},"headline":"\u0160TO JE SA OBE\u0106ANJEM DA \u0106E SE MIJE\u0160ANI KOMUNALNI OTPAD SMANJITI ZA TRE\u0106INU?!","datePublished":"2023-08-21T21:03:00+00:00","dateModified":"2023-09-06T21:48:17+00:00","mainEntityOfPage":{"@id":"https:\/\/hsls.hr\/web\/sto-je-sa-obecanjem-da-ce-se-mijesani-komunalni-otpad-smanjiti-za-trecinu\/"},"wordCount":679,"image":{"@id":"https:\/\/hsls.hr\/web\/sto-je-sa-obecanjem-da-ce-se-mijesani-komunalni-otpad-smanjiti-za-trecinu\/#primaryimage"},"thumbnailUrl":"https:\/\/hsls.hr\/web\/wp-content\/uploads\/2023\/09\/Otpad.jpg","articleSection":["Nacionalno","Zagreb"],"inLanguage":"hr"},{"@type":"WebPage","@id":"https:\/\/hsls.hr\/web\/sto-je-sa-obecanjem-da-ce-se-mijesani-komunalni-otpad-smanjiti-za-trecinu\/","url":"https:\/\/hsls.hr\/web\/sto-je-sa-obecanjem-da-ce-se-mijesani-komunalni-otpad-smanjiti-za-trecinu\/","name":"\u0160TO JE SA OBE\u0106ANJEM DA \u0106E SE MIJE\u0160ANI KOMUNALNI OTPAD SMANJITI ZA TRE\u0106INU?! - HSLS","isPartOf":{"@id":"https:\/\/hsls.hr\/web\/#website"},"primaryImageOfPage":{"@id":"https:\/\/hsls.hr\/web\/sto-je-sa-obecanjem-da-ce-se-mijesani-komunalni-otpad-smanjiti-za-trecinu\/#primaryimage"},"image":{"@id":"https:\/\/hsls.hr\/web\/sto-je-sa-obecanjem-da-ce-se-mijesani-komunalni-otpad-smanjiti-za-trecinu\/#primaryimage"},"thumbnailUrl":"https:\/\/hsls.hr\/web\/wp-content\/uploads\/2023\/09\/Otpad.jpg","datePublished":"2023-08-21T21:03:00+00:00","dateModified":"2023-09-06T21:48:17+00:00","author":{"@id":"https:\/\/hsls.hr\/web\/#\/schema\/person\/67d96d588ab8c49fb1b737b8bc403f56"},"breadcrumb":{"@id":"https:\/\/hsls.hr\/web\/sto-je-sa-obecanjem-da-ce-se-mijesani-komunalni-otpad-smanjiti-za-trecinu\/#breadcrumb"},"inLanguage":"hr","potentialAction":[{"@type":"ReadAction","target":["https:\/\/hsls.hr\/web\/sto-je-sa-obecanjem-da-ce-se-mijesani-komunalni-otpad-smanjiti-za-trecinu\/"]}]},{"@type":"ImageObject","inLanguage":"hr","@id":"https:\/\/hsls.hr\/web\/sto-je-sa-obecanjem-da-ce-se-mijesani-komunalni-otpad-smanjiti-za-trecinu\/#primaryimage","url":"https:\/\/hsls.hr\/web\/wp-content\/uploads\/2023\/09\/Otpad.jpg","contentUrl":"https:\/\/hsls.hr\/web\/wp-content\/uploads\/2023\/09\/Otpad.jpg","width":908,"height":620},{"@type":"BreadcrumbList","@id":"https:\/\/hsls.hr\/web\/sto-je-sa-obecanjem-da-ce-se-mijesani-komunalni-otpad-smanjiti-za-trecinu\/#breadcrumb","itemListElement":[{"@type":"ListItem","position":1,"name":"Po\u010detna stranica","item":"https:\/\/hsls.hr\/web\/"},{"@type":"ListItem","position":2,"name":"\u0160TO JE SA OBE\u0106ANJEM DA \u0106E SE MIJE\u0160ANI KOMUNALNI OTPAD SMANJITI ZA TRE\u0106INU?!"}]},{"@type":"WebSite","@id":"https:\/\/hsls.hr\/web\/#website","url":"https:\/\/hsls.hr\/web\/","name":"HSLS","description":"Hrvatska socijalno-liberalna stranka","potentialAction":[{"@type":"SearchAction","target":{"@type":"EntryPoint","urlTemplate":"https:\/\/hsls.hr\/web\/?s={search_term_string}"},"query-input":{"@type":"PropertyValueSpecification","valueRequired":true,"valueName":"search_term_string"}}],"inLanguage":"hr"},{"@type":"Person","@id":"https:\/\/hsls.hr\/web\/#\/schema\/person\/67d96d588ab8c49fb1b737b8bc403f56","name":"HSLS Zagreb","image":{"@type":"ImageObject","inLanguage":"hr","@id":"https:\/\/secure.gravatar.com\/avatar\/57efbe1a1f3fe6082a23dc31f18788721e4f827a85f5b360018c1ffe683ebafd?s=96&d=mm&r=g","url":"https:\/\/secure.gravatar.com\/avatar\/57efbe1a1f3fe6082a23dc31f18788721e4f827a85f5b360018c1ffe683ebafd?s=96&d=mm&r=g","contentUrl":"https:\/\/secure.gravatar.com\/avatar\/57efbe1a1f3fe6082a23dc31f18788721e4f827a85f5b360018c1ffe683ebafd?s=96&d=mm&r=g","caption":"HSLS Zagreb"},"url":"https:\/\/hsls.hr\/web\/author\/zghsls\/"}]}},"_links":{"self":[{"href":"https:\/\/hsls.hr\/web\/wp-json\/wp\/v2\/posts\/5331","targetHints":{"allow":["GET"]}}],"collection":[{"href":"https:\/\/hsls.hr\/web\/wp-json\/wp\/v2\/posts"}],"about":[{"href":"https:\/\/hsls.hr\/web\/wp-json\/wp\/v2\/types\/post"}],"author":[{"embeddable":true,"href":"https:\/\/hsls.hr\/web\/wp-json\/wp\/v2\/users\/6"}],"replies":[{"embeddable":true,"href":"https:\/\/hsls.hr\/web\/wp-json\/wp\/v2\/comments?post=5331"}],"version-history":[{"count":1,"href":"https:\/\/hsls.hr\/web\/wp-json\/wp\/v2\/posts\/5331\/revisions"}],"predecessor-version":[{"id":5333,"href":"https:\/\/hsls.hr\/web\/wp-json\/wp\/v2\/posts\/5331\/revisions\/5333"}],"wp:featuredmedia":[{"embeddable":true,"href":"https:\/\/hsls.hr\/web\/wp-json\/wp\/v2\/media\/5332"}],"wp:attachment":[{"href":"https:\/\/hsls.hr\/web\/wp-json\/wp\/v2\/media?parent=5331"}],"wp:term":[{"taxonomy":"category","embeddable":true,"href":"https:\/\/hsls.hr\/web\/wp-json\/wp\/v2\/categories?post=5331"},{"taxonomy":"post_tag","embeddable":true,"href":"https:\/\/hsls.hr\/web\/wp-json\/wp\/v2\/tags?post=5331"}],"curies":[{"name":"wp","href":"https:\/\/api.w.org\/{rel}","templated":true}]}}