{"id":5297,"date":"2023-07-10T09:24:00","date_gmt":"2023-07-10T09:24:00","guid":{"rendered":"https:\/\/hsls.hr\/?p=5297"},"modified":"2023-09-05T09:49:11","modified_gmt":"2023-09-05T09:49:11","slug":"hsls-zagreb-poziva-na-uredenje-trga-dr-franje-tudmana","status":"publish","type":"post","link":"https:\/\/hsls.hr\/web\/hsls-zagreb-poziva-na-uredenje-trga-dr-franje-tudmana\/","title":{"rendered":"HSLS Zagreb poziva na ure\u0111enje Trga dr. Franje Tu\u0111mana"},"content":{"rendered":"\n<p>Na tiskovnoj konferenciji \u010dlanovi HSLS-a Grada Zagreba istaknuli su va\u017enost hitnog ure\u0111enja Trga dr. Franje Tu\u0111mana, podsje\u0107aju\u0107i na potrebu osvjetljavanja ovog zna\u010dajnog trga i pobolj\u0161anja njegove opreme.<\/p>\n\n\n\n<p><strong><em>Gradona\u010delni\u010de, Mo\u017eemo li upaliti svijetlo na Trgu dr. Franje Tu\u0111mana? <\/em><\/strong><br><br>Alen Vilhar predsjednik ogranka HSLS \u010crnomerec, zajedno s \u010dlanovima stranke Hrvojem Vajdi\u0107em i Mateom Struni\u0107em, izrazio je zabrinutost zbog trenutnog stanja trga i njegovog nedostatka adekvatne rasvjete.<\/p>\n\n\n\n<p>Kao \u0161to smo ranije izvijestili, dosada\u0161nji projekti i razrada idejnih rje\u0161enja za ure\u0111enje Trga dr. Franje Tu\u0111mana ko\u0161tali su gra\u0111ane vi\u0161e od 200.000 eura. Unato\u010d ovim izdacima, na samom trgu nije zasa\u0111en niti jedan stru\u010dak cvije\u0107a, a problemi s nepostojanjem prikladne rasvjete i neure\u0111enih staza \u010dine trg neugodnim i neosvijetljenim mjestom u ve\u010dernjim i no\u0107nim satima.<\/p>\n\n\n\n<p>U svojem izlaganju, predstavnici HSLS-a naglasili su potrebu za minimalnim ulaganjima u javnu rasvjetu i ure\u0111enje staza kako bi se trg u\u010dinio sigurnijim i prihvatljivijim za kori\u0161tenje. Tako\u0111er, istaknuli su va\u017enost o\u010duvanja dje\u010djeg igrali\u0161ta smje\u0161tenog u zelenilu trga te potrebu da postane sigurno i dostupno mjesto za djecu i obitelji.<br><br>Konferencija je snimljena tijekom no\u0107nih sati kako bi prikazala problem kori\u0161tenja Trga dr. Franje Tu\u0111mana i vidljiva je na sljede\u0107oj poveznici:<br><a href=\"https:\/\/youtu.be\/4tHz_-BPWZk\" target=\"_blank\" rel=\"noreferrer noopener\">https:\/\/youtu.be\/4tHz_-BPWZk<\/a><\/p>\n\n\n\n<p>HSLS Zagreb apelira na gradske vlasti i gradske \u010detvrti \u010crnomerec da pristupe ure\u0111enju Trga dr. Franje Tu\u0111mana, kako bi se ovaj prostor pretvorio u atraktivno i sigurno okupljali\u0161te za gra\u0111ane. U skladu s ciljevima zelenih politika, ovo ure\u0111enje mo\u017ee postati klju\u010dni doprinos u oboga\u0107ivanju javnih prostora u Zagrebu.<\/p>\n\n\n\n<p>Smatramo da prostor Trga Dr. Franje Tu\u0111mana ima potencijala trajno ostaviti potpis u prostoru grada i uz minimalna ulaganja postati novi Zrinjevac zapadnog dijela grada.<\/p>\n\n\n\n<p>HSLS poziva na odgovorno i brzo djelovanje te postavlja pitanje gradona\u010delniku: <strong>&#8220;Mo\u017eemo li upaliti svijetlo na Trgu Franje Tu\u0111mana?&#8221;<\/strong>.<\/p>\n\n\n\n<p>Ostanite s nama kako bismo vas informirali o daljnjem razvoju situacije i nastavku na\u0161ih inicijativa za ure\u0111enje ovog va\u017enog trga.<\/p>\n\n\n\n<p><em>S po\u0161tovanjem,<\/em> <br>HSLS Zagreb<\/p>\n","protected":false},"excerpt":{"rendered":"<p>Na tiskovnoj konferenciji \u010dlanovi HSLS-a Grada Zagreba istaknuli su va\u017enost hitnog ure\u0111enja Trga dr. Franje Tu\u0111mana, podsje\u0107aju\u0107i na potrebu osvjetljavanja ovog zna\u010dajnog trga i pobolj\u0161anja njegove opreme. Gradona\u010delni\u010de, Mo\u017eemo li&hellip;<\/p>\n","protected":false},"author":6,"featured_media":5299,"comment_status":"closed","ping_status":"open","sticky":false,"template":"","format":"standard","meta":{"_lmt_disableupdate":"","_lmt_disable":"","footnotes":""},"categories":[4,1,3],"tags":[],"class_list":["post-5297","post","type-post","status-publish","format-standard","has-post-thumbnail","hentry","category-lokalne-vijesti","category-nacionalne-vijesti","category-zagrebacke-vijesti"],"yoast_head":"<!-- This site is optimized with the Yoast SEO plugin v27.4 - https:\/\/yoast.com\/product\/yoast-seo-wordpress\/ -->\n<title>HSLS Zagreb poziva na ure\u0111enje Trga dr. Franje Tu\u0111mana - HSLS<\/title>\n<meta name=\"robots\" content=\"index, follow, max-snippet:-1, max-image-preview:large, max-video-preview:-1\" \/>\n<link rel=\"canonical\" href=\"https:\/\/hsls.hr\/web\/hsls-zagreb-poziva-na-uredenje-trga-dr-franje-tudmana\/\" \/>\n<meta property=\"og:locale\" content=\"hr_HR\" \/>\n<meta property=\"og:type\" content=\"article\" \/>\n<meta property=\"og:title\" content=\"HSLS Zagreb poziva na ure\u0111enje Trga dr. Franje Tu\u0111mana - HSLS\" \/>\n<meta property=\"og:description\" content=\"Na tiskovnoj konferenciji \u010dlanovi HSLS-a Grada Zagreba istaknuli su va\u017enost hitnog ure\u0111enja Trga dr. Franje Tu\u0111mana, podsje\u0107aju\u0107i na potrebu osvjetljavanja ovog zna\u010dajnog trga i pobolj\u0161anja njegove opreme. Gradona\u010delni\u010de, Mo\u017eemo li&hellip;\" \/>\n<meta property=\"og:url\" content=\"https:\/\/hsls.hr\/web\/hsls-zagreb-poziva-na-uredenje-trga-dr-franje-tudmana\/\" \/>\n<meta property=\"og:site_name\" content=\"HSLS\" \/>\n<meta property=\"article:published_time\" content=\"2023-07-10T09:24:00+00:00\" \/>\n<meta property=\"article:modified_time\" content=\"2023-09-05T09:49:11+00:00\" \/>\n<meta property=\"og:image\" content=\"https:\/\/hsls.hr\/web\/wp-content\/uploads\/2023\/09\/hsls-tudman-svijetlo.jpeg\" \/>\n\t<meta property=\"og:image:width\" content=\"2000\" \/>\n\t<meta property=\"og:image:height\" content=\"1125\" \/>\n\t<meta property=\"og:image:type\" content=\"image\/jpeg\" \/>\n<meta name=\"author\" content=\"HSLS Zagreb\" \/>\n<meta name=\"twitter:card\" content=\"summary_large_image\" \/>\n<meta name=\"twitter:label1\" content=\"Napisao\/la\" \/>\n\t<meta name=\"twitter:data1\" content=\"HSLS Zagreb\" \/>\n\t<meta name=\"twitter:label2\" content=\"Procijenjeno vrijeme \u010ditanja\" \/>\n\t<meta name=\"twitter:data2\" content=\"2 minute\" \/>\n<script type=\"application\/ld+json\" class=\"yoast-schema-graph\">{\"@context\":\"https:\\\/\\\/schema.org\",\"@graph\":[{\"@type\":\"Article\",\"@id\":\"https:\\\/\\\/hsls.hr\\\/web\\\/hsls-zagreb-poziva-na-uredenje-trga-dr-franje-tudmana\\\/#article\",\"isPartOf\":{\"@id\":\"https:\\\/\\\/hsls.hr\\\/web\\\/hsls-zagreb-poziva-na-uredenje-trga-dr-franje-tudmana\\\/\"},\"author\":{\"name\":\"HSLS Zagreb\",\"@id\":\"https:\\\/\\\/hsls.hr\\\/web\\\/#\\\/schema\\\/person\\\/67d96d588ab8c49fb1b737b8bc403f56\"},\"headline\":\"HSLS Zagreb poziva na ure\u0111enje Trga dr. Franje Tu\u0111mana\",\"datePublished\":\"2023-07-10T09:24:00+00:00\",\"dateModified\":\"2023-09-05T09:49:11+00:00\",\"mainEntityOfPage\":{\"@id\":\"https:\\\/\\\/hsls.hr\\\/web\\\/hsls-zagreb-poziva-na-uredenje-trga-dr-franje-tudmana\\\/\"},\"wordCount\":377,\"image\":{\"@id\":\"https:\\\/\\\/hsls.hr\\\/web\\\/hsls-zagreb-poziva-na-uredenje-trga-dr-franje-tudmana\\\/#primaryimage\"},\"thumbnailUrl\":\"https:\\\/\\\/hsls.hr\\\/web\\\/wp-content\\\/uploads\\\/2023\\\/09\\\/hsls-tudman-svijetlo.jpeg\",\"articleSection\":[\"Lokalno\",\"Nacionalno\",\"Zagreb\"],\"inLanguage\":\"hr\"},{\"@type\":\"WebPage\",\"@id\":\"https:\\\/\\\/hsls.hr\\\/web\\\/hsls-zagreb-poziva-na-uredenje-trga-dr-franje-tudmana\\\/\",\"url\":\"https:\\\/\\\/hsls.hr\\\/web\\\/hsls-zagreb-poziva-na-uredenje-trga-dr-franje-tudmana\\\/\",\"name\":\"HSLS Zagreb poziva na ure\u0111enje Trga dr. Franje Tu\u0111mana - HSLS\",\"isPartOf\":{\"@id\":\"https:\\\/\\\/hsls.hr\\\/web\\\/#website\"},\"primaryImageOfPage\":{\"@id\":\"https:\\\/\\\/hsls.hr\\\/web\\\/hsls-zagreb-poziva-na-uredenje-trga-dr-franje-tudmana\\\/#primaryimage\"},\"image\":{\"@id\":\"https:\\\/\\\/hsls.hr\\\/web\\\/hsls-zagreb-poziva-na-uredenje-trga-dr-franje-tudmana\\\/#primaryimage\"},\"thumbnailUrl\":\"https:\\\/\\\/hsls.hr\\\/web\\\/wp-content\\\/uploads\\\/2023\\\/09\\\/hsls-tudman-svijetlo.jpeg\",\"datePublished\":\"2023-07-10T09:24:00+00:00\",\"dateModified\":\"2023-09-05T09:49:11+00:00\",\"author\":{\"@id\":\"https:\\\/\\\/hsls.hr\\\/web\\\/#\\\/schema\\\/person\\\/67d96d588ab8c49fb1b737b8bc403f56\"},\"breadcrumb\":{\"@id\":\"https:\\\/\\\/hsls.hr\\\/web\\\/hsls-zagreb-poziva-na-uredenje-trga-dr-franje-tudmana\\\/#breadcrumb\"},\"inLanguage\":\"hr\",\"potentialAction\":[{\"@type\":\"ReadAction\",\"target\":[\"https:\\\/\\\/hsls.hr\\\/web\\\/hsls-zagreb-poziva-na-uredenje-trga-dr-franje-tudmana\\\/\"]}]},{\"@type\":\"ImageObject\",\"inLanguage\":\"hr\",\"@id\":\"https:\\\/\\\/hsls.hr\\\/web\\\/hsls-zagreb-poziva-na-uredenje-trga-dr-franje-tudmana\\\/#primaryimage\",\"url\":\"https:\\\/\\\/hsls.hr\\\/web\\\/wp-content\\\/uploads\\\/2023\\\/09\\\/hsls-tudman-svijetlo.jpeg\",\"contentUrl\":\"https:\\\/\\\/hsls.hr\\\/web\\\/wp-content\\\/uploads\\\/2023\\\/09\\\/hsls-tudman-svijetlo.jpeg\",\"width\":2000,\"height\":1125,\"caption\":\"default\"},{\"@type\":\"BreadcrumbList\",\"@id\":\"https:\\\/\\\/hsls.hr\\\/web\\\/hsls-zagreb-poziva-na-uredenje-trga-dr-franje-tudmana\\\/#breadcrumb\",\"itemListElement\":[{\"@type\":\"ListItem\",\"position\":1,\"name\":\"Po\u010detna stranica\",\"item\":\"https:\\\/\\\/hsls.hr\\\/web\\\/\"},{\"@type\":\"ListItem\",\"position\":2,\"name\":\"HSLS Zagreb poziva na ure\u0111enje Trga dr. Franje Tu\u0111mana\"}]},{\"@type\":\"WebSite\",\"@id\":\"https:\\\/\\\/hsls.hr\\\/web\\\/#website\",\"url\":\"https:\\\/\\\/hsls.hr\\\/web\\\/\",\"name\":\"HSLS\",\"description\":\"Hrvatska socijalno-liberalna stranka\",\"potentialAction\":[{\"@type\":\"SearchAction\",\"target\":{\"@type\":\"EntryPoint\",\"urlTemplate\":\"https:\\\/\\\/hsls.hr\\\/web\\\/?s={search_term_string}\"},\"query-input\":{\"@type\":\"PropertyValueSpecification\",\"valueRequired\":true,\"valueName\":\"search_term_string\"}}],\"inLanguage\":\"hr\"},{\"@type\":\"Person\",\"@id\":\"https:\\\/\\\/hsls.hr\\\/web\\\/#\\\/schema\\\/person\\\/67d96d588ab8c49fb1b737b8bc403f56\",\"name\":\"HSLS Zagreb\",\"image\":{\"@type\":\"ImageObject\",\"inLanguage\":\"hr\",\"@id\":\"https:\\\/\\\/secure.gravatar.com\\\/avatar\\\/57efbe1a1f3fe6082a23dc31f18788721e4f827a85f5b360018c1ffe683ebafd?s=96&d=mm&r=g\",\"url\":\"https:\\\/\\\/secure.gravatar.com\\\/avatar\\\/57efbe1a1f3fe6082a23dc31f18788721e4f827a85f5b360018c1ffe683ebafd?s=96&d=mm&r=g\",\"contentUrl\":\"https:\\\/\\\/secure.gravatar.com\\\/avatar\\\/57efbe1a1f3fe6082a23dc31f18788721e4f827a85f5b360018c1ffe683ebafd?s=96&d=mm&r=g\",\"caption\":\"HSLS Zagreb\"},\"url\":\"https:\\\/\\\/hsls.hr\\\/web\\\/author\\\/zghsls\\\/\"}]}<\/script>\n<!-- \/ Yoast SEO plugin. -->","yoast_head_json":{"title":"HSLS Zagreb poziva na ure\u0111enje Trga dr. Franje Tu\u0111mana - HSLS","robots":{"index":"index","follow":"follow","max-snippet":"max-snippet:-1","max-image-preview":"max-image-preview:large","max-video-preview":"max-video-preview:-1"},"canonical":"https:\/\/hsls.hr\/web\/hsls-zagreb-poziva-na-uredenje-trga-dr-franje-tudmana\/","og_locale":"hr_HR","og_type":"article","og_title":"HSLS Zagreb poziva na ure\u0111enje Trga dr. Franje Tu\u0111mana - HSLS","og_description":"Na tiskovnoj konferenciji \u010dlanovi HSLS-a Grada Zagreba istaknuli su va\u017enost hitnog ure\u0111enja Trga dr. Franje Tu\u0111mana, podsje\u0107aju\u0107i na potrebu osvjetljavanja ovog zna\u010dajnog trga i pobolj\u0161anja njegove opreme. Gradona\u010delni\u010de, Mo\u017eemo li&hellip;","og_url":"https:\/\/hsls.hr\/web\/hsls-zagreb-poziva-na-uredenje-trga-dr-franje-tudmana\/","og_site_name":"HSLS","article_published_time":"2023-07-10T09:24:00+00:00","article_modified_time":"2023-09-05T09:49:11+00:00","og_image":[{"width":2000,"height":1125,"url":"https:\/\/hsls.hr\/web\/wp-content\/uploads\/2023\/09\/hsls-tudman-svijetlo.jpeg","type":"image\/jpeg"}],"author":"HSLS Zagreb","twitter_card":"summary_large_image","twitter_misc":{"Napisao\/la":"HSLS Zagreb","Procijenjeno vrijeme \u010ditanja":"2 minute"},"schema":{"@context":"https:\/\/schema.org","@graph":[{"@type":"Article","@id":"https:\/\/hsls.hr\/web\/hsls-zagreb-poziva-na-uredenje-trga-dr-franje-tudmana\/#article","isPartOf":{"@id":"https:\/\/hsls.hr\/web\/hsls-zagreb-poziva-na-uredenje-trga-dr-franje-tudmana\/"},"author":{"name":"HSLS Zagreb","@id":"https:\/\/hsls.hr\/web\/#\/schema\/person\/67d96d588ab8c49fb1b737b8bc403f56"},"headline":"HSLS Zagreb poziva na ure\u0111enje Trga dr. Franje Tu\u0111mana","datePublished":"2023-07-10T09:24:00+00:00","dateModified":"2023-09-05T09:49:11+00:00","mainEntityOfPage":{"@id":"https:\/\/hsls.hr\/web\/hsls-zagreb-poziva-na-uredenje-trga-dr-franje-tudmana\/"},"wordCount":377,"image":{"@id":"https:\/\/hsls.hr\/web\/hsls-zagreb-poziva-na-uredenje-trga-dr-franje-tudmana\/#primaryimage"},"thumbnailUrl":"https:\/\/hsls.hr\/web\/wp-content\/uploads\/2023\/09\/hsls-tudman-svijetlo.jpeg","articleSection":["Lokalno","Nacionalno","Zagreb"],"inLanguage":"hr"},{"@type":"WebPage","@id":"https:\/\/hsls.hr\/web\/hsls-zagreb-poziva-na-uredenje-trga-dr-franje-tudmana\/","url":"https:\/\/hsls.hr\/web\/hsls-zagreb-poziva-na-uredenje-trga-dr-franje-tudmana\/","name":"HSLS Zagreb poziva na ure\u0111enje Trga dr. Franje Tu\u0111mana - HSLS","isPartOf":{"@id":"https:\/\/hsls.hr\/web\/#website"},"primaryImageOfPage":{"@id":"https:\/\/hsls.hr\/web\/hsls-zagreb-poziva-na-uredenje-trga-dr-franje-tudmana\/#primaryimage"},"image":{"@id":"https:\/\/hsls.hr\/web\/hsls-zagreb-poziva-na-uredenje-trga-dr-franje-tudmana\/#primaryimage"},"thumbnailUrl":"https:\/\/hsls.hr\/web\/wp-content\/uploads\/2023\/09\/hsls-tudman-svijetlo.jpeg","datePublished":"2023-07-10T09:24:00+00:00","dateModified":"2023-09-05T09:49:11+00:00","author":{"@id":"https:\/\/hsls.hr\/web\/#\/schema\/person\/67d96d588ab8c49fb1b737b8bc403f56"},"breadcrumb":{"@id":"https:\/\/hsls.hr\/web\/hsls-zagreb-poziva-na-uredenje-trga-dr-franje-tudmana\/#breadcrumb"},"inLanguage":"hr","potentialAction":[{"@type":"ReadAction","target":["https:\/\/hsls.hr\/web\/hsls-zagreb-poziva-na-uredenje-trga-dr-franje-tudmana\/"]}]},{"@type":"ImageObject","inLanguage":"hr","@id":"https:\/\/hsls.hr\/web\/hsls-zagreb-poziva-na-uredenje-trga-dr-franje-tudmana\/#primaryimage","url":"https:\/\/hsls.hr\/web\/wp-content\/uploads\/2023\/09\/hsls-tudman-svijetlo.jpeg","contentUrl":"https:\/\/hsls.hr\/web\/wp-content\/uploads\/2023\/09\/hsls-tudman-svijetlo.jpeg","width":2000,"height":1125,"caption":"default"},{"@type":"BreadcrumbList","@id":"https:\/\/hsls.hr\/web\/hsls-zagreb-poziva-na-uredenje-trga-dr-franje-tudmana\/#breadcrumb","itemListElement":[{"@type":"ListItem","position":1,"name":"Po\u010detna stranica","item":"https:\/\/hsls.hr\/web\/"},{"@type":"ListItem","position":2,"name":"HSLS Zagreb poziva na ure\u0111enje Trga dr. Franje Tu\u0111mana"}]},{"@type":"WebSite","@id":"https:\/\/hsls.hr\/web\/#website","url":"https:\/\/hsls.hr\/web\/","name":"HSLS","description":"Hrvatska socijalno-liberalna stranka","potentialAction":[{"@type":"SearchAction","target":{"@type":"EntryPoint","urlTemplate":"https:\/\/hsls.hr\/web\/?s={search_term_string}"},"query-input":{"@type":"PropertyValueSpecification","valueRequired":true,"valueName":"search_term_string"}}],"inLanguage":"hr"},{"@type":"Person","@id":"https:\/\/hsls.hr\/web\/#\/schema\/person\/67d96d588ab8c49fb1b737b8bc403f56","name":"HSLS Zagreb","image":{"@type":"ImageObject","inLanguage":"hr","@id":"https:\/\/secure.gravatar.com\/avatar\/57efbe1a1f3fe6082a23dc31f18788721e4f827a85f5b360018c1ffe683ebafd?s=96&d=mm&r=g","url":"https:\/\/secure.gravatar.com\/avatar\/57efbe1a1f3fe6082a23dc31f18788721e4f827a85f5b360018c1ffe683ebafd?s=96&d=mm&r=g","contentUrl":"https:\/\/secure.gravatar.com\/avatar\/57efbe1a1f3fe6082a23dc31f18788721e4f827a85f5b360018c1ffe683ebafd?s=96&d=mm&r=g","caption":"HSLS Zagreb"},"url":"https:\/\/hsls.hr\/web\/author\/zghsls\/"}]}},"_links":{"self":[{"href":"https:\/\/hsls.hr\/web\/wp-json\/wp\/v2\/posts\/5297","targetHints":{"allow":["GET"]}}],"collection":[{"href":"https:\/\/hsls.hr\/web\/wp-json\/wp\/v2\/posts"}],"about":[{"href":"https:\/\/hsls.hr\/web\/wp-json\/wp\/v2\/types\/post"}],"author":[{"embeddable":true,"href":"https:\/\/hsls.hr\/web\/wp-json\/wp\/v2\/users\/6"}],"replies":[{"embeddable":true,"href":"https:\/\/hsls.hr\/web\/wp-json\/wp\/v2\/comments?post=5297"}],"version-history":[{"count":1,"href":"https:\/\/hsls.hr\/web\/wp-json\/wp\/v2\/posts\/5297\/revisions"}],"predecessor-version":[{"id":5300,"href":"https:\/\/hsls.hr\/web\/wp-json\/wp\/v2\/posts\/5297\/revisions\/5300"}],"wp:featuredmedia":[{"embeddable":true,"href":"https:\/\/hsls.hr\/web\/wp-json\/wp\/v2\/media\/5299"}],"wp:attachment":[{"href":"https:\/\/hsls.hr\/web\/wp-json\/wp\/v2\/media?parent=5297"}],"wp:term":[{"taxonomy":"category","embeddable":true,"href":"https:\/\/hsls.hr\/web\/wp-json\/wp\/v2\/categories?post=5297"},{"taxonomy":"post_tag","embeddable":true,"href":"https:\/\/hsls.hr\/web\/wp-json\/wp\/v2\/tags?post=5297"}],"curies":[{"name":"wp","href":"https:\/\/api.w.org\/{rel}","templated":true}]}}