{"id":3492,"date":"2022-01-24T15:49:16","date_gmt":"2022-01-24T15:49:16","guid":{"rendered":"https:\/\/hsls.hr\/web\/nova-epizoda-nesposobnosti-gradske-vlasti-hsls-prijavio-gradsku-upravu-prosvjetnoj-inspekciji\/"},"modified":"2023-06-01T06:29:29","modified_gmt":"2023-06-01T06:29:29","slug":"nova-epizoda-nesposobnosti-gradske-vlasti-hsls-prijavio-gradsku-upravu-prosvjetnoj-inspekciji","status":"publish","type":"post","link":"https:\/\/hsls.hr\/web\/nova-epizoda-nesposobnosti-gradske-vlasti-hsls-prijavio-gradsku-upravu-prosvjetnoj-inspekciji\/","title":{"rendered":"Nova epizoda nesposobnosti gradske vlasti \u2013 HSLS prijavio Gradsku upravu prosvjetnoj inspekciji"},"content":{"rendered":"<p>Gradona\u010delnik je u petak odr\u017eao sastanak s Povjerenstvom za izvannastavnu aktivnost Gra\u0111anski odgoj i obrazovanje u osnovnim i srednjim \u0161kolama, koje je o programu govorilo jo\u0161 u rujnu. S\u00e2ma namjera uvo\u0111enja takvih programa je dobra, ali zabrinjava na\u010din na koji gradska uprava odre\u0111uje prioritete u upravljanju sustavom. Jedan va\u017ean program za gra\u0111anski odgoj \u2013 \u0160kola i zajednica polazi od toga da mladi trebaju prepoznati dru\u0161tvene probleme i pojave, a o\u010digledno je da bi to svojim primjerom prva trebala pokazati gradska uprava prepoznavanjem problema i prioriteta u svojem djelokuru, ponajprije u obrazovnom sustavu Grada Zagreba.<\/p>\n<p>Dok se gradona\u010delnik bavi kurikulumom za Gra\u0111anski odgoj, 253 zagreba\u010dkih osnovnih i srednjih \u0161kola, koje poha\u0111a gotovo 96 000 u\u010denika osu\u0111ena je na \u010dekanje da gradska uprava po\u010dne funkcionirati i donositi potrebne odluke za njihov svakodnevni rad.<\/p>\n<p>Zagreba\u010dke osnovne, srednje \u0161kole i vrti\u0107i, svakodnevno se mu\u010de s kontinuiranim radom zbog problema prouzro\u010denih pandemijom bez odgovaraju\u0107e regulatorne kao i materijalne potpore gradske uprave kako bi svojim zaposlenicima osigurala uvjete za neometan i siguran rad jer ona o\u010digledno ima druge prioritete.<\/p>\n<p>Zaposlenici i ravnatelji tih gradskih ustanova svakodnevno improviziraju kako bi osigurali rad obrazovnog i odgojnog sustava u Zagrebu. Stoga, ve\u0107inu ravnatelja i zaposlenika zagreba\u010dkih obrazovnih ustanova treba pohvaliti za izniman trud i snala\u017eljivost u ovakvim uvjetima rada, u kojima su prepu\u0161teni s\u00e2mi sebi.<\/p>\n<p>Shva\u0107amo da uzrok financijskih problema Zagreba izravno utje\u010de na rje\u0161avanje velikog dijela problema i funkcioniranje Gradskog ureda za obrazovanje, ali nam je neshvatljivo nedono\u0161enje izvr\u0161nih odluka gradske uprave koje su nu\u017ene za nesmetan rad odgojno-obrazovnih institucija u Zagrebu.<\/p>\n<p>Jedan od najo\u010ditijih pokazatelja neodgovornosti gradske uprave, kao osniva\u010da zagreba\u010dkih osnovnih i srednjih \u0161kola, jest primjer javnog natje\u010daja za \u010dlanove \u0161kolskih odbora, koji je raspisan jo\u0161 9. kolovoza 2021. godine, a na koji su se javile stotine gra\u0111ana, a koji do danas nije okon\u010dan.<\/p>\n<p>Iako je od po\u010detka natje\u010daja pro\u0161lo ve\u0107 pet mjeseci, a od po\u010detka \u0161kolske godine \u010detiri mjeseca te, s obzirom na to da svi \u0161kolski odbori zagreba\u010dkih \u0161kola do 7. listopada donose kurikulum, program i plan rada za teku\u0107u \u0161kolsku godinu, neimenovanjem \u010dlanova \u0161kolskih odbora od strane grada Zagreba izravno se blokira i utje\u010de na legitimnost rada upravnih tijela zagreba\u010dkih obrazovnih ustanova, za koje je izravno nadle\u017ean s\u00e2m grad kao njihov osniva\u010d.<\/p>\n<p><strong>Zbog ove nove epizode nesposobnosti gradske vlasti, Darko Klasi\u0107 ispred HSLS Grada Zagreba prijavio je u petak 21. sije\u010dnja gradsku upravu prosvjetnoj inspekciji kako bi ju potaknuo da ubrza dono\u0161enje nu\u017enih i transparentnih zakonom propisanih odluka koje \u0107e, nadamo se, rezultirati uspje\u0161nijim vo\u0111enjem zagreba\u010dkih obrazovnih ustanova.<\/strong><\/p>\n<p>Iznimno je va\u017eno da gradska uprava utvrdi prioritete svojeg rada te su neprihvatljivi svaki zastoj i neodlu\u010dnost u pogledu dono\u0161enja odluka.<\/p>\n<p><strong>Zato gradska uprava i gradona\u010delnik Tomislav Toma\u0161evi\u0107 za ovaj \u201eizostanak s nastave\u201c ne mo\u017ee dobiti od HSLS-a ispri\u010dnicu i ocjenu \u201eopravdano\u201c.<\/strong><\/p>\n","protected":false},"excerpt":{"rendered":"<p>Gradona\u010delnik je u petak odr\u017eao sastanak s Povjerenstvom za izvannastavnu aktivnost Gra\u0111anski odgoj i obrazovanje u osnovnim i srednjim \u0161kolama, koje je o programu govorilo jo\u0161 u rujnu. S\u00e2ma namjera&hellip;<\/p>\n","protected":false},"author":1,"featured_media":3493,"comment_status":"closed","ping_status":"open","sticky":false,"template":"","format":"standard","meta":{"_lmt_disableupdate":"","_lmt_disable":"","footnotes":""},"categories":[3],"tags":[],"class_list":["post-3492","post","type-post","status-publish","format-standard","has-post-thumbnail","hentry","category-zagrebacke-vijesti"],"yoast_head":"<!-- This site is optimized with the Yoast SEO plugin v27.5 - https:\/\/yoast.com\/product\/yoast-seo-wordpress\/ -->\n<title>Nova epizoda nesposobnosti gradske vlasti \u2013 HSLS prijavio Gradsku upravu prosvjetnoj inspekciji - HSLS<\/title>\n<meta name=\"robots\" content=\"index, follow, max-snippet:-1, max-image-preview:large, max-video-preview:-1\" \/>\n<link rel=\"canonical\" href=\"https:\/\/hsls.hr\/web\/nova-epizoda-nesposobnosti-gradske-vlasti-hsls-prijavio-gradsku-upravu-prosvjetnoj-inspekciji\/\" \/>\n<meta property=\"og:locale\" content=\"hr_HR\" \/>\n<meta property=\"og:type\" content=\"article\" \/>\n<meta property=\"og:title\" content=\"Nova epizoda nesposobnosti gradske vlasti \u2013 HSLS prijavio Gradsku upravu prosvjetnoj inspekciji - HSLS\" \/>\n<meta property=\"og:description\" content=\"Gradona\u010delnik je u petak odr\u017eao sastanak s Povjerenstvom za izvannastavnu aktivnost Gra\u0111anski odgoj i obrazovanje u osnovnim i srednjim \u0161kolama, koje je o programu govorilo jo\u0161 u rujnu. S\u00e2ma namjera&hellip;\" \/>\n<meta property=\"og:url\" content=\"https:\/\/hsls.hr\/web\/nova-epizoda-nesposobnosti-gradske-vlasti-hsls-prijavio-gradsku-upravu-prosvjetnoj-inspekciji\/\" \/>\n<meta property=\"og:site_name\" content=\"HSLS\" \/>\n<meta property=\"article:published_time\" content=\"2022-01-24T15:49:16+00:00\" \/>\n<meta property=\"article:modified_time\" content=\"2023-06-01T06:29:29+00:00\" \/>\n<meta property=\"og:image\" content=\"https:\/\/hsls.hr\/web\/wp-content\/uploads\/2023\/05\/6987203979_d39ef84755_k-1080x675-2.jpg\" \/>\n\t<meta property=\"og:image:width\" content=\"1080\" \/>\n\t<meta property=\"og:image:height\" content=\"675\" \/>\n\t<meta property=\"og:image:type\" content=\"image\/jpeg\" \/>\n<meta name=\"author\" content=\"HSLS\" \/>\n<meta name=\"twitter:card\" content=\"summary_large_image\" \/>\n<meta name=\"twitter:label1\" content=\"Napisao\/la\" \/>\n\t<meta name=\"twitter:data1\" content=\"HSLS\" \/>\n\t<meta name=\"twitter:label2\" content=\"Procijenjeno vrijeme \u010ditanja\" \/>\n\t<meta name=\"twitter:data2\" content=\"3 minute\" \/>\n<script type=\"application\/ld+json\" class=\"yoast-schema-graph\">{\"@context\":\"https:\\\/\\\/schema.org\",\"@graph\":[{\"@type\":\"Article\",\"@id\":\"https:\\\/\\\/hsls.hr\\\/web\\\/nova-epizoda-nesposobnosti-gradske-vlasti-hsls-prijavio-gradsku-upravu-prosvjetnoj-inspekciji\\\/#article\",\"isPartOf\":{\"@id\":\"https:\\\/\\\/hsls.hr\\\/web\\\/nova-epizoda-nesposobnosti-gradske-vlasti-hsls-prijavio-gradsku-upravu-prosvjetnoj-inspekciji\\\/\"},\"author\":{\"name\":\"HSLS\",\"@id\":\"https:\\\/\\\/hsls.hr\\\/web\\\/#\\\/schema\\\/person\\\/e3f651016d644a22e87c41fd9bc31f7b\"},\"headline\":\"Nova epizoda nesposobnosti gradske vlasti \u2013 HSLS prijavio Gradsku upravu prosvjetnoj inspekciji\",\"datePublished\":\"2022-01-24T15:49:16+00:00\",\"dateModified\":\"2023-06-01T06:29:29+00:00\",\"mainEntityOfPage\":{\"@id\":\"https:\\\/\\\/hsls.hr\\\/web\\\/nova-epizoda-nesposobnosti-gradske-vlasti-hsls-prijavio-gradsku-upravu-prosvjetnoj-inspekciji\\\/\"},\"wordCount\":524,\"image\":{\"@id\":\"https:\\\/\\\/hsls.hr\\\/web\\\/nova-epizoda-nesposobnosti-gradske-vlasti-hsls-prijavio-gradsku-upravu-prosvjetnoj-inspekciji\\\/#primaryimage\"},\"thumbnailUrl\":\"https:\\\/\\\/hsls.hr\\\/web\\\/wp-content\\\/uploads\\\/2023\\\/05\\\/6987203979_d39ef84755_k-1080x675-2.jpg\",\"articleSection\":[\"Zagreb\"],\"inLanguage\":\"hr\"},{\"@type\":\"WebPage\",\"@id\":\"https:\\\/\\\/hsls.hr\\\/web\\\/nova-epizoda-nesposobnosti-gradske-vlasti-hsls-prijavio-gradsku-upravu-prosvjetnoj-inspekciji\\\/\",\"url\":\"https:\\\/\\\/hsls.hr\\\/web\\\/nova-epizoda-nesposobnosti-gradske-vlasti-hsls-prijavio-gradsku-upravu-prosvjetnoj-inspekciji\\\/\",\"name\":\"Nova epizoda nesposobnosti gradske vlasti \u2013 HSLS prijavio Gradsku upravu prosvjetnoj inspekciji - HSLS\",\"isPartOf\":{\"@id\":\"https:\\\/\\\/hsls.hr\\\/web\\\/#website\"},\"primaryImageOfPage\":{\"@id\":\"https:\\\/\\\/hsls.hr\\\/web\\\/nova-epizoda-nesposobnosti-gradske-vlasti-hsls-prijavio-gradsku-upravu-prosvjetnoj-inspekciji\\\/#primaryimage\"},\"image\":{\"@id\":\"https:\\\/\\\/hsls.hr\\\/web\\\/nova-epizoda-nesposobnosti-gradske-vlasti-hsls-prijavio-gradsku-upravu-prosvjetnoj-inspekciji\\\/#primaryimage\"},\"thumbnailUrl\":\"https:\\\/\\\/hsls.hr\\\/web\\\/wp-content\\\/uploads\\\/2023\\\/05\\\/6987203979_d39ef84755_k-1080x675-2.jpg\",\"datePublished\":\"2022-01-24T15:49:16+00:00\",\"dateModified\":\"2023-06-01T06:29:29+00:00\",\"author\":{\"@id\":\"https:\\\/\\\/hsls.hr\\\/web\\\/#\\\/schema\\\/person\\\/e3f651016d644a22e87c41fd9bc31f7b\"},\"breadcrumb\":{\"@id\":\"https:\\\/\\\/hsls.hr\\\/web\\\/nova-epizoda-nesposobnosti-gradske-vlasti-hsls-prijavio-gradsku-upravu-prosvjetnoj-inspekciji\\\/#breadcrumb\"},\"inLanguage\":\"hr\",\"potentialAction\":[{\"@type\":\"ReadAction\",\"target\":[\"https:\\\/\\\/hsls.hr\\\/web\\\/nova-epizoda-nesposobnosti-gradske-vlasti-hsls-prijavio-gradsku-upravu-prosvjetnoj-inspekciji\\\/\"]}]},{\"@type\":\"ImageObject\",\"inLanguage\":\"hr\",\"@id\":\"https:\\\/\\\/hsls.hr\\\/web\\\/nova-epizoda-nesposobnosti-gradske-vlasti-hsls-prijavio-gradsku-upravu-prosvjetnoj-inspekciji\\\/#primaryimage\",\"url\":\"https:\\\/\\\/hsls.hr\\\/web\\\/wp-content\\\/uploads\\\/2023\\\/05\\\/6987203979_d39ef84755_k-1080x675-2.jpg\",\"contentUrl\":\"https:\\\/\\\/hsls.hr\\\/web\\\/wp-content\\\/uploads\\\/2023\\\/05\\\/6987203979_d39ef84755_k-1080x675-2.jpg\",\"width\":1080,\"height\":675},{\"@type\":\"BreadcrumbList\",\"@id\":\"https:\\\/\\\/hsls.hr\\\/web\\\/nova-epizoda-nesposobnosti-gradske-vlasti-hsls-prijavio-gradsku-upravu-prosvjetnoj-inspekciji\\\/#breadcrumb\",\"itemListElement\":[{\"@type\":\"ListItem\",\"position\":1,\"name\":\"Po\u010detna stranica\",\"item\":\"https:\\\/\\\/hsls.hr\\\/web\\\/\"},{\"@type\":\"ListItem\",\"position\":2,\"name\":\"Nova epizoda nesposobnosti gradske vlasti \u2013 HSLS prijavio Gradsku upravu prosvjetnoj inspekciji\"}]},{\"@type\":\"WebSite\",\"@id\":\"https:\\\/\\\/hsls.hr\\\/web\\\/#website\",\"url\":\"https:\\\/\\\/hsls.hr\\\/web\\\/\",\"name\":\"HSLS\",\"description\":\"Hrvatska socijalno-liberalna stranka\",\"potentialAction\":[{\"@type\":\"SearchAction\",\"target\":{\"@type\":\"EntryPoint\",\"urlTemplate\":\"https:\\\/\\\/hsls.hr\\\/web\\\/?s={search_term_string}\"},\"query-input\":{\"@type\":\"PropertyValueSpecification\",\"valueRequired\":true,\"valueName\":\"search_term_string\"}}],\"inLanguage\":\"hr\"},{\"@type\":\"Person\",\"@id\":\"https:\\\/\\\/hsls.hr\\\/web\\\/#\\\/schema\\\/person\\\/e3f651016d644a22e87c41fd9bc31f7b\",\"name\":\"HSLS\",\"image\":{\"@type\":\"ImageObject\",\"inLanguage\":\"hr\",\"@id\":\"https:\\\/\\\/secure.gravatar.com\\\/avatar\\\/1f45d97b500c25de1ecef91e0eaa08ca0ada41c344c17876869f452108429fb9?s=96&d=mm&r=g\",\"url\":\"https:\\\/\\\/secure.gravatar.com\\\/avatar\\\/1f45d97b500c25de1ecef91e0eaa08ca0ada41c344c17876869f452108429fb9?s=96&d=mm&r=g\",\"contentUrl\":\"https:\\\/\\\/secure.gravatar.com\\\/avatar\\\/1f45d97b500c25de1ecef91e0eaa08ca0ada41c344c17876869f452108429fb9?s=96&d=mm&r=g\",\"caption\":\"HSLS\"},\"sameAs\":[\"https:\\\/\\\/hsls.hr\\\/web\"],\"url\":\"https:\\\/\\\/hsls.hr\\\/web\\\/author\\\/hsadminls\\\/\"}]}<\/script>\n<!-- \/ Yoast SEO plugin. -->","yoast_head_json":{"title":"Nova epizoda nesposobnosti gradske vlasti \u2013 HSLS prijavio Gradsku upravu prosvjetnoj inspekciji - HSLS","robots":{"index":"index","follow":"follow","max-snippet":"max-snippet:-1","max-image-preview":"max-image-preview:large","max-video-preview":"max-video-preview:-1"},"canonical":"https:\/\/hsls.hr\/web\/nova-epizoda-nesposobnosti-gradske-vlasti-hsls-prijavio-gradsku-upravu-prosvjetnoj-inspekciji\/","og_locale":"hr_HR","og_type":"article","og_title":"Nova epizoda nesposobnosti gradske vlasti \u2013 HSLS prijavio Gradsku upravu prosvjetnoj inspekciji - HSLS","og_description":"Gradona\u010delnik je u petak odr\u017eao sastanak s Povjerenstvom za izvannastavnu aktivnost Gra\u0111anski odgoj i obrazovanje u osnovnim i srednjim \u0161kolama, koje je o programu govorilo jo\u0161 u rujnu. S\u00e2ma namjera&hellip;","og_url":"https:\/\/hsls.hr\/web\/nova-epizoda-nesposobnosti-gradske-vlasti-hsls-prijavio-gradsku-upravu-prosvjetnoj-inspekciji\/","og_site_name":"HSLS","article_published_time":"2022-01-24T15:49:16+00:00","article_modified_time":"2023-06-01T06:29:29+00:00","og_image":[{"width":1080,"height":675,"url":"https:\/\/hsls.hr\/web\/wp-content\/uploads\/2023\/05\/6987203979_d39ef84755_k-1080x675-2.jpg","type":"image\/jpeg"}],"author":"HSLS","twitter_card":"summary_large_image","twitter_misc":{"Napisao\/la":"HSLS","Procijenjeno vrijeme \u010ditanja":"3 minute"},"schema":{"@context":"https:\/\/schema.org","@graph":[{"@type":"Article","@id":"https:\/\/hsls.hr\/web\/nova-epizoda-nesposobnosti-gradske-vlasti-hsls-prijavio-gradsku-upravu-prosvjetnoj-inspekciji\/#article","isPartOf":{"@id":"https:\/\/hsls.hr\/web\/nova-epizoda-nesposobnosti-gradske-vlasti-hsls-prijavio-gradsku-upravu-prosvjetnoj-inspekciji\/"},"author":{"name":"HSLS","@id":"https:\/\/hsls.hr\/web\/#\/schema\/person\/e3f651016d644a22e87c41fd9bc31f7b"},"headline":"Nova epizoda nesposobnosti gradske vlasti \u2013 HSLS prijavio Gradsku upravu prosvjetnoj inspekciji","datePublished":"2022-01-24T15:49:16+00:00","dateModified":"2023-06-01T06:29:29+00:00","mainEntityOfPage":{"@id":"https:\/\/hsls.hr\/web\/nova-epizoda-nesposobnosti-gradske-vlasti-hsls-prijavio-gradsku-upravu-prosvjetnoj-inspekciji\/"},"wordCount":524,"image":{"@id":"https:\/\/hsls.hr\/web\/nova-epizoda-nesposobnosti-gradske-vlasti-hsls-prijavio-gradsku-upravu-prosvjetnoj-inspekciji\/#primaryimage"},"thumbnailUrl":"https:\/\/hsls.hr\/web\/wp-content\/uploads\/2023\/05\/6987203979_d39ef84755_k-1080x675-2.jpg","articleSection":["Zagreb"],"inLanguage":"hr"},{"@type":"WebPage","@id":"https:\/\/hsls.hr\/web\/nova-epizoda-nesposobnosti-gradske-vlasti-hsls-prijavio-gradsku-upravu-prosvjetnoj-inspekciji\/","url":"https:\/\/hsls.hr\/web\/nova-epizoda-nesposobnosti-gradske-vlasti-hsls-prijavio-gradsku-upravu-prosvjetnoj-inspekciji\/","name":"Nova epizoda nesposobnosti gradske vlasti \u2013 HSLS prijavio Gradsku upravu prosvjetnoj inspekciji - HSLS","isPartOf":{"@id":"https:\/\/hsls.hr\/web\/#website"},"primaryImageOfPage":{"@id":"https:\/\/hsls.hr\/web\/nova-epizoda-nesposobnosti-gradske-vlasti-hsls-prijavio-gradsku-upravu-prosvjetnoj-inspekciji\/#primaryimage"},"image":{"@id":"https:\/\/hsls.hr\/web\/nova-epizoda-nesposobnosti-gradske-vlasti-hsls-prijavio-gradsku-upravu-prosvjetnoj-inspekciji\/#primaryimage"},"thumbnailUrl":"https:\/\/hsls.hr\/web\/wp-content\/uploads\/2023\/05\/6987203979_d39ef84755_k-1080x675-2.jpg","datePublished":"2022-01-24T15:49:16+00:00","dateModified":"2023-06-01T06:29:29+00:00","author":{"@id":"https:\/\/hsls.hr\/web\/#\/schema\/person\/e3f651016d644a22e87c41fd9bc31f7b"},"breadcrumb":{"@id":"https:\/\/hsls.hr\/web\/nova-epizoda-nesposobnosti-gradske-vlasti-hsls-prijavio-gradsku-upravu-prosvjetnoj-inspekciji\/#breadcrumb"},"inLanguage":"hr","potentialAction":[{"@type":"ReadAction","target":["https:\/\/hsls.hr\/web\/nova-epizoda-nesposobnosti-gradske-vlasti-hsls-prijavio-gradsku-upravu-prosvjetnoj-inspekciji\/"]}]},{"@type":"ImageObject","inLanguage":"hr","@id":"https:\/\/hsls.hr\/web\/nova-epizoda-nesposobnosti-gradske-vlasti-hsls-prijavio-gradsku-upravu-prosvjetnoj-inspekciji\/#primaryimage","url":"https:\/\/hsls.hr\/web\/wp-content\/uploads\/2023\/05\/6987203979_d39ef84755_k-1080x675-2.jpg","contentUrl":"https:\/\/hsls.hr\/web\/wp-content\/uploads\/2023\/05\/6987203979_d39ef84755_k-1080x675-2.jpg","width":1080,"height":675},{"@type":"BreadcrumbList","@id":"https:\/\/hsls.hr\/web\/nova-epizoda-nesposobnosti-gradske-vlasti-hsls-prijavio-gradsku-upravu-prosvjetnoj-inspekciji\/#breadcrumb","itemListElement":[{"@type":"ListItem","position":1,"name":"Po\u010detna stranica","item":"https:\/\/hsls.hr\/web\/"},{"@type":"ListItem","position":2,"name":"Nova epizoda nesposobnosti gradske vlasti \u2013 HSLS prijavio Gradsku upravu prosvjetnoj inspekciji"}]},{"@type":"WebSite","@id":"https:\/\/hsls.hr\/web\/#website","url":"https:\/\/hsls.hr\/web\/","name":"HSLS","description":"Hrvatska socijalno-liberalna stranka","potentialAction":[{"@type":"SearchAction","target":{"@type":"EntryPoint","urlTemplate":"https:\/\/hsls.hr\/web\/?s={search_term_string}"},"query-input":{"@type":"PropertyValueSpecification","valueRequired":true,"valueName":"search_term_string"}}],"inLanguage":"hr"},{"@type":"Person","@id":"https:\/\/hsls.hr\/web\/#\/schema\/person\/e3f651016d644a22e87c41fd9bc31f7b","name":"HSLS","image":{"@type":"ImageObject","inLanguage":"hr","@id":"https:\/\/secure.gravatar.com\/avatar\/1f45d97b500c25de1ecef91e0eaa08ca0ada41c344c17876869f452108429fb9?s=96&d=mm&r=g","url":"https:\/\/secure.gravatar.com\/avatar\/1f45d97b500c25de1ecef91e0eaa08ca0ada41c344c17876869f452108429fb9?s=96&d=mm&r=g","contentUrl":"https:\/\/secure.gravatar.com\/avatar\/1f45d97b500c25de1ecef91e0eaa08ca0ada41c344c17876869f452108429fb9?s=96&d=mm&r=g","caption":"HSLS"},"sameAs":["https:\/\/hsls.hr\/web"],"url":"https:\/\/hsls.hr\/web\/author\/hsadminls\/"}]}},"_links":{"self":[{"href":"https:\/\/hsls.hr\/web\/wp-json\/wp\/v2\/posts\/3492","targetHints":{"allow":["GET"]}}],"collection":[{"href":"https:\/\/hsls.hr\/web\/wp-json\/wp\/v2\/posts"}],"about":[{"href":"https:\/\/hsls.hr\/web\/wp-json\/wp\/v2\/types\/post"}],"author":[{"embeddable":true,"href":"https:\/\/hsls.hr\/web\/wp-json\/wp\/v2\/users\/1"}],"replies":[{"embeddable":true,"href":"https:\/\/hsls.hr\/web\/wp-json\/wp\/v2\/comments?post=3492"}],"version-history":[{"count":2,"href":"https:\/\/hsls.hr\/web\/wp-json\/wp\/v2\/posts\/3492\/revisions"}],"predecessor-version":[{"id":3648,"href":"https:\/\/hsls.hr\/web\/wp-json\/wp\/v2\/posts\/3492\/revisions\/3648"}],"wp:featuredmedia":[{"embeddable":true,"href":"https:\/\/hsls.hr\/web\/wp-json\/wp\/v2\/media\/3493"}],"wp:attachment":[{"href":"https:\/\/hsls.hr\/web\/wp-json\/wp\/v2\/media?parent=3492"}],"wp:term":[{"taxonomy":"category","embeddable":true,"href":"https:\/\/hsls.hr\/web\/wp-json\/wp\/v2\/categories?post=3492"},{"taxonomy":"post_tag","embeddable":true,"href":"https:\/\/hsls.hr\/web\/wp-json\/wp\/v2\/tags?post=3492"}],"curies":[{"name":"wp","href":"https:\/\/api.w.org\/{rel}","templated":true}]}}