{"id":3322,"date":"2022-05-14T15:48:50","date_gmt":"2022-05-14T15:48:50","guid":{"rendered":"https:\/\/hsls.hr\/web\/zastupnici-hsls-podrzali-obiljezavanje-1-hrvatskog-dana-secerne-bolesti\/"},"modified":"2023-06-01T06:02:21","modified_gmt":"2023-06-01T06:02:21","slug":"zastupnici-hsls-podrzali-obiljezavanje-1-hrvatskog-dana-secerne-bolesti","status":"publish","type":"post","link":"https:\/\/hsls.hr\/web\/zastupnici-hsls-podrzali-obiljezavanje-1-hrvatskog-dana-secerne-bolesti\/","title":{"rendered":"Zastupnici HSLS podr\u017eali obilje\u017eavanje 1. Hrvatskog dana \u0161e\u0107erne bolesti"},"content":{"rendered":"<p>Hrvatskog saveza dijabeti\u010dki udruga je u zagreba\u010dkom parku Bundek u sklopu Javnozdravstvene i edukativne kampanje Pokreni se! obilje\u017eio Hrvatski dan \u0161e\u0107erne bolesti. Ovome doga\u0111aju koji se po prvi puta obilje\u017eava u Hrvatskoj pridru\u017eili su se na\u0161i zastupnici Darko Klasi\u0107 i Kristijan Jeli\u0107 kao i na\u0161a \u010dlanica dr. Vera Katalini\u0107 Jankovi\u0107 kao izalsnica ministra te time dali i podr\u0161ku svim naporima i aktivnostima koje provodi Hrvatski savez dijabeti\u010dkih udruga kao i svim oboljelima od \u0161e\u0107erne bolesti u Hrvatskoj.<\/p>\n","protected":false},"excerpt":{"rendered":"<p>Hrvatskog saveza dijabeti\u010dki udruga je u zagreba\u010dkom parku Bundek u sklopu Javnozdravstvene i edukativne kampanje Pokreni se! obilje\u017eio Hrvatski dan \u0161e\u0107erne bolesti. Ovome doga\u0111aju koji se po prvi puta obilje\u017eava&hellip;<\/p>\n","protected":false},"author":1,"featured_media":3323,"comment_status":"closed","ping_status":"open","sticky":false,"template":"","format":"standard","meta":{"_lmt_disableupdate":"","_lmt_disable":"","footnotes":""},"categories":[1],"tags":[],"class_list":["post-3322","post","type-post","status-publish","format-standard","has-post-thumbnail","hentry","category-nacionalne-vijesti"],"yoast_head":"<!-- This site is optimized with the Yoast SEO plugin v27.5 - https:\/\/yoast.com\/product\/yoast-seo-wordpress\/ -->\n<title>Zastupnici HSLS podr\u017eali obilje\u017eavanje 1. Hrvatskog dana \u0161e\u0107erne bolesti - HSLS<\/title>\n<meta name=\"robots\" content=\"index, follow, max-snippet:-1, max-image-preview:large, max-video-preview:-1\" \/>\n<link rel=\"canonical\" href=\"https:\/\/hsls.hr\/web\/zastupnici-hsls-podrzali-obiljezavanje-1-hrvatskog-dana-secerne-bolesti\/\" \/>\n<meta property=\"og:locale\" content=\"hr_HR\" \/>\n<meta property=\"og:type\" content=\"article\" \/>\n<meta property=\"og:title\" content=\"Zastupnici HSLS podr\u017eali obilje\u017eavanje 1. Hrvatskog dana \u0161e\u0107erne bolesti - HSLS\" \/>\n<meta property=\"og:description\" content=\"Hrvatskog saveza dijabeti\u010dki udruga je u zagreba\u010dkom parku Bundek u sklopu Javnozdravstvene i edukativne kampanje Pokreni se! obilje\u017eio Hrvatski dan \u0161e\u0107erne bolesti. Ovome doga\u0111aju koji se po prvi puta obilje\u017eava&hellip;\" \/>\n<meta property=\"og:url\" content=\"https:\/\/hsls.hr\/web\/zastupnici-hsls-podrzali-obiljezavanje-1-hrvatskog-dana-secerne-bolesti\/\" \/>\n<meta property=\"og:site_name\" content=\"HSLS\" \/>\n<meta property=\"article:published_time\" content=\"2022-05-14T15:48:50+00:00\" \/>\n<meta property=\"article:modified_time\" content=\"2023-06-01T06:02:21+00:00\" \/>\n<meta property=\"og:image\" content=\"https:\/\/hsls.hr\/web\/wp-content\/uploads\/2023\/05\/20220514_110244-1080x675-1.jpg\" \/>\n\t<meta property=\"og:image:width\" content=\"1080\" \/>\n\t<meta property=\"og:image:height\" content=\"675\" \/>\n\t<meta property=\"og:image:type\" content=\"image\/jpeg\" \/>\n<meta name=\"author\" content=\"HSLS\" \/>\n<meta name=\"twitter:card\" content=\"summary_large_image\" \/>\n<meta name=\"twitter:label1\" content=\"Napisao\/la\" \/>\n\t<meta name=\"twitter:data1\" content=\"HSLS\" \/>\n<script type=\"application\/ld+json\" class=\"yoast-schema-graph\">{\"@context\":\"https:\\\/\\\/schema.org\",\"@graph\":[{\"@type\":\"Article\",\"@id\":\"https:\\\/\\\/hsls.hr\\\/web\\\/zastupnici-hsls-podrzali-obiljezavanje-1-hrvatskog-dana-secerne-bolesti\\\/#article\",\"isPartOf\":{\"@id\":\"https:\\\/\\\/hsls.hr\\\/web\\\/zastupnici-hsls-podrzali-obiljezavanje-1-hrvatskog-dana-secerne-bolesti\\\/\"},\"author\":{\"name\":\"HSLS\",\"@id\":\"https:\\\/\\\/hsls.hr\\\/web\\\/#\\\/schema\\\/person\\\/e3f651016d644a22e87c41fd9bc31f7b\"},\"headline\":\"Zastupnici HSLS podr\u017eali obilje\u017eavanje 1. Hrvatskog dana \u0161e\u0107erne bolesti\",\"datePublished\":\"2022-05-14T15:48:50+00:00\",\"dateModified\":\"2023-06-01T06:02:21+00:00\",\"mainEntityOfPage\":{\"@id\":\"https:\\\/\\\/hsls.hr\\\/web\\\/zastupnici-hsls-podrzali-obiljezavanje-1-hrvatskog-dana-secerne-bolesti\\\/\"},\"wordCount\":100,\"image\":{\"@id\":\"https:\\\/\\\/hsls.hr\\\/web\\\/zastupnici-hsls-podrzali-obiljezavanje-1-hrvatskog-dana-secerne-bolesti\\\/#primaryimage\"},\"thumbnailUrl\":\"https:\\\/\\\/hsls.hr\\\/web\\\/wp-content\\\/uploads\\\/2023\\\/05\\\/20220514_110244-1080x675-1.jpg\",\"articleSection\":[\"Nacionalno\"],\"inLanguage\":\"hr\"},{\"@type\":\"WebPage\",\"@id\":\"https:\\\/\\\/hsls.hr\\\/web\\\/zastupnici-hsls-podrzali-obiljezavanje-1-hrvatskog-dana-secerne-bolesti\\\/\",\"url\":\"https:\\\/\\\/hsls.hr\\\/web\\\/zastupnici-hsls-podrzali-obiljezavanje-1-hrvatskog-dana-secerne-bolesti\\\/\",\"name\":\"Zastupnici HSLS podr\u017eali obilje\u017eavanje 1. Hrvatskog dana \u0161e\u0107erne bolesti - HSLS\",\"isPartOf\":{\"@id\":\"https:\\\/\\\/hsls.hr\\\/web\\\/#website\"},\"primaryImageOfPage\":{\"@id\":\"https:\\\/\\\/hsls.hr\\\/web\\\/zastupnici-hsls-podrzali-obiljezavanje-1-hrvatskog-dana-secerne-bolesti\\\/#primaryimage\"},\"image\":{\"@id\":\"https:\\\/\\\/hsls.hr\\\/web\\\/zastupnici-hsls-podrzali-obiljezavanje-1-hrvatskog-dana-secerne-bolesti\\\/#primaryimage\"},\"thumbnailUrl\":\"https:\\\/\\\/hsls.hr\\\/web\\\/wp-content\\\/uploads\\\/2023\\\/05\\\/20220514_110244-1080x675-1.jpg\",\"datePublished\":\"2022-05-14T15:48:50+00:00\",\"dateModified\":\"2023-06-01T06:02:21+00:00\",\"author\":{\"@id\":\"https:\\\/\\\/hsls.hr\\\/web\\\/#\\\/schema\\\/person\\\/e3f651016d644a22e87c41fd9bc31f7b\"},\"breadcrumb\":{\"@id\":\"https:\\\/\\\/hsls.hr\\\/web\\\/zastupnici-hsls-podrzali-obiljezavanje-1-hrvatskog-dana-secerne-bolesti\\\/#breadcrumb\"},\"inLanguage\":\"hr\",\"potentialAction\":[{\"@type\":\"ReadAction\",\"target\":[\"https:\\\/\\\/hsls.hr\\\/web\\\/zastupnici-hsls-podrzali-obiljezavanje-1-hrvatskog-dana-secerne-bolesti\\\/\"]}]},{\"@type\":\"ImageObject\",\"inLanguage\":\"hr\",\"@id\":\"https:\\\/\\\/hsls.hr\\\/web\\\/zastupnici-hsls-podrzali-obiljezavanje-1-hrvatskog-dana-secerne-bolesti\\\/#primaryimage\",\"url\":\"https:\\\/\\\/hsls.hr\\\/web\\\/wp-content\\\/uploads\\\/2023\\\/05\\\/20220514_110244-1080x675-1.jpg\",\"contentUrl\":\"https:\\\/\\\/hsls.hr\\\/web\\\/wp-content\\\/uploads\\\/2023\\\/05\\\/20220514_110244-1080x675-1.jpg\",\"width\":1080,\"height\":675},{\"@type\":\"BreadcrumbList\",\"@id\":\"https:\\\/\\\/hsls.hr\\\/web\\\/zastupnici-hsls-podrzali-obiljezavanje-1-hrvatskog-dana-secerne-bolesti\\\/#breadcrumb\",\"itemListElement\":[{\"@type\":\"ListItem\",\"position\":1,\"name\":\"Po\u010detna stranica\",\"item\":\"https:\\\/\\\/hsls.hr\\\/web\\\/\"},{\"@type\":\"ListItem\",\"position\":2,\"name\":\"Zastupnici HSLS podr\u017eali obilje\u017eavanje 1. Hrvatskog dana \u0161e\u0107erne bolesti\"}]},{\"@type\":\"WebSite\",\"@id\":\"https:\\\/\\\/hsls.hr\\\/web\\\/#website\",\"url\":\"https:\\\/\\\/hsls.hr\\\/web\\\/\",\"name\":\"HSLS\",\"description\":\"Hrvatska socijalno-liberalna stranka\",\"potentialAction\":[{\"@type\":\"SearchAction\",\"target\":{\"@type\":\"EntryPoint\",\"urlTemplate\":\"https:\\\/\\\/hsls.hr\\\/web\\\/?s={search_term_string}\"},\"query-input\":{\"@type\":\"PropertyValueSpecification\",\"valueRequired\":true,\"valueName\":\"search_term_string\"}}],\"inLanguage\":\"hr\"},{\"@type\":\"Person\",\"@id\":\"https:\\\/\\\/hsls.hr\\\/web\\\/#\\\/schema\\\/person\\\/e3f651016d644a22e87c41fd9bc31f7b\",\"name\":\"HSLS\",\"image\":{\"@type\":\"ImageObject\",\"inLanguage\":\"hr\",\"@id\":\"https:\\\/\\\/secure.gravatar.com\\\/avatar\\\/1f45d97b500c25de1ecef91e0eaa08ca0ada41c344c17876869f452108429fb9?s=96&d=mm&r=g\",\"url\":\"https:\\\/\\\/secure.gravatar.com\\\/avatar\\\/1f45d97b500c25de1ecef91e0eaa08ca0ada41c344c17876869f452108429fb9?s=96&d=mm&r=g\",\"contentUrl\":\"https:\\\/\\\/secure.gravatar.com\\\/avatar\\\/1f45d97b500c25de1ecef91e0eaa08ca0ada41c344c17876869f452108429fb9?s=96&d=mm&r=g\",\"caption\":\"HSLS\"},\"sameAs\":[\"https:\\\/\\\/hsls.hr\\\/web\"],\"url\":\"https:\\\/\\\/hsls.hr\\\/web\\\/author\\\/hsadminls\\\/\"}]}<\/script>\n<!-- \/ Yoast SEO plugin. -->","yoast_head_json":{"title":"Zastupnici HSLS podr\u017eali obilje\u017eavanje 1. Hrvatskog dana \u0161e\u0107erne bolesti - HSLS","robots":{"index":"index","follow":"follow","max-snippet":"max-snippet:-1","max-image-preview":"max-image-preview:large","max-video-preview":"max-video-preview:-1"},"canonical":"https:\/\/hsls.hr\/web\/zastupnici-hsls-podrzali-obiljezavanje-1-hrvatskog-dana-secerne-bolesti\/","og_locale":"hr_HR","og_type":"article","og_title":"Zastupnici HSLS podr\u017eali obilje\u017eavanje 1. Hrvatskog dana \u0161e\u0107erne bolesti - HSLS","og_description":"Hrvatskog saveza dijabeti\u010dki udruga je u zagreba\u010dkom parku Bundek u sklopu Javnozdravstvene i edukativne kampanje Pokreni se! obilje\u017eio Hrvatski dan \u0161e\u0107erne bolesti. Ovome doga\u0111aju koji se po prvi puta obilje\u017eava&hellip;","og_url":"https:\/\/hsls.hr\/web\/zastupnici-hsls-podrzali-obiljezavanje-1-hrvatskog-dana-secerne-bolesti\/","og_site_name":"HSLS","article_published_time":"2022-05-14T15:48:50+00:00","article_modified_time":"2023-06-01T06:02:21+00:00","og_image":[{"width":1080,"height":675,"url":"https:\/\/hsls.hr\/web\/wp-content\/uploads\/2023\/05\/20220514_110244-1080x675-1.jpg","type":"image\/jpeg"}],"author":"HSLS","twitter_card":"summary_large_image","twitter_misc":{"Napisao\/la":"HSLS"},"schema":{"@context":"https:\/\/schema.org","@graph":[{"@type":"Article","@id":"https:\/\/hsls.hr\/web\/zastupnici-hsls-podrzali-obiljezavanje-1-hrvatskog-dana-secerne-bolesti\/#article","isPartOf":{"@id":"https:\/\/hsls.hr\/web\/zastupnici-hsls-podrzali-obiljezavanje-1-hrvatskog-dana-secerne-bolesti\/"},"author":{"name":"HSLS","@id":"https:\/\/hsls.hr\/web\/#\/schema\/person\/e3f651016d644a22e87c41fd9bc31f7b"},"headline":"Zastupnici HSLS podr\u017eali obilje\u017eavanje 1. Hrvatskog dana \u0161e\u0107erne bolesti","datePublished":"2022-05-14T15:48:50+00:00","dateModified":"2023-06-01T06:02:21+00:00","mainEntityOfPage":{"@id":"https:\/\/hsls.hr\/web\/zastupnici-hsls-podrzali-obiljezavanje-1-hrvatskog-dana-secerne-bolesti\/"},"wordCount":100,"image":{"@id":"https:\/\/hsls.hr\/web\/zastupnici-hsls-podrzali-obiljezavanje-1-hrvatskog-dana-secerne-bolesti\/#primaryimage"},"thumbnailUrl":"https:\/\/hsls.hr\/web\/wp-content\/uploads\/2023\/05\/20220514_110244-1080x675-1.jpg","articleSection":["Nacionalno"],"inLanguage":"hr"},{"@type":"WebPage","@id":"https:\/\/hsls.hr\/web\/zastupnici-hsls-podrzali-obiljezavanje-1-hrvatskog-dana-secerne-bolesti\/","url":"https:\/\/hsls.hr\/web\/zastupnici-hsls-podrzali-obiljezavanje-1-hrvatskog-dana-secerne-bolesti\/","name":"Zastupnici HSLS podr\u017eali obilje\u017eavanje 1. Hrvatskog dana \u0161e\u0107erne bolesti - HSLS","isPartOf":{"@id":"https:\/\/hsls.hr\/web\/#website"},"primaryImageOfPage":{"@id":"https:\/\/hsls.hr\/web\/zastupnici-hsls-podrzali-obiljezavanje-1-hrvatskog-dana-secerne-bolesti\/#primaryimage"},"image":{"@id":"https:\/\/hsls.hr\/web\/zastupnici-hsls-podrzali-obiljezavanje-1-hrvatskog-dana-secerne-bolesti\/#primaryimage"},"thumbnailUrl":"https:\/\/hsls.hr\/web\/wp-content\/uploads\/2023\/05\/20220514_110244-1080x675-1.jpg","datePublished":"2022-05-14T15:48:50+00:00","dateModified":"2023-06-01T06:02:21+00:00","author":{"@id":"https:\/\/hsls.hr\/web\/#\/schema\/person\/e3f651016d644a22e87c41fd9bc31f7b"},"breadcrumb":{"@id":"https:\/\/hsls.hr\/web\/zastupnici-hsls-podrzali-obiljezavanje-1-hrvatskog-dana-secerne-bolesti\/#breadcrumb"},"inLanguage":"hr","potentialAction":[{"@type":"ReadAction","target":["https:\/\/hsls.hr\/web\/zastupnici-hsls-podrzali-obiljezavanje-1-hrvatskog-dana-secerne-bolesti\/"]}]},{"@type":"ImageObject","inLanguage":"hr","@id":"https:\/\/hsls.hr\/web\/zastupnici-hsls-podrzali-obiljezavanje-1-hrvatskog-dana-secerne-bolesti\/#primaryimage","url":"https:\/\/hsls.hr\/web\/wp-content\/uploads\/2023\/05\/20220514_110244-1080x675-1.jpg","contentUrl":"https:\/\/hsls.hr\/web\/wp-content\/uploads\/2023\/05\/20220514_110244-1080x675-1.jpg","width":1080,"height":675},{"@type":"BreadcrumbList","@id":"https:\/\/hsls.hr\/web\/zastupnici-hsls-podrzali-obiljezavanje-1-hrvatskog-dana-secerne-bolesti\/#breadcrumb","itemListElement":[{"@type":"ListItem","position":1,"name":"Po\u010detna stranica","item":"https:\/\/hsls.hr\/web\/"},{"@type":"ListItem","position":2,"name":"Zastupnici HSLS podr\u017eali obilje\u017eavanje 1. Hrvatskog dana \u0161e\u0107erne bolesti"}]},{"@type":"WebSite","@id":"https:\/\/hsls.hr\/web\/#website","url":"https:\/\/hsls.hr\/web\/","name":"HSLS","description":"Hrvatska socijalno-liberalna stranka","potentialAction":[{"@type":"SearchAction","target":{"@type":"EntryPoint","urlTemplate":"https:\/\/hsls.hr\/web\/?s={search_term_string}"},"query-input":{"@type":"PropertyValueSpecification","valueRequired":true,"valueName":"search_term_string"}}],"inLanguage":"hr"},{"@type":"Person","@id":"https:\/\/hsls.hr\/web\/#\/schema\/person\/e3f651016d644a22e87c41fd9bc31f7b","name":"HSLS","image":{"@type":"ImageObject","inLanguage":"hr","@id":"https:\/\/secure.gravatar.com\/avatar\/1f45d97b500c25de1ecef91e0eaa08ca0ada41c344c17876869f452108429fb9?s=96&d=mm&r=g","url":"https:\/\/secure.gravatar.com\/avatar\/1f45d97b500c25de1ecef91e0eaa08ca0ada41c344c17876869f452108429fb9?s=96&d=mm&r=g","contentUrl":"https:\/\/secure.gravatar.com\/avatar\/1f45d97b500c25de1ecef91e0eaa08ca0ada41c344c17876869f452108429fb9?s=96&d=mm&r=g","caption":"HSLS"},"sameAs":["https:\/\/hsls.hr\/web"],"url":"https:\/\/hsls.hr\/web\/author\/hsadminls\/"}]}},"_links":{"self":[{"href":"https:\/\/hsls.hr\/web\/wp-json\/wp\/v2\/posts\/3322","targetHints":{"allow":["GET"]}}],"collection":[{"href":"https:\/\/hsls.hr\/web\/wp-json\/wp\/v2\/posts"}],"about":[{"href":"https:\/\/hsls.hr\/web\/wp-json\/wp\/v2\/types\/post"}],"author":[{"embeddable":true,"href":"https:\/\/hsls.hr\/web\/wp-json\/wp\/v2\/users\/1"}],"replies":[{"embeddable":true,"href":"https:\/\/hsls.hr\/web\/wp-json\/wp\/v2\/comments?post=3322"}],"version-history":[{"count":3,"href":"https:\/\/hsls.hr\/web\/wp-json\/wp\/v2\/posts\/3322\/revisions"}],"predecessor-version":[{"id":3623,"href":"https:\/\/hsls.hr\/web\/wp-json\/wp\/v2\/posts\/3322\/revisions\/3623"}],"wp:featuredmedia":[{"embeddable":true,"href":"https:\/\/hsls.hr\/web\/wp-json\/wp\/v2\/media\/3323"}],"wp:attachment":[{"href":"https:\/\/hsls.hr\/web\/wp-json\/wp\/v2\/media?parent=3322"}],"wp:term":[{"taxonomy":"category","embeddable":true,"href":"https:\/\/hsls.hr\/web\/wp-json\/wp\/v2\/categories?post=3322"},{"taxonomy":"post_tag","embeddable":true,"href":"https:\/\/hsls.hr\/web\/wp-json\/wp\/v2\/tags?post=3322"}],"curies":[{"name":"wp","href":"https:\/\/api.w.org\/{rel}","templated":true}]}}