{"id":3237,"date":"2022-07-06T20:45:48","date_gmt":"2022-07-06T20:45:48","guid":{"rendered":"https:\/\/hsls.hr\/web\/gradonacelnice-zagrepcanke-i-zagrepcani-imaju-prioritet-prvo-rjesavanje-prikljucaka-za-vodu-i-kanalizaciju-nasih-sugradanki-i-sugradana-u-2022-a-tek-potom-parkovi-mrtva-priroda-i-vasi-ideoloski-u\/"},"modified":"2023-06-01T05:28:46","modified_gmt":"2023-06-01T05:28:46","slug":"prvo-rjesavanje-prikljucaka-za-vodu-i-kanalizaciju-nasih-sugradanki-i-sugradana-u-2022-a-tek-potom-parkovi-mrtva-priroda-i-ideoloski-ukrasi","status":"publish","type":"post","link":"https:\/\/hsls.hr\/web\/prvo-rjesavanje-prikljucaka-za-vodu-i-kanalizaciju-nasih-sugradanki-i-sugradana-u-2022-a-tek-potom-parkovi-mrtva-priroda-i-ideoloski-ukrasi\/","title":{"rendered":"Prvo rje\u0161avanje priklju\u010daka za vodu i kanalizaciju na\u0161ih sugra\u0111anki i sugra\u0111ana u 2022., a tek potom parkovi, mrtva priroda i ideolo\u0161ki ukrasi!"},"content":{"rendered":"<p>Plan malih komunalnih akcija za 2022. godinu temelji se uglavnom na predizbornim obe\u0107anjima stranke Mo\u017eemo, \u0161to je, dakako, legitimno, ali naprotiv nije i to da pritom gradska uprava odre\u0111uje prioritete upravljanja sustavom ne uzimaju\u0107i racionalno u obzir potrebe gra\u0111ana, nego je usmjerena na provo\u0111enje svojih ideolo\u0161kih politika. Kao jedan od primjera navodimo Plan komunalnih akcija za 2022. godinu G\u010c \u010crnomerec, iz kojeg su jasno vidljivi takav na\u010din upravljanja gradom i postoje\u0107i prioriteti. Naime, HSLS Grada Zagreba smatra neprihvatljivim da se u planom malih komunalnih akcija u gradskoj \u010detvrti u kojoj vi\u0161e od 7 000 gra\u0111ana nema priklju\u010dak na vodovod i odvodnju za njihovo ure\u0111enja planira ukupno 608 000 kn, dok se za ure\u0111enje zelenih povr\u0161ina i parkova (sadnja stabala, klamerice za bicikle, postavljanje klupica) planira 1 400 000 kn. Iako pozdravljamo ure\u0111enje zelenih povr\u0161ina, smatramo da ure\u0111enje osnovne komunalne infrastrukture treba biti prioritet, a tek nakon toga sve ostale male komunalne akcije, kojima se unapre\u0111uje kvaliteta urbane kulture.<\/p>\n<p>Nazo\u010dna predstavnica stanara ulice Grmo\u0161\u010dak navela je primjer izostavljanja ure\u0111enja kanalizacije, unato\u010d prethodnim obe\u0107anjima mjesne samouprave, zbog cijene izgradnje crpne stanice, kao i mjese\u010dne dodatne tro\u0161kove i probleme koji stanari ulice imaju iako redovito u punom iznosu pla\u0107aju komunalni priklju\u010dak.<\/p>\n<p>Na dnevnom redu slijede\u0107e sjednice Gradske skup\u0161tine predla\u017ee se <em>Provedbeni program mjera postupanja s uklonjenim materijalom i gra\u0111evnim otpadom nastalim u postupku obnove zgrada o\u0161te\u0107enih potresom na podru\u010dju Grada Zagreba.<\/em><\/p>\n<p>HSLS podr\u017eava dono\u0161enje tog programa. Me\u0111utim, treba istaknuti da Grad ima su\u0161tinskih problema povezanih s organizacijom cijelog procesa prikupljanja, obrade i daljnje distribucije obra\u0111enog gra\u0111evinskog otpada i otpada od ru\u0161enja.<\/p>\n<p><strong><em>HSLS grada Zagreba smatra da gradska uprava mora rije\u0161iti tri osnovna problema kako bi taj program bio uspje\u0161an, odnosno kako bi mjere koje se odnose na postupanje s materijalom od uklanjanja i gra\u0111evnim otpadom bile primjenjive.<\/em><\/strong><\/p>\n<ol>\n<li>Problem gra\u0111evinskog otpada prisutan je i bez otpada koji \u0107e se pojaviti ru\u0161enjem objekata tijekom procesa obnove. Postavlja se pitanje za\u0161to Grad ve\u0107 nije pokrenuo ili \u010dak uredio planiranu lokaciju za privremeno skladi\u0161tenje i obradu gra\u0111evinskog otpada. \u0160to se \u010dekalo do danas? Smatramo da se lokacija ve\u0107 mogla urediti jer ne iziskuje skupe i slo\u017eene projekte odnosno gra\u0111evinske radove. Ta lokacija ve\u0107 je mogla biti u funkciji jer je Grad Zagreb sredstvima iz EU fondova nabavio i drobilicu za gra\u0111evinski otpad, koja jo\u0161 uvijek nije u operativnom stanju.<\/li>\n<\/ol>\n<ol>\n<li>Za\u0161to se posao projektiranja, ure\u0111enja lokacije i upravljanja njome povjerava komunalnom dru\u0161tvu \u010cisto\u0107a, koje, koliko vidimo, ne stigne obavljati ni elementarnu funkciju redovitog odvoza komunalnog otpada, u koju svrhu je i osnovana. Grad Zagreb ve\u0107 ima osnovano poduze\u0107e, Zagreba\u010dki centar za gospodarenje otpadom d.o.o., koje je osnovano radi uspostave i vo\u0111enja integriranog sustava gospodarenja otpadom na podru\u010dju Grada Zagreba. Ako to poduze\u0107e mo\u017ee voditi projekte sortirnice, kompostane i centra za gospodarenje otpadom, za\u0161to ne mo\u017ee voditi i navedeni projekt, tim vi\u0161e \u0161to je isto poduze\u0107e vlasnik drobilice za obradu gra\u0111evinskog otpada?<\/li>\n<\/ol>\n<p><strong>Gradona\u010delni\u010de, iskoristiti ono \u0161to imate. Preoptere\u0107ujete jedno gradsko poduze\u0107e, koje je u glibu, a ignorirate drugo gradsko poduze\u0107e, koje se upravo bavi ovom problematikom i mo\u017ee rije\u0161iti problem. Nau\u010dite doma\u0107u zada\u0107u \u2013 informirajte se o kapacitetima kojima raspola\u017eete.<\/strong><\/p>\n<ol>\n<li>Za\u0161to se obra\u0111eni otpad predaje ovla\u0161tenim pravnim ili fizi\u010dkim osobama na daljnju uporabu. Za\u0161to Grad Zagreb odnosno Zagreba\u010dki Holding ne bi koristio takav materijal kao gra\u0111evinski materijal i za\u0161to se Programom ne omogu\u0107uje ukidanje statusa otpada obra\u0111enog gra\u0111evinskog otpada i otpada od ru\u0161enja?<\/li>\n<\/ol>\n<p><strong>Gradona\u010delni\u010de, iskoristite gra\u0111evinski otpad kao resurs. U krizi smo, nemamo prostora razbacivati se i odbijati iskoristiti ono \u0161to mo\u017ee donijeti ne\u0161to prijeko potrebnih sredstava gradu, tj. Zagrep\u010dankama i Zagrep\u010danima!<\/strong><\/p>\n<p><em>HSLS Grada Zagreba o\u010dekuje od gradske uprave da odgovori na upu\u0107ena pitanja i prijedloge te ih uvrsti u predlo\u017eeni programu, \u010dime bi on bio prihvatljiv za usvajanje na predstoje\u0107oj sjednici Gradske skup\u0161tine.<\/em><\/p>\n<p>Kao \u0161to vidimo, opet se svakodnevno pove\u0107ava broj gra\u0111ana oboljelih koronavirusom te stoga predla\u017eemo Gradskom uredu za socijalnu za\u0161titu, zdravstvo, branitelje i osobe s invaliditetom da hitno zapo\u010dne s \u010di\u0161\u0107enjem klimatizacijskih ure\u0111aja i sustava za ventilaciju zagreba\u010dkih zdravstvenih ustanova, koje je ove godine uglavnom izostalo, radi prevencije \u0161irenja virusa kao i za\u0161tite zdravlja gra\u0111ana koji posje\u0107uju zagreba\u010dke zdravstvene ustanove.<\/p>\n","protected":false},"excerpt":{"rendered":"<p>Plan malih komunalnih akcija za 2022. godinu temelji se uglavnom na predizbornim obe\u0107anjima stranke Mo\u017eemo, \u0161to je, dakako, legitimno, ali naprotiv nije i to da pritom gradska uprava odre\u0111uje prioritete&hellip;<\/p>\n","protected":false},"author":1,"featured_media":3238,"comment_status":"closed","ping_status":"open","sticky":false,"template":"","format":"standard","meta":{"_lmt_disableupdate":"","_lmt_disable":"","footnotes":""},"categories":[3],"tags":[],"class_list":["post-3237","post","type-post","status-publish","format-standard","has-post-thumbnail","hentry","category-zagrebacke-vijesti"],"yoast_head":"<!-- This site is optimized with the Yoast SEO plugin v27.5 - https:\/\/yoast.com\/product\/yoast-seo-wordpress\/ -->\n<title>Prvo rje\u0161avanje priklju\u010daka za vodu i kanalizaciju na\u0161ih sugra\u0111anki i sugra\u0111ana u 2022., a tek potom parkovi, mrtva priroda i ideolo\u0161ki ukrasi! - HSLS<\/title>\n<meta name=\"robots\" content=\"index, follow, max-snippet:-1, max-image-preview:large, max-video-preview:-1\" \/>\n<link rel=\"canonical\" href=\"https:\/\/hsls.hr\/web\/prvo-rjesavanje-prikljucaka-za-vodu-i-kanalizaciju-nasih-sugradanki-i-sugradana-u-2022-a-tek-potom-parkovi-mrtva-priroda-i-ideoloski-ukrasi\/\" \/>\n<meta property=\"og:locale\" content=\"hr_HR\" \/>\n<meta property=\"og:type\" content=\"article\" \/>\n<meta property=\"og:title\" content=\"Prvo rje\u0161avanje priklju\u010daka za vodu i kanalizaciju na\u0161ih sugra\u0111anki i sugra\u0111ana u 2022., a tek potom parkovi, mrtva priroda i ideolo\u0161ki ukrasi! - HSLS\" \/>\n<meta property=\"og:description\" content=\"Plan malih komunalnih akcija za 2022. godinu temelji se uglavnom na predizbornim obe\u0107anjima stranke Mo\u017eemo, \u0161to je, dakako, legitimno, ali naprotiv nije i to da pritom gradska uprava odre\u0111uje prioritete&hellip;\" \/>\n<meta property=\"og:url\" content=\"https:\/\/hsls.hr\/web\/prvo-rjesavanje-prikljucaka-za-vodu-i-kanalizaciju-nasih-sugradanki-i-sugradana-u-2022-a-tek-potom-parkovi-mrtva-priroda-i-ideoloski-ukrasi\/\" \/>\n<meta property=\"og:site_name\" content=\"HSLS\" \/>\n<meta property=\"article:published_time\" content=\"2022-07-06T20:45:48+00:00\" \/>\n<meta property=\"article:modified_time\" content=\"2023-06-01T05:28:46+00:00\" \/>\n<meta property=\"og:image\" content=\"https:\/\/hsls.hr\/web\/wp-content\/uploads\/2023\/05\/gaby2-1080x675-1.jpg\" \/>\n\t<meta property=\"og:image:width\" content=\"1080\" \/>\n\t<meta property=\"og:image:height\" content=\"675\" \/>\n\t<meta property=\"og:image:type\" content=\"image\/jpeg\" \/>\n<meta name=\"author\" content=\"HSLS\" \/>\n<meta name=\"twitter:card\" content=\"summary_large_image\" \/>\n<meta name=\"twitter:label1\" content=\"Napisao\/la\" \/>\n\t<meta name=\"twitter:data1\" content=\"HSLS\" \/>\n\t<meta name=\"twitter:label2\" content=\"Procijenjeno vrijeme \u010ditanja\" \/>\n\t<meta name=\"twitter:data2\" content=\"4 minute\" \/>\n<script type=\"application\/ld+json\" class=\"yoast-schema-graph\">{\"@context\":\"https:\\\/\\\/schema.org\",\"@graph\":[{\"@type\":\"Article\",\"@id\":\"https:\\\/\\\/hsls.hr\\\/web\\\/prvo-rjesavanje-prikljucaka-za-vodu-i-kanalizaciju-nasih-sugradanki-i-sugradana-u-2022-a-tek-potom-parkovi-mrtva-priroda-i-ideoloski-ukrasi\\\/#article\",\"isPartOf\":{\"@id\":\"https:\\\/\\\/hsls.hr\\\/web\\\/prvo-rjesavanje-prikljucaka-za-vodu-i-kanalizaciju-nasih-sugradanki-i-sugradana-u-2022-a-tek-potom-parkovi-mrtva-priroda-i-ideoloski-ukrasi\\\/\"},\"author\":{\"name\":\"HSLS\",\"@id\":\"https:\\\/\\\/hsls.hr\\\/web\\\/#\\\/schema\\\/person\\\/e3f651016d644a22e87c41fd9bc31f7b\"},\"headline\":\"Prvo rje\u0161avanje priklju\u010daka za vodu i kanalizaciju na\u0161ih sugra\u0111anki i sugra\u0111ana u 2022., a tek potom parkovi, mrtva priroda i ideolo\u0161ki ukrasi!\",\"datePublished\":\"2022-07-06T20:45:48+00:00\",\"dateModified\":\"2023-06-01T05:28:46+00:00\",\"mainEntityOfPage\":{\"@id\":\"https:\\\/\\\/hsls.hr\\\/web\\\/prvo-rjesavanje-prikljucaka-za-vodu-i-kanalizaciju-nasih-sugradanki-i-sugradana-u-2022-a-tek-potom-parkovi-mrtva-priroda-i-ideoloski-ukrasi\\\/\"},\"wordCount\":807,\"image\":{\"@id\":\"https:\\\/\\\/hsls.hr\\\/web\\\/prvo-rjesavanje-prikljucaka-za-vodu-i-kanalizaciju-nasih-sugradanki-i-sugradana-u-2022-a-tek-potom-parkovi-mrtva-priroda-i-ideoloski-ukrasi\\\/#primaryimage\"},\"thumbnailUrl\":\"https:\\\/\\\/hsls.hr\\\/web\\\/wp-content\\\/uploads\\\/2023\\\/05\\\/gaby2-1080x675-1.jpg\",\"articleSection\":[\"Zagreb\"],\"inLanguage\":\"hr\"},{\"@type\":\"WebPage\",\"@id\":\"https:\\\/\\\/hsls.hr\\\/web\\\/prvo-rjesavanje-prikljucaka-za-vodu-i-kanalizaciju-nasih-sugradanki-i-sugradana-u-2022-a-tek-potom-parkovi-mrtva-priroda-i-ideoloski-ukrasi\\\/\",\"url\":\"https:\\\/\\\/hsls.hr\\\/web\\\/prvo-rjesavanje-prikljucaka-za-vodu-i-kanalizaciju-nasih-sugradanki-i-sugradana-u-2022-a-tek-potom-parkovi-mrtva-priroda-i-ideoloski-ukrasi\\\/\",\"name\":\"Prvo rje\u0161avanje priklju\u010daka za vodu i kanalizaciju na\u0161ih sugra\u0111anki i sugra\u0111ana u 2022., a tek potom parkovi, mrtva priroda i ideolo\u0161ki ukrasi! - HSLS\",\"isPartOf\":{\"@id\":\"https:\\\/\\\/hsls.hr\\\/web\\\/#website\"},\"primaryImageOfPage\":{\"@id\":\"https:\\\/\\\/hsls.hr\\\/web\\\/prvo-rjesavanje-prikljucaka-za-vodu-i-kanalizaciju-nasih-sugradanki-i-sugradana-u-2022-a-tek-potom-parkovi-mrtva-priroda-i-ideoloski-ukrasi\\\/#primaryimage\"},\"image\":{\"@id\":\"https:\\\/\\\/hsls.hr\\\/web\\\/prvo-rjesavanje-prikljucaka-za-vodu-i-kanalizaciju-nasih-sugradanki-i-sugradana-u-2022-a-tek-potom-parkovi-mrtva-priroda-i-ideoloski-ukrasi\\\/#primaryimage\"},\"thumbnailUrl\":\"https:\\\/\\\/hsls.hr\\\/web\\\/wp-content\\\/uploads\\\/2023\\\/05\\\/gaby2-1080x675-1.jpg\",\"datePublished\":\"2022-07-06T20:45:48+00:00\",\"dateModified\":\"2023-06-01T05:28:46+00:00\",\"author\":{\"@id\":\"https:\\\/\\\/hsls.hr\\\/web\\\/#\\\/schema\\\/person\\\/e3f651016d644a22e87c41fd9bc31f7b\"},\"breadcrumb\":{\"@id\":\"https:\\\/\\\/hsls.hr\\\/web\\\/prvo-rjesavanje-prikljucaka-za-vodu-i-kanalizaciju-nasih-sugradanki-i-sugradana-u-2022-a-tek-potom-parkovi-mrtva-priroda-i-ideoloski-ukrasi\\\/#breadcrumb\"},\"inLanguage\":\"hr\",\"potentialAction\":[{\"@type\":\"ReadAction\",\"target\":[\"https:\\\/\\\/hsls.hr\\\/web\\\/prvo-rjesavanje-prikljucaka-za-vodu-i-kanalizaciju-nasih-sugradanki-i-sugradana-u-2022-a-tek-potom-parkovi-mrtva-priroda-i-ideoloski-ukrasi\\\/\"]}]},{\"@type\":\"ImageObject\",\"inLanguage\":\"hr\",\"@id\":\"https:\\\/\\\/hsls.hr\\\/web\\\/prvo-rjesavanje-prikljucaka-za-vodu-i-kanalizaciju-nasih-sugradanki-i-sugradana-u-2022-a-tek-potom-parkovi-mrtva-priroda-i-ideoloski-ukrasi\\\/#primaryimage\",\"url\":\"https:\\\/\\\/hsls.hr\\\/web\\\/wp-content\\\/uploads\\\/2023\\\/05\\\/gaby2-1080x675-1.jpg\",\"contentUrl\":\"https:\\\/\\\/hsls.hr\\\/web\\\/wp-content\\\/uploads\\\/2023\\\/05\\\/gaby2-1080x675-1.jpg\",\"width\":1080,\"height\":675},{\"@type\":\"BreadcrumbList\",\"@id\":\"https:\\\/\\\/hsls.hr\\\/web\\\/prvo-rjesavanje-prikljucaka-za-vodu-i-kanalizaciju-nasih-sugradanki-i-sugradana-u-2022-a-tek-potom-parkovi-mrtva-priroda-i-ideoloski-ukrasi\\\/#breadcrumb\",\"itemListElement\":[{\"@type\":\"ListItem\",\"position\":1,\"name\":\"Po\u010detna stranica\",\"item\":\"https:\\\/\\\/hsls.hr\\\/web\\\/\"},{\"@type\":\"ListItem\",\"position\":2,\"name\":\"Prvo rje\u0161avanje priklju\u010daka za vodu i kanalizaciju na\u0161ih sugra\u0111anki i sugra\u0111ana u 2022., a tek potom parkovi, mrtva priroda i ideolo\u0161ki ukrasi!\"}]},{\"@type\":\"WebSite\",\"@id\":\"https:\\\/\\\/hsls.hr\\\/web\\\/#website\",\"url\":\"https:\\\/\\\/hsls.hr\\\/web\\\/\",\"name\":\"HSLS\",\"description\":\"Hrvatska socijalno-liberalna stranka\",\"potentialAction\":[{\"@type\":\"SearchAction\",\"target\":{\"@type\":\"EntryPoint\",\"urlTemplate\":\"https:\\\/\\\/hsls.hr\\\/web\\\/?s={search_term_string}\"},\"query-input\":{\"@type\":\"PropertyValueSpecification\",\"valueRequired\":true,\"valueName\":\"search_term_string\"}}],\"inLanguage\":\"hr\"},{\"@type\":\"Person\",\"@id\":\"https:\\\/\\\/hsls.hr\\\/web\\\/#\\\/schema\\\/person\\\/e3f651016d644a22e87c41fd9bc31f7b\",\"name\":\"HSLS\",\"image\":{\"@type\":\"ImageObject\",\"inLanguage\":\"hr\",\"@id\":\"https:\\\/\\\/secure.gravatar.com\\\/avatar\\\/1f45d97b500c25de1ecef91e0eaa08ca0ada41c344c17876869f452108429fb9?s=96&d=mm&r=g\",\"url\":\"https:\\\/\\\/secure.gravatar.com\\\/avatar\\\/1f45d97b500c25de1ecef91e0eaa08ca0ada41c344c17876869f452108429fb9?s=96&d=mm&r=g\",\"contentUrl\":\"https:\\\/\\\/secure.gravatar.com\\\/avatar\\\/1f45d97b500c25de1ecef91e0eaa08ca0ada41c344c17876869f452108429fb9?s=96&d=mm&r=g\",\"caption\":\"HSLS\"},\"sameAs\":[\"https:\\\/\\\/hsls.hr\\\/web\"],\"url\":\"https:\\\/\\\/hsls.hr\\\/web\\\/author\\\/hsadminls\\\/\"}]}<\/script>\n<!-- \/ Yoast SEO plugin. -->","yoast_head_json":{"title":"Prvo rje\u0161avanje priklju\u010daka za vodu i kanalizaciju na\u0161ih sugra\u0111anki i sugra\u0111ana u 2022., a tek potom parkovi, mrtva priroda i ideolo\u0161ki ukrasi! - HSLS","robots":{"index":"index","follow":"follow","max-snippet":"max-snippet:-1","max-image-preview":"max-image-preview:large","max-video-preview":"max-video-preview:-1"},"canonical":"https:\/\/hsls.hr\/web\/prvo-rjesavanje-prikljucaka-za-vodu-i-kanalizaciju-nasih-sugradanki-i-sugradana-u-2022-a-tek-potom-parkovi-mrtva-priroda-i-ideoloski-ukrasi\/","og_locale":"hr_HR","og_type":"article","og_title":"Prvo rje\u0161avanje priklju\u010daka za vodu i kanalizaciju na\u0161ih sugra\u0111anki i sugra\u0111ana u 2022., a tek potom parkovi, mrtva priroda i ideolo\u0161ki ukrasi! - HSLS","og_description":"Plan malih komunalnih akcija za 2022. godinu temelji se uglavnom na predizbornim obe\u0107anjima stranke Mo\u017eemo, \u0161to je, dakako, legitimno, ali naprotiv nije i to da pritom gradska uprava odre\u0111uje prioritete&hellip;","og_url":"https:\/\/hsls.hr\/web\/prvo-rjesavanje-prikljucaka-za-vodu-i-kanalizaciju-nasih-sugradanki-i-sugradana-u-2022-a-tek-potom-parkovi-mrtva-priroda-i-ideoloski-ukrasi\/","og_site_name":"HSLS","article_published_time":"2022-07-06T20:45:48+00:00","article_modified_time":"2023-06-01T05:28:46+00:00","og_image":[{"width":1080,"height":675,"url":"https:\/\/hsls.hr\/web\/wp-content\/uploads\/2023\/05\/gaby2-1080x675-1.jpg","type":"image\/jpeg"}],"author":"HSLS","twitter_card":"summary_large_image","twitter_misc":{"Napisao\/la":"HSLS","Procijenjeno vrijeme \u010ditanja":"4 minute"},"schema":{"@context":"https:\/\/schema.org","@graph":[{"@type":"Article","@id":"https:\/\/hsls.hr\/web\/prvo-rjesavanje-prikljucaka-za-vodu-i-kanalizaciju-nasih-sugradanki-i-sugradana-u-2022-a-tek-potom-parkovi-mrtva-priroda-i-ideoloski-ukrasi\/#article","isPartOf":{"@id":"https:\/\/hsls.hr\/web\/prvo-rjesavanje-prikljucaka-za-vodu-i-kanalizaciju-nasih-sugradanki-i-sugradana-u-2022-a-tek-potom-parkovi-mrtva-priroda-i-ideoloski-ukrasi\/"},"author":{"name":"HSLS","@id":"https:\/\/hsls.hr\/web\/#\/schema\/person\/e3f651016d644a22e87c41fd9bc31f7b"},"headline":"Prvo rje\u0161avanje priklju\u010daka za vodu i kanalizaciju na\u0161ih sugra\u0111anki i sugra\u0111ana u 2022., a tek potom parkovi, mrtva priroda i ideolo\u0161ki ukrasi!","datePublished":"2022-07-06T20:45:48+00:00","dateModified":"2023-06-01T05:28:46+00:00","mainEntityOfPage":{"@id":"https:\/\/hsls.hr\/web\/prvo-rjesavanje-prikljucaka-za-vodu-i-kanalizaciju-nasih-sugradanki-i-sugradana-u-2022-a-tek-potom-parkovi-mrtva-priroda-i-ideoloski-ukrasi\/"},"wordCount":807,"image":{"@id":"https:\/\/hsls.hr\/web\/prvo-rjesavanje-prikljucaka-za-vodu-i-kanalizaciju-nasih-sugradanki-i-sugradana-u-2022-a-tek-potom-parkovi-mrtva-priroda-i-ideoloski-ukrasi\/#primaryimage"},"thumbnailUrl":"https:\/\/hsls.hr\/web\/wp-content\/uploads\/2023\/05\/gaby2-1080x675-1.jpg","articleSection":["Zagreb"],"inLanguage":"hr"},{"@type":"WebPage","@id":"https:\/\/hsls.hr\/web\/prvo-rjesavanje-prikljucaka-za-vodu-i-kanalizaciju-nasih-sugradanki-i-sugradana-u-2022-a-tek-potom-parkovi-mrtva-priroda-i-ideoloski-ukrasi\/","url":"https:\/\/hsls.hr\/web\/prvo-rjesavanje-prikljucaka-za-vodu-i-kanalizaciju-nasih-sugradanki-i-sugradana-u-2022-a-tek-potom-parkovi-mrtva-priroda-i-ideoloski-ukrasi\/","name":"Prvo rje\u0161avanje priklju\u010daka za vodu i kanalizaciju na\u0161ih sugra\u0111anki i sugra\u0111ana u 2022., a tek potom parkovi, mrtva priroda i ideolo\u0161ki ukrasi! - HSLS","isPartOf":{"@id":"https:\/\/hsls.hr\/web\/#website"},"primaryImageOfPage":{"@id":"https:\/\/hsls.hr\/web\/prvo-rjesavanje-prikljucaka-za-vodu-i-kanalizaciju-nasih-sugradanki-i-sugradana-u-2022-a-tek-potom-parkovi-mrtva-priroda-i-ideoloski-ukrasi\/#primaryimage"},"image":{"@id":"https:\/\/hsls.hr\/web\/prvo-rjesavanje-prikljucaka-za-vodu-i-kanalizaciju-nasih-sugradanki-i-sugradana-u-2022-a-tek-potom-parkovi-mrtva-priroda-i-ideoloski-ukrasi\/#primaryimage"},"thumbnailUrl":"https:\/\/hsls.hr\/web\/wp-content\/uploads\/2023\/05\/gaby2-1080x675-1.jpg","datePublished":"2022-07-06T20:45:48+00:00","dateModified":"2023-06-01T05:28:46+00:00","author":{"@id":"https:\/\/hsls.hr\/web\/#\/schema\/person\/e3f651016d644a22e87c41fd9bc31f7b"},"breadcrumb":{"@id":"https:\/\/hsls.hr\/web\/prvo-rjesavanje-prikljucaka-za-vodu-i-kanalizaciju-nasih-sugradanki-i-sugradana-u-2022-a-tek-potom-parkovi-mrtva-priroda-i-ideoloski-ukrasi\/#breadcrumb"},"inLanguage":"hr","potentialAction":[{"@type":"ReadAction","target":["https:\/\/hsls.hr\/web\/prvo-rjesavanje-prikljucaka-za-vodu-i-kanalizaciju-nasih-sugradanki-i-sugradana-u-2022-a-tek-potom-parkovi-mrtva-priroda-i-ideoloski-ukrasi\/"]}]},{"@type":"ImageObject","inLanguage":"hr","@id":"https:\/\/hsls.hr\/web\/prvo-rjesavanje-prikljucaka-za-vodu-i-kanalizaciju-nasih-sugradanki-i-sugradana-u-2022-a-tek-potom-parkovi-mrtva-priroda-i-ideoloski-ukrasi\/#primaryimage","url":"https:\/\/hsls.hr\/web\/wp-content\/uploads\/2023\/05\/gaby2-1080x675-1.jpg","contentUrl":"https:\/\/hsls.hr\/web\/wp-content\/uploads\/2023\/05\/gaby2-1080x675-1.jpg","width":1080,"height":675},{"@type":"BreadcrumbList","@id":"https:\/\/hsls.hr\/web\/prvo-rjesavanje-prikljucaka-za-vodu-i-kanalizaciju-nasih-sugradanki-i-sugradana-u-2022-a-tek-potom-parkovi-mrtva-priroda-i-ideoloski-ukrasi\/#breadcrumb","itemListElement":[{"@type":"ListItem","position":1,"name":"Po\u010detna stranica","item":"https:\/\/hsls.hr\/web\/"},{"@type":"ListItem","position":2,"name":"Prvo rje\u0161avanje priklju\u010daka za vodu i kanalizaciju na\u0161ih sugra\u0111anki i sugra\u0111ana u 2022., a tek potom parkovi, mrtva priroda i ideolo\u0161ki ukrasi!"}]},{"@type":"WebSite","@id":"https:\/\/hsls.hr\/web\/#website","url":"https:\/\/hsls.hr\/web\/","name":"HSLS","description":"Hrvatska socijalno-liberalna stranka","potentialAction":[{"@type":"SearchAction","target":{"@type":"EntryPoint","urlTemplate":"https:\/\/hsls.hr\/web\/?s={search_term_string}"},"query-input":{"@type":"PropertyValueSpecification","valueRequired":true,"valueName":"search_term_string"}}],"inLanguage":"hr"},{"@type":"Person","@id":"https:\/\/hsls.hr\/web\/#\/schema\/person\/e3f651016d644a22e87c41fd9bc31f7b","name":"HSLS","image":{"@type":"ImageObject","inLanguage":"hr","@id":"https:\/\/secure.gravatar.com\/avatar\/1f45d97b500c25de1ecef91e0eaa08ca0ada41c344c17876869f452108429fb9?s=96&d=mm&r=g","url":"https:\/\/secure.gravatar.com\/avatar\/1f45d97b500c25de1ecef91e0eaa08ca0ada41c344c17876869f452108429fb9?s=96&d=mm&r=g","contentUrl":"https:\/\/secure.gravatar.com\/avatar\/1f45d97b500c25de1ecef91e0eaa08ca0ada41c344c17876869f452108429fb9?s=96&d=mm&r=g","caption":"HSLS"},"sameAs":["https:\/\/hsls.hr\/web"],"url":"https:\/\/hsls.hr\/web\/author\/hsadminls\/"}]}},"_links":{"self":[{"href":"https:\/\/hsls.hr\/web\/wp-json\/wp\/v2\/posts\/3237","targetHints":{"allow":["GET"]}}],"collection":[{"href":"https:\/\/hsls.hr\/web\/wp-json\/wp\/v2\/posts"}],"about":[{"href":"https:\/\/hsls.hr\/web\/wp-json\/wp\/v2\/types\/post"}],"author":[{"embeddable":true,"href":"https:\/\/hsls.hr\/web\/wp-json\/wp\/v2\/users\/1"}],"replies":[{"embeddable":true,"href":"https:\/\/hsls.hr\/web\/wp-json\/wp\/v2\/comments?post=3237"}],"version-history":[{"count":3,"href":"https:\/\/hsls.hr\/web\/wp-json\/wp\/v2\/posts\/3237\/revisions"}],"predecessor-version":[{"id":3605,"href":"https:\/\/hsls.hr\/web\/wp-json\/wp\/v2\/posts\/3237\/revisions\/3605"}],"wp:featuredmedia":[{"embeddable":true,"href":"https:\/\/hsls.hr\/web\/wp-json\/wp\/v2\/media\/3238"}],"wp:attachment":[{"href":"https:\/\/hsls.hr\/web\/wp-json\/wp\/v2\/media?parent=3237"}],"wp:term":[{"taxonomy":"category","embeddable":true,"href":"https:\/\/hsls.hr\/web\/wp-json\/wp\/v2\/categories?post=3237"},{"taxonomy":"post_tag","embeddable":true,"href":"https:\/\/hsls.hr\/web\/wp-json\/wp\/v2\/tags?post=3237"}],"curies":[{"name":"wp","href":"https:\/\/api.w.org\/{rel}","templated":true}]}}