{"id":2956,"date":"2018-04-04T12:56:08","date_gmt":"2018-04-04T12:56:08","guid":{"rendered":"https:\/\/hsls.hr\/web\/hsls-kutina-obiljezio-28-godisnjicu-osnutka\/"},"modified":"2023-05-30T11:42:04","modified_gmt":"2023-05-30T11:42:04","slug":"hsls-kutina-obiljezio-28-godisnjicu-osnutka","status":"publish","type":"post","link":"https:\/\/hsls.hr\/web\/hsls-kutina-obiljezio-28-godisnjicu-osnutka\/","title":{"rendered":"HSLS \u2013 KUTINA OBILJE\u017dIO 28. GODI\u0160NJICU OSNUTKA"},"content":{"rendered":"<p>HSLS KUTINA je obilje\u017eio 28. godi\u0161njicu osnutka konferencijom za novinare i prigodnim dru\u017eenjem svojih \u010dlanova.<\/p>\n<p>Na konferenciji za novinare svim gra\u0111anima grada Kutine obratio se predsjednik Gradskog vije\u0107a grada Kutine i predsjednik HSLS-a Kutina i vije\u0107nica u Gradskom vije\u0107u Grada Kutine Ana Bala\u0161ko.<\/p>\n<p>Tom prigodom predsjednik ogranka HSLS-a Kutina izme\u0111u ostaloga je rekao:<\/p>\n<p>Dragi prijatelji,<\/p>\n<p>Danas kada obilje\u017eavamo 28. ro\u0111endan HSLS-a u Kutini onako kako prili\u010di \u2013 skromno i u prijateljskom okru\u017eenju, \u017eelim poru\u010diti svim \u010dlanovima, koalicijskim partnerima i gra\u0111anima, da su na\u0161e odluke ono \u0161to \u0107e se vagati kada ponovo do\u0111emo pred na\u0161e gra\u0111ane tra\u017eiti povjerenje.<\/p>\n<p>HSLS sigurno ne\u0107e odstupati od zadanih ciljeva i vjerujem kako se u tome sla\u017eete sa mnom. \u010cist obraz nema cijene.<\/p>\n<p>Pred nama je puno posla, a ve\u0107 smo se suo\u010dili s nekim te\u0161kim odlukama koje smo morali donijeti kao posljedicu lo\u0161eg rada na\u0161ih politi\u010dkih oponenata! Bit \u0107e jo\u0161 te\u0161kih odluka, no nakon truda, rada i politi\u010dke korektnosti na koncu dolaze dobri rezultati.<\/p>\n<p>Vjerujem kako \u0107e HSLS biti uz na\u0161e partnere i prijatelje klju\u010dna politi\u010dka snaga koja \u0107e Kutinu vratiti na put napretka, vratiti povjerenje u politiku i osmijeh na lice na\u0161im gra\u0111anima, zaustaviti negativne trendove i opravdati povjerenje na\u0161ih Kutin\u010dana.<\/p>\n<p>HSLS je u ovih 28 godina iza sebe ostavio vidljiva dobra koja u\u017eivaju svi gra\u0111ani, Zato i dalje moramo biti stranka iza koje \u0107e ostajati djela, a ne samo rije\u010di, te stranka koja \u0107e dana\u0161nje marljivo djelovanje temeljiti na moralnim principima na\u0161ih osniva\u010da.<\/p>\n<p>Alternative ovome nema. U skladu s jednom povijesnom izjavom, vjerujem da je HSLS stranka u kojoj se nalaze ljudi koji u politiku ne ulaze zato \u0161to ih \u010deka lak posao, ve\u0107 izuzetno te\u017eak, ljudi kojima je do na\u0161ih sugra\u0111ana i boljitka Kutine istinski stalo.<\/p>\n<p>Upravo smo zato i danas, nakon 28 godina, prisutni na kutinskoj dru\u0161tvenoj i politi\u010dkoj sceni.<\/p>\n<p>Nakon predsjednika HSLS-a Kutina, svima se obratila Vije\u0107nica u Gradskom vije\u0107u Grada Kutine Ana Bala\u0161ko te je naglasila:<\/p>\n<p>HSLS trenutno participira u Gradskom vije\u0107u Grada Kutine s tri vije\u0107nika, uklju\u010duju\u0107i predsjednika Gradskog vije\u0107a.<\/p>\n<p>Politi\u010dko djelovanje HSLS-a na terenu vrlo je va\u017eno, ali aktivno djelovanje u Gradskom vije\u0107u, izvr\u0161noj vlasti i upravi je ono \u0161to vodi realizaciji projekata koji su od interesa za na\u0161 grad. Na\u0161 cilj je bolji \u017eivot svih gra\u0111ana grada Kutine, a ne samo pojedinca i tu ne pristajemo na kompromise.<\/p>\n<p>HSLS-ovi gradski vije\u0107nici uvijek su konstruktivni, sura\u0111uju s kolegama iz koalicije, partnerima, podr\u017eavaju dobre ideje ukoliko one dolaze i iz oporbenih redova, ali ne odstupaju od na\u010dela rada za op\u0107u korist.<\/p>\n<p>Upravo svojim politi\u010dki radom i nepopustljivo\u0161\u0107u HSLS je ishodio preduvjete za provedbu projekta financiranja ud\u017ebenika za sve osnovno\u0161kolce s podru\u010dja Grada Kutine, za \u0161to su ove godine osigurana prora\u010dunska sredstva.<\/p>\n<p>HSLS ima mlade i perspektivne \u010dlanove, ali i iskusne \u010dlanove koji su vrsni gospodarstvenici, obrtnici, profesori i osobe koje znaju kako funkcionira ne samo lokalna uprava i samouprava, ve\u0107 i gospodarstvo, lokalno zdravstvo, socijala, dru\u0161tveni \u017eivot, poljoprivreda, te koje su potrebe gra\u0111ana, nedostaci u funkcioniranju grada, ali i prednosti koje Kutina ima.<\/p>\n<p>Upravo zbog toga HSLS nikada nije pribjegavao velikim obe\u0107anjima, floskulama i politi\u010dkoj demagogiji, ve\u0107 je promovirao i stajao iza projekata koji su u kona\u010dnici i realizirani, poput onih infrastrukturnih, gospodarskih i socijalnih.<\/p>\n<p>HSLS se othrvao i u najte\u017eim vremenima populizmu, koji je danas uvelike prisutan u doma\u0107oj politici.<\/p>\n<p>Znak je to da smo i nakon 28. godina na dobrom putu i nismo izgubili povjerenje na\u0161ih sugra\u0111ana.<\/p>\n","protected":false},"excerpt":{"rendered":"<p>HSLS KUTINA je obilje\u017eio 28. godi\u0161njicu osnutka konferencijom za novinare i prigodnim dru\u017eenjem svojih \u010dlanova. Na konferenciji za novinare svim gra\u0111anima grada Kutine obratio se predsjednik Gradskog vije\u0107a grada Kutine&hellip;<\/p>\n","protected":false},"author":1,"featured_media":2957,"comment_status":"closed","ping_status":"open","sticky":false,"template":"","format":"standard","meta":{"_lmt_disableupdate":"","_lmt_disable":"","footnotes":""},"categories":[4],"tags":[],"class_list":["post-2956","post","type-post","status-publish","format-standard","has-post-thumbnail","hentry","category-lokalne-vijesti"],"yoast_head":"<!-- This site is optimized with the Yoast SEO plugin v27.5 - https:\/\/yoast.com\/product\/yoast-seo-wordpress\/ -->\n<title>HSLS \u2013 KUTINA OBILJE\u017dIO 28. GODI\u0160NJICU OSNUTKA - HSLS<\/title>\n<meta name=\"robots\" content=\"index, follow, max-snippet:-1, max-image-preview:large, max-video-preview:-1\" \/>\n<link rel=\"canonical\" href=\"https:\/\/hsls.hr\/web\/hsls-kutina-obiljezio-28-godisnjicu-osnutka\/\" \/>\n<meta property=\"og:locale\" content=\"hr_HR\" \/>\n<meta property=\"og:type\" content=\"article\" \/>\n<meta property=\"og:title\" content=\"HSLS \u2013 KUTINA OBILJE\u017dIO 28. GODI\u0160NJICU OSNUTKA - HSLS\" \/>\n<meta property=\"og:description\" content=\"HSLS KUTINA je obilje\u017eio 28. godi\u0161njicu osnutka konferencijom za novinare i prigodnim dru\u017eenjem svojih \u010dlanova. Na konferenciji za novinare svim gra\u0111anima grada Kutine obratio se predsjednik Gradskog vije\u0107a grada Kutine&hellip;\" \/>\n<meta property=\"og:url\" content=\"https:\/\/hsls.hr\/web\/hsls-kutina-obiljezio-28-godisnjicu-osnutka\/\" \/>\n<meta property=\"og:site_name\" content=\"HSLS\" \/>\n<meta property=\"article:published_time\" content=\"2018-04-04T12:56:08+00:00\" \/>\n<meta property=\"article:modified_time\" content=\"2023-05-30T11:42:04+00:00\" \/>\n<meta property=\"og:image\" content=\"https:\/\/hsls.hr\/web\/wp-content\/uploads\/2023\/05\/HSLS-Kutina-28.-godisnjica-Slika-1-19.03.2018.jpg\" \/>\n\t<meta property=\"og:image:width\" content=\"760\" \/>\n\t<meta property=\"og:image:height\" content=\"570\" \/>\n\t<meta property=\"og:image:type\" content=\"image\/jpeg\" \/>\n<meta name=\"author\" content=\"HSLS\" \/>\n<meta name=\"twitter:card\" content=\"summary_large_image\" \/>\n<meta name=\"twitter:label1\" content=\"Napisao\/la\" \/>\n\t<meta name=\"twitter:data1\" content=\"HSLS\" \/>\n\t<meta name=\"twitter:label2\" content=\"Procijenjeno vrijeme \u010ditanja\" \/>\n\t<meta name=\"twitter:data2\" content=\"3 minute\" \/>\n<script type=\"application\/ld+json\" class=\"yoast-schema-graph\">{\"@context\":\"https:\\\/\\\/schema.org\",\"@graph\":[{\"@type\":\"Article\",\"@id\":\"https:\\\/\\\/hsls.hr\\\/web\\\/hsls-kutina-obiljezio-28-godisnjicu-osnutka\\\/#article\",\"isPartOf\":{\"@id\":\"https:\\\/\\\/hsls.hr\\\/web\\\/hsls-kutina-obiljezio-28-godisnjicu-osnutka\\\/\"},\"author\":{\"name\":\"HSLS\",\"@id\":\"https:\\\/\\\/hsls.hr\\\/web\\\/#\\\/schema\\\/person\\\/e3f651016d644a22e87c41fd9bc31f7b\"},\"headline\":\"HSLS \u2013 KUTINA OBILJE\u017dIO 28. GODI\u0160NJICU OSNUTKA\",\"datePublished\":\"2018-04-04T12:56:08+00:00\",\"dateModified\":\"2023-05-30T11:42:04+00:00\",\"mainEntityOfPage\":{\"@id\":\"https:\\\/\\\/hsls.hr\\\/web\\\/hsls-kutina-obiljezio-28-godisnjicu-osnutka\\\/\"},\"wordCount\":642,\"image\":{\"@id\":\"https:\\\/\\\/hsls.hr\\\/web\\\/hsls-kutina-obiljezio-28-godisnjicu-osnutka\\\/#primaryimage\"},\"thumbnailUrl\":\"https:\\\/\\\/hsls.hr\\\/web\\\/wp-content\\\/uploads\\\/2023\\\/05\\\/HSLS-Kutina-28.-godisnjica-Slika-1-19.03.2018.jpg\",\"articleSection\":[\"Lokalno\"],\"inLanguage\":\"hr\"},{\"@type\":\"WebPage\",\"@id\":\"https:\\\/\\\/hsls.hr\\\/web\\\/hsls-kutina-obiljezio-28-godisnjicu-osnutka\\\/\",\"url\":\"https:\\\/\\\/hsls.hr\\\/web\\\/hsls-kutina-obiljezio-28-godisnjicu-osnutka\\\/\",\"name\":\"HSLS \u2013 KUTINA OBILJE\u017dIO 28. GODI\u0160NJICU OSNUTKA - HSLS\",\"isPartOf\":{\"@id\":\"https:\\\/\\\/hsls.hr\\\/web\\\/#website\"},\"primaryImageOfPage\":{\"@id\":\"https:\\\/\\\/hsls.hr\\\/web\\\/hsls-kutina-obiljezio-28-godisnjicu-osnutka\\\/#primaryimage\"},\"image\":{\"@id\":\"https:\\\/\\\/hsls.hr\\\/web\\\/hsls-kutina-obiljezio-28-godisnjicu-osnutka\\\/#primaryimage\"},\"thumbnailUrl\":\"https:\\\/\\\/hsls.hr\\\/web\\\/wp-content\\\/uploads\\\/2023\\\/05\\\/HSLS-Kutina-28.-godisnjica-Slika-1-19.03.2018.jpg\",\"datePublished\":\"2018-04-04T12:56:08+00:00\",\"dateModified\":\"2023-05-30T11:42:04+00:00\",\"author\":{\"@id\":\"https:\\\/\\\/hsls.hr\\\/web\\\/#\\\/schema\\\/person\\\/e3f651016d644a22e87c41fd9bc31f7b\"},\"breadcrumb\":{\"@id\":\"https:\\\/\\\/hsls.hr\\\/web\\\/hsls-kutina-obiljezio-28-godisnjicu-osnutka\\\/#breadcrumb\"},\"inLanguage\":\"hr\",\"potentialAction\":[{\"@type\":\"ReadAction\",\"target\":[\"https:\\\/\\\/hsls.hr\\\/web\\\/hsls-kutina-obiljezio-28-godisnjicu-osnutka\\\/\"]}]},{\"@type\":\"ImageObject\",\"inLanguage\":\"hr\",\"@id\":\"https:\\\/\\\/hsls.hr\\\/web\\\/hsls-kutina-obiljezio-28-godisnjicu-osnutka\\\/#primaryimage\",\"url\":\"https:\\\/\\\/hsls.hr\\\/web\\\/wp-content\\\/uploads\\\/2023\\\/05\\\/HSLS-Kutina-28.-godisnjica-Slika-1-19.03.2018.jpg\",\"contentUrl\":\"https:\\\/\\\/hsls.hr\\\/web\\\/wp-content\\\/uploads\\\/2023\\\/05\\\/HSLS-Kutina-28.-godisnjica-Slika-1-19.03.2018.jpg\",\"width\":760,\"height\":570},{\"@type\":\"BreadcrumbList\",\"@id\":\"https:\\\/\\\/hsls.hr\\\/web\\\/hsls-kutina-obiljezio-28-godisnjicu-osnutka\\\/#breadcrumb\",\"itemListElement\":[{\"@type\":\"ListItem\",\"position\":1,\"name\":\"Po\u010detna stranica\",\"item\":\"https:\\\/\\\/hsls.hr\\\/web\\\/\"},{\"@type\":\"ListItem\",\"position\":2,\"name\":\"HSLS \u2013 KUTINA OBILJE\u017dIO 28. GODI\u0160NJICU OSNUTKA\"}]},{\"@type\":\"WebSite\",\"@id\":\"https:\\\/\\\/hsls.hr\\\/web\\\/#website\",\"url\":\"https:\\\/\\\/hsls.hr\\\/web\\\/\",\"name\":\"HSLS\",\"description\":\"Hrvatska socijalno-liberalna stranka\",\"potentialAction\":[{\"@type\":\"SearchAction\",\"target\":{\"@type\":\"EntryPoint\",\"urlTemplate\":\"https:\\\/\\\/hsls.hr\\\/web\\\/?s={search_term_string}\"},\"query-input\":{\"@type\":\"PropertyValueSpecification\",\"valueRequired\":true,\"valueName\":\"search_term_string\"}}],\"inLanguage\":\"hr\"},{\"@type\":\"Person\",\"@id\":\"https:\\\/\\\/hsls.hr\\\/web\\\/#\\\/schema\\\/person\\\/e3f651016d644a22e87c41fd9bc31f7b\",\"name\":\"HSLS\",\"image\":{\"@type\":\"ImageObject\",\"inLanguage\":\"hr\",\"@id\":\"https:\\\/\\\/secure.gravatar.com\\\/avatar\\\/1f45d97b500c25de1ecef91e0eaa08ca0ada41c344c17876869f452108429fb9?s=96&d=mm&r=g\",\"url\":\"https:\\\/\\\/secure.gravatar.com\\\/avatar\\\/1f45d97b500c25de1ecef91e0eaa08ca0ada41c344c17876869f452108429fb9?s=96&d=mm&r=g\",\"contentUrl\":\"https:\\\/\\\/secure.gravatar.com\\\/avatar\\\/1f45d97b500c25de1ecef91e0eaa08ca0ada41c344c17876869f452108429fb9?s=96&d=mm&r=g\",\"caption\":\"HSLS\"},\"sameAs\":[\"https:\\\/\\\/hsls.hr\\\/web\"],\"url\":\"https:\\\/\\\/hsls.hr\\\/web\\\/author\\\/hsadminls\\\/\"}]}<\/script>\n<!-- \/ Yoast SEO plugin. -->","yoast_head_json":{"title":"HSLS \u2013 KUTINA OBILJE\u017dIO 28. GODI\u0160NJICU OSNUTKA - HSLS","robots":{"index":"index","follow":"follow","max-snippet":"max-snippet:-1","max-image-preview":"max-image-preview:large","max-video-preview":"max-video-preview:-1"},"canonical":"https:\/\/hsls.hr\/web\/hsls-kutina-obiljezio-28-godisnjicu-osnutka\/","og_locale":"hr_HR","og_type":"article","og_title":"HSLS \u2013 KUTINA OBILJE\u017dIO 28. GODI\u0160NJICU OSNUTKA - HSLS","og_description":"HSLS KUTINA je obilje\u017eio 28. godi\u0161njicu osnutka konferencijom za novinare i prigodnim dru\u017eenjem svojih \u010dlanova. Na konferenciji za novinare svim gra\u0111anima grada Kutine obratio se predsjednik Gradskog vije\u0107a grada Kutine&hellip;","og_url":"https:\/\/hsls.hr\/web\/hsls-kutina-obiljezio-28-godisnjicu-osnutka\/","og_site_name":"HSLS","article_published_time":"2018-04-04T12:56:08+00:00","article_modified_time":"2023-05-30T11:42:04+00:00","og_image":[{"width":760,"height":570,"url":"https:\/\/hsls.hr\/web\/wp-content\/uploads\/2023\/05\/HSLS-Kutina-28.-godisnjica-Slika-1-19.03.2018.jpg","type":"image\/jpeg"}],"author":"HSLS","twitter_card":"summary_large_image","twitter_misc":{"Napisao\/la":"HSLS","Procijenjeno vrijeme \u010ditanja":"3 minute"},"schema":{"@context":"https:\/\/schema.org","@graph":[{"@type":"Article","@id":"https:\/\/hsls.hr\/web\/hsls-kutina-obiljezio-28-godisnjicu-osnutka\/#article","isPartOf":{"@id":"https:\/\/hsls.hr\/web\/hsls-kutina-obiljezio-28-godisnjicu-osnutka\/"},"author":{"name":"HSLS","@id":"https:\/\/hsls.hr\/web\/#\/schema\/person\/e3f651016d644a22e87c41fd9bc31f7b"},"headline":"HSLS \u2013 KUTINA OBILJE\u017dIO 28. GODI\u0160NJICU OSNUTKA","datePublished":"2018-04-04T12:56:08+00:00","dateModified":"2023-05-30T11:42:04+00:00","mainEntityOfPage":{"@id":"https:\/\/hsls.hr\/web\/hsls-kutina-obiljezio-28-godisnjicu-osnutka\/"},"wordCount":642,"image":{"@id":"https:\/\/hsls.hr\/web\/hsls-kutina-obiljezio-28-godisnjicu-osnutka\/#primaryimage"},"thumbnailUrl":"https:\/\/hsls.hr\/web\/wp-content\/uploads\/2023\/05\/HSLS-Kutina-28.-godisnjica-Slika-1-19.03.2018.jpg","articleSection":["Lokalno"],"inLanguage":"hr"},{"@type":"WebPage","@id":"https:\/\/hsls.hr\/web\/hsls-kutina-obiljezio-28-godisnjicu-osnutka\/","url":"https:\/\/hsls.hr\/web\/hsls-kutina-obiljezio-28-godisnjicu-osnutka\/","name":"HSLS \u2013 KUTINA OBILJE\u017dIO 28. GODI\u0160NJICU OSNUTKA - HSLS","isPartOf":{"@id":"https:\/\/hsls.hr\/web\/#website"},"primaryImageOfPage":{"@id":"https:\/\/hsls.hr\/web\/hsls-kutina-obiljezio-28-godisnjicu-osnutka\/#primaryimage"},"image":{"@id":"https:\/\/hsls.hr\/web\/hsls-kutina-obiljezio-28-godisnjicu-osnutka\/#primaryimage"},"thumbnailUrl":"https:\/\/hsls.hr\/web\/wp-content\/uploads\/2023\/05\/HSLS-Kutina-28.-godisnjica-Slika-1-19.03.2018.jpg","datePublished":"2018-04-04T12:56:08+00:00","dateModified":"2023-05-30T11:42:04+00:00","author":{"@id":"https:\/\/hsls.hr\/web\/#\/schema\/person\/e3f651016d644a22e87c41fd9bc31f7b"},"breadcrumb":{"@id":"https:\/\/hsls.hr\/web\/hsls-kutina-obiljezio-28-godisnjicu-osnutka\/#breadcrumb"},"inLanguage":"hr","potentialAction":[{"@type":"ReadAction","target":["https:\/\/hsls.hr\/web\/hsls-kutina-obiljezio-28-godisnjicu-osnutka\/"]}]},{"@type":"ImageObject","inLanguage":"hr","@id":"https:\/\/hsls.hr\/web\/hsls-kutina-obiljezio-28-godisnjicu-osnutka\/#primaryimage","url":"https:\/\/hsls.hr\/web\/wp-content\/uploads\/2023\/05\/HSLS-Kutina-28.-godisnjica-Slika-1-19.03.2018.jpg","contentUrl":"https:\/\/hsls.hr\/web\/wp-content\/uploads\/2023\/05\/HSLS-Kutina-28.-godisnjica-Slika-1-19.03.2018.jpg","width":760,"height":570},{"@type":"BreadcrumbList","@id":"https:\/\/hsls.hr\/web\/hsls-kutina-obiljezio-28-godisnjicu-osnutka\/#breadcrumb","itemListElement":[{"@type":"ListItem","position":1,"name":"Po\u010detna stranica","item":"https:\/\/hsls.hr\/web\/"},{"@type":"ListItem","position":2,"name":"HSLS \u2013 KUTINA OBILJE\u017dIO 28. GODI\u0160NJICU OSNUTKA"}]},{"@type":"WebSite","@id":"https:\/\/hsls.hr\/web\/#website","url":"https:\/\/hsls.hr\/web\/","name":"HSLS","description":"Hrvatska socijalno-liberalna stranka","potentialAction":[{"@type":"SearchAction","target":{"@type":"EntryPoint","urlTemplate":"https:\/\/hsls.hr\/web\/?s={search_term_string}"},"query-input":{"@type":"PropertyValueSpecification","valueRequired":true,"valueName":"search_term_string"}}],"inLanguage":"hr"},{"@type":"Person","@id":"https:\/\/hsls.hr\/web\/#\/schema\/person\/e3f651016d644a22e87c41fd9bc31f7b","name":"HSLS","image":{"@type":"ImageObject","inLanguage":"hr","@id":"https:\/\/secure.gravatar.com\/avatar\/1f45d97b500c25de1ecef91e0eaa08ca0ada41c344c17876869f452108429fb9?s=96&d=mm&r=g","url":"https:\/\/secure.gravatar.com\/avatar\/1f45d97b500c25de1ecef91e0eaa08ca0ada41c344c17876869f452108429fb9?s=96&d=mm&r=g","contentUrl":"https:\/\/secure.gravatar.com\/avatar\/1f45d97b500c25de1ecef91e0eaa08ca0ada41c344c17876869f452108429fb9?s=96&d=mm&r=g","caption":"HSLS"},"sameAs":["https:\/\/hsls.hr\/web"],"url":"https:\/\/hsls.hr\/web\/author\/hsadminls\/"}]}},"_links":{"self":[{"href":"https:\/\/hsls.hr\/web\/wp-json\/wp\/v2\/posts\/2956","targetHints":{"allow":["GET"]}}],"collection":[{"href":"https:\/\/hsls.hr\/web\/wp-json\/wp\/v2\/posts"}],"about":[{"href":"https:\/\/hsls.hr\/web\/wp-json\/wp\/v2\/types\/post"}],"author":[{"embeddable":true,"href":"https:\/\/hsls.hr\/web\/wp-json\/wp\/v2\/users\/1"}],"replies":[{"embeddable":true,"href":"https:\/\/hsls.hr\/web\/wp-json\/wp\/v2\/comments?post=2956"}],"version-history":[{"count":2,"href":"https:\/\/hsls.hr\/web\/wp-json\/wp\/v2\/posts\/2956\/revisions"}],"predecessor-version":[{"id":3172,"href":"https:\/\/hsls.hr\/web\/wp-json\/wp\/v2\/posts\/2956\/revisions\/3172"}],"wp:featuredmedia":[{"embeddable":true,"href":"https:\/\/hsls.hr\/web\/wp-json\/wp\/v2\/media\/2957"}],"wp:attachment":[{"href":"https:\/\/hsls.hr\/web\/wp-json\/wp\/v2\/media?parent=2956"}],"wp:term":[{"taxonomy":"category","embeddable":true,"href":"https:\/\/hsls.hr\/web\/wp-json\/wp\/v2\/categories?post=2956"},{"taxonomy":"post_tag","embeddable":true,"href":"https:\/\/hsls.hr\/web\/wp-json\/wp\/v2\/tags?post=2956"}],"curies":[{"name":"wp","href":"https:\/\/api.w.org\/{rel}","templated":true}]}}