{"id":2877,"date":"2019-10-28T17:13:50","date_gmt":"2019-10-28T17:13:50","guid":{"rendered":"https:\/\/hsls.hr\/web\/kandidati-na-19-saboru-hsls-a\/"},"modified":"2023-05-30T11:24:15","modified_gmt":"2023-05-30T11:24:15","slug":"kandidati-na-19-saboru-hsls-a","status":"publish","type":"post","link":"https:\/\/hsls.hr\/web\/kandidati-na-19-saboru-hsls-a\/","title":{"rendered":"Kandidati na 19. saboru HSLS-a"},"content":{"rendered":"<p><strong>Kandidature za<br \/>\n19. sabor HSLS-a<\/strong><\/p>\n<p><strong>Predsjednik<br \/>\n(bira se jedan kandidat)<\/strong><\/p>\n<ol>\n<li>Hrebak, Dario, Bjelovar<\/li>\n<li>Kati\u0107, \u017darko, Donji Grad<\/li>\n<\/ol>\n<p><strong>Potpredsjednici (biraju se 4<br \/>\nkandidatkinje\/kandidata)<\/strong><\/p>\n<ol>\n<li>Ana Bala\u0161ko, Kutina<\/li>\n<li>Ton\u0107i Bla\u017eevi\u0107, Split<\/li>\n<li>Sandro Jurman, Kanfanar<\/li>\n<li>Sa\u0161a Poljanec- Bori\u0107, Donji Grad<\/li>\n<li>Tomislav Stipi\u0107, Kri\u017eevci<\/li>\n<li>Ivan \u017deko, Nu\u0161tar<\/li>\n<\/ol>\n<p><strong>Sredi\u0161nje<br \/>\nvije\u0107e (biraju se 42 kandidatkinje\/kandidata)<\/strong><\/p>\n<ol>\n<li>Zlatko Aga, Re\u0161etari<\/li>\n<li>Tomislav An\u010di\u0107, Orebi\u0107<\/li>\n<li>Vladimir Andri\u0107, Stenjevec<\/li>\n<li>Miho Ba\u0107e, Dubrovnik<\/li>\n<li>Goran Ban, Zadar<\/li>\n<li>Robert Banek, Rasinja<\/li>\n<li>Sandra Belavi\u0107, Karlovac<\/li>\n<li>Zoran Buljevi\u0107, Donji grad<\/li>\n<li>Zoran Butkovi\u0107, Pula<\/li>\n<li>Zdenka Buturac, Vi\u0161kovo<\/li>\n<li>Maro Car, Crikvenica<\/li>\n<li>Dra\u017een Crn\u010dec, Sv. Martin na Muri<\/li>\n<li>Ilija \u010ci\u010dak, Knin<\/li>\n<li>Irena Daj\u010dar, Donji grad<\/li>\n<li>Gordana Domjani\u0107, Virovitica<\/li>\n<li>Slavko Do\u0161en, Zrinski Topolovac<\/li>\n<li>Dra\u017een Finti\u0107, Zapre\u0161i\u0107<\/li>\n<li>Alen Gospo\u010di\u0107, \u010crnomerec<\/li>\n<li>Daniel Hin\u0161t, Maksimir<\/li>\n<li>Mario Holi\u010dek, Bjelovar<\/li>\n<li>Vjenceslav Hranilovi\u0107, Podturen<\/li>\n<li>Ivan Hrupa\u010dki, Bednja<\/li>\n<li>Kristijan Jeli\u0107, Tre\u0161njevka sjever<\/li>\n<li>Branko Jerkovi\u0107, Metkovi\u0107<\/li>\n<li>Lidija Jurak, Zagorska Sela<\/li>\n<li>Anton Juran, Suhopolje<\/li>\n<li>Renata Kajba, Zagorska sela<\/li>\n<li>Tomislav Klari\u0107 \u2013 Kukuz, Sinj<\/li>\n<li>Darko Klasi\u0107, \u010crnomerec<\/li>\n<li>Tomislav Kola\u010dny, \u010crnomerec<\/li>\n<li>Tatjana Luka\u010d, Donji grad<\/li>\n<li>Marino Mari\u0107, Zadar<\/li>\n<li>Darko Marki\u0107, Koprivnica<\/li>\n<li>Ljiljana Neki\u0107, Rijeka<\/li>\n<li>Milena Petkovi\u0107, Mursko Sredi\u0161\u0107e<\/li>\n<li>Driton Prekazi, Koprivnica<\/li>\n<li>Josip Pu\u0161kari\u0107, Vo\u0111inci<\/li>\n<li>Branko Rada\u010di\u0107, Ka\u0161tela<\/li>\n<li>Nenad Raj\u010devi\u0107, Ivanska<\/li>\n<li>Dragica Ratkovi\u0107, Vara\u017edinske Toplice<\/li>\n<li>Lana Ro\u0111ak, \u010cakovec<\/li>\n<li>Goran Romek, Bjelovar<\/li>\n<li>Vladimir Sabljak, Karlovac<\/li>\n<li>Mario Samodol, Gornja Dubrava<\/li>\n<li>Marija Star\u010devi\u0107, Popova\u010da<\/li>\n<li>Milena Stjepanovi\u0107 Majer, Po\u017eega<\/li>\n<li>Josip \u0160estak, Podsused-Vrap\u010de<\/li>\n<li>Mirna \u0160pehar, Karlovac<\/li>\n<li>Robert \u0160pehar, Karlovac<\/li>\n<li>Marija \u0160tambuk \u0160unji\u0107, Split<\/li>\n<li>Lada Terzi\u0107, Split<\/li>\n<li>Ivan Travica Zadar<\/li>\n<li>Ante Turi\u0107, Prolo\u017eac<\/li>\n<li>Mladen Vidi\u0107, Sinj<\/li>\n<li>Mario Vlaini\u0107, Staro Petrovo Selo<\/li>\n<li>Zdenko \u017ditnik, Klanjec<\/li>\n<li>Maja \u017dugaj, Slatina<\/li>\n<\/ol>\n<p><strong>Statutarna<br \/>\nkomisija (bira se 5 kandidatkinja\/kandidata)<\/strong><\/p>\n<ol>\n<li>Ivan Cingulin, Klanjec<\/li>\n<li>Anto Faletar, Vo\u0111inci<\/li>\n<li>Filip Janu\u0161, \u010crnomerec<\/li>\n<li>Sini\u0161a Knezi\u0107, Bjelovar<\/li>\n<li>Alen Lochert, Donji Grad<\/li>\n<li>Lorenco Zeki\u0107, Split<\/li>\n<\/ol>\n<p><strong>Nadzorni<br \/>\nodbor (bira se 5 kandidatkinja\/kandidata)<\/strong><\/p>\n<ol>\n<li>Janko Celjak, \u010crnomerec<\/li>\n<li>Alen Ki\u0111emet, Bjelovar,<\/li>\n<li>Kristina Kocur, Bjelovar<\/li>\n<li>Lali\u0107 Kornelije, Re\u0161etari<\/li>\n<li>Milena Markt, Ivani\u0107 Grad<\/li>\n<li>Maja Petri\u0107, Split<\/li>\n<li>Damir Su\u010di\u0107, Kotoriba<\/li>\n<\/ol>\n<p><strong>Kandidati<br \/>\nMHL-a za \u010dlanove Sredi\u0161njeg vije\u0107a (bira<br \/>\nse dva kandidata)<\/strong><\/p>\n<ol>\n<li>Hrvoje Ba\u0161i\u0107<\/li>\n<li>Jelena Jerkovi\u0107<\/li>\n<\/ol>\n","protected":false},"excerpt":{"rendered":"<p>Kandidature za 19. sabor HSLS-a Predsjednik (bira se jedan kandidat) Hrebak, Dario, Bjelovar Kati\u0107, \u017darko, Donji Grad Potpredsjednici (biraju se 4 kandidatkinje\/kandidata) Ana Bala\u0161ko, Kutina Ton\u0107i Bla\u017eevi\u0107, Split Sandro Jurman,&hellip;<\/p>\n","protected":false},"author":1,"featured_media":2875,"comment_status":"closed","ping_status":"open","sticky":false,"template":"","format":"standard","meta":{"_lmt_disableupdate":"","_lmt_disable":"","footnotes":""},"categories":[1],"tags":[],"class_list":["post-2877","post","type-post","status-publish","format-standard","has-post-thumbnail","hentry","category-nacionalne-vijesti"],"yoast_head":"<!-- This site is optimized with the Yoast SEO plugin v27.5 - https:\/\/yoast.com\/product\/yoast-seo-wordpress\/ -->\n<title>Kandidati na 19. saboru HSLS-a - HSLS<\/title>\n<meta name=\"robots\" content=\"index, follow, max-snippet:-1, max-image-preview:large, max-video-preview:-1\" \/>\n<link rel=\"canonical\" href=\"https:\/\/hsls.hr\/web\/kandidati-na-19-saboru-hsls-a\/\" \/>\n<meta property=\"og:locale\" content=\"hr_HR\" \/>\n<meta property=\"og:type\" content=\"article\" \/>\n<meta property=\"og:title\" content=\"Kandidati na 19. saboru HSLS-a - HSLS\" \/>\n<meta property=\"og:description\" content=\"Kandidature za 19. sabor HSLS-a Predsjednik (bira se jedan kandidat) Hrebak, Dario, Bjelovar Kati\u0107, \u017darko, Donji Grad Potpredsjednici (biraju se 4 kandidatkinje\/kandidata) Ana Bala\u0161ko, Kutina Ton\u0107i Bla\u017eevi\u0107, Split Sandro Jurman,&hellip;\" \/>\n<meta property=\"og:url\" content=\"https:\/\/hsls.hr\/web\/kandidati-na-19-saboru-hsls-a\/\" \/>\n<meta property=\"og:site_name\" content=\"HSLS\" \/>\n<meta property=\"article:published_time\" content=\"2019-10-28T17:13:50+00:00\" \/>\n<meta property=\"article:modified_time\" content=\"2023-05-30T11:24:15+00:00\" \/>\n<meta property=\"og:image\" content=\"https:\/\/hsls.hr\/web\/wp-content\/uploads\/2023\/05\/favicon.jpg\" \/>\n\t<meta property=\"og:image:width\" content=\"512\" \/>\n\t<meta property=\"og:image:height\" content=\"512\" \/>\n\t<meta property=\"og:image:type\" content=\"image\/jpeg\" \/>\n<meta name=\"author\" content=\"HSLS\" \/>\n<meta name=\"twitter:card\" content=\"summary_large_image\" \/>\n<meta name=\"twitter:label1\" content=\"Napisao\/la\" \/>\n\t<meta name=\"twitter:data1\" content=\"HSLS\" \/>\n\t<meta name=\"twitter:label2\" content=\"Procijenjeno vrijeme \u010ditanja\" \/>\n\t<meta name=\"twitter:data2\" content=\"2 minute\" \/>\n<script type=\"application\/ld+json\" class=\"yoast-schema-graph\">{\"@context\":\"https:\\\/\\\/schema.org\",\"@graph\":[{\"@type\":\"Article\",\"@id\":\"https:\\\/\\\/hsls.hr\\\/web\\\/kandidati-na-19-saboru-hsls-a\\\/#article\",\"isPartOf\":{\"@id\":\"https:\\\/\\\/hsls.hr\\\/web\\\/kandidati-na-19-saboru-hsls-a\\\/\"},\"author\":{\"name\":\"HSLS\",\"@id\":\"https:\\\/\\\/hsls.hr\\\/web\\\/#\\\/schema\\\/person\\\/e3f651016d644a22e87c41fd9bc31f7b\"},\"headline\":\"Kandidati na 19. saboru HSLS-a\",\"datePublished\":\"2019-10-28T17:13:50+00:00\",\"dateModified\":\"2023-05-30T11:24:15+00:00\",\"mainEntityOfPage\":{\"@id\":\"https:\\\/\\\/hsls.hr\\\/web\\\/kandidati-na-19-saboru-hsls-a\\\/\"},\"wordCount\":353,\"image\":{\"@id\":\"https:\\\/\\\/hsls.hr\\\/web\\\/kandidati-na-19-saboru-hsls-a\\\/#primaryimage\"},\"thumbnailUrl\":\"https:\\\/\\\/hsls.hr\\\/web\\\/wp-content\\\/uploads\\\/2023\\\/05\\\/favicon.jpg\",\"articleSection\":[\"Nacionalno\"],\"inLanguage\":\"hr\"},{\"@type\":\"WebPage\",\"@id\":\"https:\\\/\\\/hsls.hr\\\/web\\\/kandidati-na-19-saboru-hsls-a\\\/\",\"url\":\"https:\\\/\\\/hsls.hr\\\/web\\\/kandidati-na-19-saboru-hsls-a\\\/\",\"name\":\"Kandidati na 19. saboru HSLS-a - HSLS\",\"isPartOf\":{\"@id\":\"https:\\\/\\\/hsls.hr\\\/web\\\/#website\"},\"primaryImageOfPage\":{\"@id\":\"https:\\\/\\\/hsls.hr\\\/web\\\/kandidati-na-19-saboru-hsls-a\\\/#primaryimage\"},\"image\":{\"@id\":\"https:\\\/\\\/hsls.hr\\\/web\\\/kandidati-na-19-saboru-hsls-a\\\/#primaryimage\"},\"thumbnailUrl\":\"https:\\\/\\\/hsls.hr\\\/web\\\/wp-content\\\/uploads\\\/2023\\\/05\\\/favicon.jpg\",\"datePublished\":\"2019-10-28T17:13:50+00:00\",\"dateModified\":\"2023-05-30T11:24:15+00:00\",\"author\":{\"@id\":\"https:\\\/\\\/hsls.hr\\\/web\\\/#\\\/schema\\\/person\\\/e3f651016d644a22e87c41fd9bc31f7b\"},\"breadcrumb\":{\"@id\":\"https:\\\/\\\/hsls.hr\\\/web\\\/kandidati-na-19-saboru-hsls-a\\\/#breadcrumb\"},\"inLanguage\":\"hr\",\"potentialAction\":[{\"@type\":\"ReadAction\",\"target\":[\"https:\\\/\\\/hsls.hr\\\/web\\\/kandidati-na-19-saboru-hsls-a\\\/\"]}]},{\"@type\":\"ImageObject\",\"inLanguage\":\"hr\",\"@id\":\"https:\\\/\\\/hsls.hr\\\/web\\\/kandidati-na-19-saboru-hsls-a\\\/#primaryimage\",\"url\":\"https:\\\/\\\/hsls.hr\\\/web\\\/wp-content\\\/uploads\\\/2023\\\/05\\\/favicon.jpg\",\"contentUrl\":\"https:\\\/\\\/hsls.hr\\\/web\\\/wp-content\\\/uploads\\\/2023\\\/05\\\/favicon.jpg\",\"width\":512,\"height\":512},{\"@type\":\"BreadcrumbList\",\"@id\":\"https:\\\/\\\/hsls.hr\\\/web\\\/kandidati-na-19-saboru-hsls-a\\\/#breadcrumb\",\"itemListElement\":[{\"@type\":\"ListItem\",\"position\":1,\"name\":\"Po\u010detna stranica\",\"item\":\"https:\\\/\\\/hsls.hr\\\/web\\\/\"},{\"@type\":\"ListItem\",\"position\":2,\"name\":\"Kandidati na 19. saboru HSLS-a\"}]},{\"@type\":\"WebSite\",\"@id\":\"https:\\\/\\\/hsls.hr\\\/web\\\/#website\",\"url\":\"https:\\\/\\\/hsls.hr\\\/web\\\/\",\"name\":\"HSLS\",\"description\":\"Hrvatska socijalno-liberalna stranka\",\"potentialAction\":[{\"@type\":\"SearchAction\",\"target\":{\"@type\":\"EntryPoint\",\"urlTemplate\":\"https:\\\/\\\/hsls.hr\\\/web\\\/?s={search_term_string}\"},\"query-input\":{\"@type\":\"PropertyValueSpecification\",\"valueRequired\":true,\"valueName\":\"search_term_string\"}}],\"inLanguage\":\"hr\"},{\"@type\":\"Person\",\"@id\":\"https:\\\/\\\/hsls.hr\\\/web\\\/#\\\/schema\\\/person\\\/e3f651016d644a22e87c41fd9bc31f7b\",\"name\":\"HSLS\",\"image\":{\"@type\":\"ImageObject\",\"inLanguage\":\"hr\",\"@id\":\"https:\\\/\\\/secure.gravatar.com\\\/avatar\\\/1f45d97b500c25de1ecef91e0eaa08ca0ada41c344c17876869f452108429fb9?s=96&d=mm&r=g\",\"url\":\"https:\\\/\\\/secure.gravatar.com\\\/avatar\\\/1f45d97b500c25de1ecef91e0eaa08ca0ada41c344c17876869f452108429fb9?s=96&d=mm&r=g\",\"contentUrl\":\"https:\\\/\\\/secure.gravatar.com\\\/avatar\\\/1f45d97b500c25de1ecef91e0eaa08ca0ada41c344c17876869f452108429fb9?s=96&d=mm&r=g\",\"caption\":\"HSLS\"},\"sameAs\":[\"https:\\\/\\\/hsls.hr\\\/web\"],\"url\":\"https:\\\/\\\/hsls.hr\\\/web\\\/author\\\/hsadminls\\\/\"}]}<\/script>\n<!-- \/ Yoast SEO plugin. -->","yoast_head_json":{"title":"Kandidati na 19. saboru HSLS-a - HSLS","robots":{"index":"index","follow":"follow","max-snippet":"max-snippet:-1","max-image-preview":"max-image-preview:large","max-video-preview":"max-video-preview:-1"},"canonical":"https:\/\/hsls.hr\/web\/kandidati-na-19-saboru-hsls-a\/","og_locale":"hr_HR","og_type":"article","og_title":"Kandidati na 19. saboru HSLS-a - HSLS","og_description":"Kandidature za 19. sabor HSLS-a Predsjednik (bira se jedan kandidat) Hrebak, Dario, Bjelovar Kati\u0107, \u017darko, Donji Grad Potpredsjednici (biraju se 4 kandidatkinje\/kandidata) Ana Bala\u0161ko, Kutina Ton\u0107i Bla\u017eevi\u0107, Split Sandro Jurman,&hellip;","og_url":"https:\/\/hsls.hr\/web\/kandidati-na-19-saboru-hsls-a\/","og_site_name":"HSLS","article_published_time":"2019-10-28T17:13:50+00:00","article_modified_time":"2023-05-30T11:24:15+00:00","og_image":[{"width":512,"height":512,"url":"https:\/\/hsls.hr\/web\/wp-content\/uploads\/2023\/05\/favicon.jpg","type":"image\/jpeg"}],"author":"HSLS","twitter_card":"summary_large_image","twitter_misc":{"Napisao\/la":"HSLS","Procijenjeno vrijeme \u010ditanja":"2 minute"},"schema":{"@context":"https:\/\/schema.org","@graph":[{"@type":"Article","@id":"https:\/\/hsls.hr\/web\/kandidati-na-19-saboru-hsls-a\/#article","isPartOf":{"@id":"https:\/\/hsls.hr\/web\/kandidati-na-19-saboru-hsls-a\/"},"author":{"name":"HSLS","@id":"https:\/\/hsls.hr\/web\/#\/schema\/person\/e3f651016d644a22e87c41fd9bc31f7b"},"headline":"Kandidati na 19. saboru HSLS-a","datePublished":"2019-10-28T17:13:50+00:00","dateModified":"2023-05-30T11:24:15+00:00","mainEntityOfPage":{"@id":"https:\/\/hsls.hr\/web\/kandidati-na-19-saboru-hsls-a\/"},"wordCount":353,"image":{"@id":"https:\/\/hsls.hr\/web\/kandidati-na-19-saboru-hsls-a\/#primaryimage"},"thumbnailUrl":"https:\/\/hsls.hr\/web\/wp-content\/uploads\/2023\/05\/favicon.jpg","articleSection":["Nacionalno"],"inLanguage":"hr"},{"@type":"WebPage","@id":"https:\/\/hsls.hr\/web\/kandidati-na-19-saboru-hsls-a\/","url":"https:\/\/hsls.hr\/web\/kandidati-na-19-saboru-hsls-a\/","name":"Kandidati na 19. saboru HSLS-a - HSLS","isPartOf":{"@id":"https:\/\/hsls.hr\/web\/#website"},"primaryImageOfPage":{"@id":"https:\/\/hsls.hr\/web\/kandidati-na-19-saboru-hsls-a\/#primaryimage"},"image":{"@id":"https:\/\/hsls.hr\/web\/kandidati-na-19-saboru-hsls-a\/#primaryimage"},"thumbnailUrl":"https:\/\/hsls.hr\/web\/wp-content\/uploads\/2023\/05\/favicon.jpg","datePublished":"2019-10-28T17:13:50+00:00","dateModified":"2023-05-30T11:24:15+00:00","author":{"@id":"https:\/\/hsls.hr\/web\/#\/schema\/person\/e3f651016d644a22e87c41fd9bc31f7b"},"breadcrumb":{"@id":"https:\/\/hsls.hr\/web\/kandidati-na-19-saboru-hsls-a\/#breadcrumb"},"inLanguage":"hr","potentialAction":[{"@type":"ReadAction","target":["https:\/\/hsls.hr\/web\/kandidati-na-19-saboru-hsls-a\/"]}]},{"@type":"ImageObject","inLanguage":"hr","@id":"https:\/\/hsls.hr\/web\/kandidati-na-19-saboru-hsls-a\/#primaryimage","url":"https:\/\/hsls.hr\/web\/wp-content\/uploads\/2023\/05\/favicon.jpg","contentUrl":"https:\/\/hsls.hr\/web\/wp-content\/uploads\/2023\/05\/favicon.jpg","width":512,"height":512},{"@type":"BreadcrumbList","@id":"https:\/\/hsls.hr\/web\/kandidati-na-19-saboru-hsls-a\/#breadcrumb","itemListElement":[{"@type":"ListItem","position":1,"name":"Po\u010detna stranica","item":"https:\/\/hsls.hr\/web\/"},{"@type":"ListItem","position":2,"name":"Kandidati na 19. saboru HSLS-a"}]},{"@type":"WebSite","@id":"https:\/\/hsls.hr\/web\/#website","url":"https:\/\/hsls.hr\/web\/","name":"HSLS","description":"Hrvatska socijalno-liberalna stranka","potentialAction":[{"@type":"SearchAction","target":{"@type":"EntryPoint","urlTemplate":"https:\/\/hsls.hr\/web\/?s={search_term_string}"},"query-input":{"@type":"PropertyValueSpecification","valueRequired":true,"valueName":"search_term_string"}}],"inLanguage":"hr"},{"@type":"Person","@id":"https:\/\/hsls.hr\/web\/#\/schema\/person\/e3f651016d644a22e87c41fd9bc31f7b","name":"HSLS","image":{"@type":"ImageObject","inLanguage":"hr","@id":"https:\/\/secure.gravatar.com\/avatar\/1f45d97b500c25de1ecef91e0eaa08ca0ada41c344c17876869f452108429fb9?s=96&d=mm&r=g","url":"https:\/\/secure.gravatar.com\/avatar\/1f45d97b500c25de1ecef91e0eaa08ca0ada41c344c17876869f452108429fb9?s=96&d=mm&r=g","contentUrl":"https:\/\/secure.gravatar.com\/avatar\/1f45d97b500c25de1ecef91e0eaa08ca0ada41c344c17876869f452108429fb9?s=96&d=mm&r=g","caption":"HSLS"},"sameAs":["https:\/\/hsls.hr\/web"],"url":"https:\/\/hsls.hr\/web\/author\/hsadminls\/"}]}},"_links":{"self":[{"href":"https:\/\/hsls.hr\/web\/wp-json\/wp\/v2\/posts\/2877","targetHints":{"allow":["GET"]}}],"collection":[{"href":"https:\/\/hsls.hr\/web\/wp-json\/wp\/v2\/posts"}],"about":[{"href":"https:\/\/hsls.hr\/web\/wp-json\/wp\/v2\/types\/post"}],"author":[{"embeddable":true,"href":"https:\/\/hsls.hr\/web\/wp-json\/wp\/v2\/users\/1"}],"replies":[{"embeddable":true,"href":"https:\/\/hsls.hr\/web\/wp-json\/wp\/v2\/comments?post=2877"}],"version-history":[{"count":2,"href":"https:\/\/hsls.hr\/web\/wp-json\/wp\/v2\/posts\/2877\/revisions"}],"predecessor-version":[{"id":3147,"href":"https:\/\/hsls.hr\/web\/wp-json\/wp\/v2\/posts\/2877\/revisions\/3147"}],"wp:featuredmedia":[{"embeddable":true,"href":"https:\/\/hsls.hr\/web\/wp-json\/wp\/v2\/media\/2875"}],"wp:attachment":[{"href":"https:\/\/hsls.hr\/web\/wp-json\/wp\/v2\/media?parent=2877"}],"wp:term":[{"taxonomy":"category","embeddable":true,"href":"https:\/\/hsls.hr\/web\/wp-json\/wp\/v2\/categories?post=2877"},{"taxonomy":"post_tag","embeddable":true,"href":"https:\/\/hsls.hr\/web\/wp-json\/wp\/v2\/tags?post=2877"}],"curies":[{"name":"wp","href":"https:\/\/api.w.org\/{rel}","templated":true}]}}