{"id":2857,"date":"2020-02-25T11:06:18","date_gmt":"2020-02-25T11:06:18","guid":{"rendered":"https:\/\/hsls.hr\/web\/sloboda-govora-svima-govor-mrznje-nikome\/"},"modified":"2023-05-30T11:18:22","modified_gmt":"2023-05-30T11:18:22","slug":"sloboda-govora-svima-govor-mrznje-nikome","status":"publish","type":"post","link":"https:\/\/hsls.hr\/web\/sloboda-govora-svima-govor-mrznje-nikome\/","title":{"rendered":"Sloboda govora svima, govor mr\u017enje nikome!"},"content":{"rendered":"<p>HSLS najo\u0161trije osu\u0111uje spaljivanje lutaka u Imotskom!<\/p>\n<p>Po\u0161tuju\u0107i tradiciju poklada u cijeloj Hrvatskoj i zagovaraju\u0107i pravo na slobodu govora, HSLS se uvijek zalagao za slobodu i odgovornost svakog pojedinca ili grupe. Me\u0111utim, ovo \u0161to se dogodilo u Imotskom zaslu\u017euje najo\u0161triju dru\u0161tvenu osudu. Paliti lutke u obliku gay para s udomljenim djetetom predstavlja politi\u010dki stav i kao takav iznimno je opasan te ga HSLS najo\u0161trije osu\u0111uje.<\/p>\n<p>Ovakvim \u010dinom \u0161alje se poruka mr\u017enje i isklju\u010divosti \u0161to isklju\u010duje mogu\u0107nost istinskog \u017eivljenja po na\u010delima kr\u0161\u0107anskog vjerovanja, na koje su se pozvali organizatori. Licemjerje onih koji se busaju u hrvatska i katoli\u010dka prsa poru\u010duje kako ni u Hrvatskoj ni u tim prsima nema mjesta za druge i druga\u010dije. Taj \u010din kratkovidan je i opasan za Hrvatsku. Hrvatska ne smije biti mjesto ovakvih dru\u0161tvenih devijacija.<\/p>\n<p>HSLS \u0107e nastaviti promicati kulturu dijaloga, pravo na izra\u017eavanje te prihva\u0107anje razli\u010ditosti jer sve to na\u0161e dru\u0161tvo \u010dini boljim. Istovremeno, borit \u0107emo se protiv predrasuda, tendencioznih \u010dinova mr\u017enje i netolerancije. Na\u0161i heroji nisu ginuli za prosipanje mr\u017enje. U Hrvatskoj mora biti mjesta za sve na\u0161e gra\u0111ane.<\/p>\n","protected":false},"excerpt":{"rendered":"<p>HSLS najo\u0161trije osu\u0111uje spaljivanje lutaka u Imotskom! Po\u0161tuju\u0107i tradiciju poklada u cijeloj Hrvatskoj i zagovaraju\u0107i pravo na slobodu govora, HSLS se uvijek zalagao za slobodu i odgovornost svakog pojedinca ili&hellip;<\/p>\n","protected":false},"author":1,"featured_media":2858,"comment_status":"closed","ping_status":"open","sticky":false,"template":"","format":"standard","meta":{"_lmt_disableupdate":"","_lmt_disable":"","footnotes":""},"categories":[1],"tags":[],"class_list":["post-2857","post","type-post","status-publish","format-standard","has-post-thumbnail","hentry","category-nacionalne-vijesti"],"yoast_head":"<!-- This site is optimized with the Yoast SEO plugin v27.5 - https:\/\/yoast.com\/product\/yoast-seo-wordpress\/ -->\n<title>Sloboda govora svima, govor mr\u017enje nikome! - HSLS<\/title>\n<meta name=\"robots\" content=\"index, follow, max-snippet:-1, max-image-preview:large, max-video-preview:-1\" \/>\n<link rel=\"canonical\" href=\"https:\/\/hsls.hr\/web\/sloboda-govora-svima-govor-mrznje-nikome\/\" \/>\n<meta property=\"og:locale\" content=\"hr_HR\" \/>\n<meta property=\"og:type\" content=\"article\" \/>\n<meta property=\"og:title\" content=\"Sloboda govora svima, govor mr\u017enje nikome! - HSLS\" \/>\n<meta property=\"og:description\" content=\"HSLS najo\u0161trije osu\u0111uje spaljivanje lutaka u Imotskom! Po\u0161tuju\u0107i tradiciju poklada u cijeloj Hrvatskoj i zagovaraju\u0107i pravo na slobodu govora, HSLS se uvijek zalagao za slobodu i odgovornost svakog pojedinca ili&hellip;\" \/>\n<meta property=\"og:url\" content=\"https:\/\/hsls.hr\/web\/sloboda-govora-svima-govor-mrznje-nikome\/\" \/>\n<meta property=\"og:site_name\" content=\"HSLS\" \/>\n<meta property=\"article:published_time\" content=\"2020-02-25T11:06:18+00:00\" \/>\n<meta property=\"article:modified_time\" content=\"2023-05-30T11:18:22+00:00\" \/>\n<meta property=\"og:image\" content=\"https:\/\/hsls.hr\/web\/wp-content\/uploads\/2023\/05\/Imotski_incident.jpe\" \/>\n\t<meta property=\"og:image:width\" content=\"676\" \/>\n\t<meta property=\"og:image:height\" content=\"423\" \/>\n\t<meta property=\"og:image:type\" content=\"image\/jpeg\" \/>\n<meta name=\"author\" content=\"HSLS\" \/>\n<meta name=\"twitter:card\" content=\"summary_large_image\" \/>\n<meta name=\"twitter:label1\" content=\"Napisao\/la\" \/>\n\t<meta name=\"twitter:data1\" content=\"HSLS\" \/>\n\t<meta name=\"twitter:label2\" content=\"Procijenjeno vrijeme \u010ditanja\" \/>\n\t<meta name=\"twitter:data2\" content=\"1 minuta\" \/>\n<script type=\"application\/ld+json\" class=\"yoast-schema-graph\">{\"@context\":\"https:\\\/\\\/schema.org\",\"@graph\":[{\"@type\":\"Article\",\"@id\":\"https:\\\/\\\/hsls.hr\\\/web\\\/sloboda-govora-svima-govor-mrznje-nikome\\\/#article\",\"isPartOf\":{\"@id\":\"https:\\\/\\\/hsls.hr\\\/web\\\/sloboda-govora-svima-govor-mrznje-nikome\\\/\"},\"author\":{\"name\":\"HSLS\",\"@id\":\"https:\\\/\\\/hsls.hr\\\/web\\\/#\\\/schema\\\/person\\\/e3f651016d644a22e87c41fd9bc31f7b\"},\"headline\":\"Sloboda govora svima, govor mr\u017enje nikome!\",\"datePublished\":\"2020-02-25T11:06:18+00:00\",\"dateModified\":\"2023-05-30T11:18:22+00:00\",\"mainEntityOfPage\":{\"@id\":\"https:\\\/\\\/hsls.hr\\\/web\\\/sloboda-govora-svima-govor-mrznje-nikome\\\/\"},\"wordCount\":214,\"image\":{\"@id\":\"https:\\\/\\\/hsls.hr\\\/web\\\/sloboda-govora-svima-govor-mrznje-nikome\\\/#primaryimage\"},\"thumbnailUrl\":\"https:\\\/\\\/hsls.hr\\\/web\\\/wp-content\\\/uploads\\\/2023\\\/05\\\/Imotski_incident.jpe\",\"articleSection\":[\"Nacionalno\"],\"inLanguage\":\"hr\"},{\"@type\":\"WebPage\",\"@id\":\"https:\\\/\\\/hsls.hr\\\/web\\\/sloboda-govora-svima-govor-mrznje-nikome\\\/\",\"url\":\"https:\\\/\\\/hsls.hr\\\/web\\\/sloboda-govora-svima-govor-mrznje-nikome\\\/\",\"name\":\"Sloboda govora svima, govor mr\u017enje nikome! - HSLS\",\"isPartOf\":{\"@id\":\"https:\\\/\\\/hsls.hr\\\/web\\\/#website\"},\"primaryImageOfPage\":{\"@id\":\"https:\\\/\\\/hsls.hr\\\/web\\\/sloboda-govora-svima-govor-mrznje-nikome\\\/#primaryimage\"},\"image\":{\"@id\":\"https:\\\/\\\/hsls.hr\\\/web\\\/sloboda-govora-svima-govor-mrznje-nikome\\\/#primaryimage\"},\"thumbnailUrl\":\"https:\\\/\\\/hsls.hr\\\/web\\\/wp-content\\\/uploads\\\/2023\\\/05\\\/Imotski_incident.jpe\",\"datePublished\":\"2020-02-25T11:06:18+00:00\",\"dateModified\":\"2023-05-30T11:18:22+00:00\",\"author\":{\"@id\":\"https:\\\/\\\/hsls.hr\\\/web\\\/#\\\/schema\\\/person\\\/e3f651016d644a22e87c41fd9bc31f7b\"},\"breadcrumb\":{\"@id\":\"https:\\\/\\\/hsls.hr\\\/web\\\/sloboda-govora-svima-govor-mrznje-nikome\\\/#breadcrumb\"},\"inLanguage\":\"hr\",\"potentialAction\":[{\"@type\":\"ReadAction\",\"target\":[\"https:\\\/\\\/hsls.hr\\\/web\\\/sloboda-govora-svima-govor-mrznje-nikome\\\/\"]}]},{\"@type\":\"ImageObject\",\"inLanguage\":\"hr\",\"@id\":\"https:\\\/\\\/hsls.hr\\\/web\\\/sloboda-govora-svima-govor-mrznje-nikome\\\/#primaryimage\",\"url\":\"https:\\\/\\\/hsls.hr\\\/web\\\/wp-content\\\/uploads\\\/2023\\\/05\\\/Imotski_incident.jpe\",\"contentUrl\":\"https:\\\/\\\/hsls.hr\\\/web\\\/wp-content\\\/uploads\\\/2023\\\/05\\\/Imotski_incident.jpe\",\"width\":676,\"height\":423},{\"@type\":\"BreadcrumbList\",\"@id\":\"https:\\\/\\\/hsls.hr\\\/web\\\/sloboda-govora-svima-govor-mrznje-nikome\\\/#breadcrumb\",\"itemListElement\":[{\"@type\":\"ListItem\",\"position\":1,\"name\":\"Po\u010detna stranica\",\"item\":\"https:\\\/\\\/hsls.hr\\\/web\\\/\"},{\"@type\":\"ListItem\",\"position\":2,\"name\":\"Sloboda govora svima, govor mr\u017enje nikome!\"}]},{\"@type\":\"WebSite\",\"@id\":\"https:\\\/\\\/hsls.hr\\\/web\\\/#website\",\"url\":\"https:\\\/\\\/hsls.hr\\\/web\\\/\",\"name\":\"HSLS\",\"description\":\"Hrvatska socijalno-liberalna stranka\",\"potentialAction\":[{\"@type\":\"SearchAction\",\"target\":{\"@type\":\"EntryPoint\",\"urlTemplate\":\"https:\\\/\\\/hsls.hr\\\/web\\\/?s={search_term_string}\"},\"query-input\":{\"@type\":\"PropertyValueSpecification\",\"valueRequired\":true,\"valueName\":\"search_term_string\"}}],\"inLanguage\":\"hr\"},{\"@type\":\"Person\",\"@id\":\"https:\\\/\\\/hsls.hr\\\/web\\\/#\\\/schema\\\/person\\\/e3f651016d644a22e87c41fd9bc31f7b\",\"name\":\"HSLS\",\"image\":{\"@type\":\"ImageObject\",\"inLanguage\":\"hr\",\"@id\":\"https:\\\/\\\/secure.gravatar.com\\\/avatar\\\/1f45d97b500c25de1ecef91e0eaa08ca0ada41c344c17876869f452108429fb9?s=96&d=mm&r=g\",\"url\":\"https:\\\/\\\/secure.gravatar.com\\\/avatar\\\/1f45d97b500c25de1ecef91e0eaa08ca0ada41c344c17876869f452108429fb9?s=96&d=mm&r=g\",\"contentUrl\":\"https:\\\/\\\/secure.gravatar.com\\\/avatar\\\/1f45d97b500c25de1ecef91e0eaa08ca0ada41c344c17876869f452108429fb9?s=96&d=mm&r=g\",\"caption\":\"HSLS\"},\"sameAs\":[\"https:\\\/\\\/hsls.hr\\\/web\"],\"url\":\"https:\\\/\\\/hsls.hr\\\/web\\\/author\\\/hsadminls\\\/\"}]}<\/script>\n<!-- \/ Yoast SEO plugin. -->","yoast_head_json":{"title":"Sloboda govora svima, govor mr\u017enje nikome! - HSLS","robots":{"index":"index","follow":"follow","max-snippet":"max-snippet:-1","max-image-preview":"max-image-preview:large","max-video-preview":"max-video-preview:-1"},"canonical":"https:\/\/hsls.hr\/web\/sloboda-govora-svima-govor-mrznje-nikome\/","og_locale":"hr_HR","og_type":"article","og_title":"Sloboda govora svima, govor mr\u017enje nikome! - HSLS","og_description":"HSLS najo\u0161trije osu\u0111uje spaljivanje lutaka u Imotskom! Po\u0161tuju\u0107i tradiciju poklada u cijeloj Hrvatskoj i zagovaraju\u0107i pravo na slobodu govora, HSLS se uvijek zalagao za slobodu i odgovornost svakog pojedinca ili&hellip;","og_url":"https:\/\/hsls.hr\/web\/sloboda-govora-svima-govor-mrznje-nikome\/","og_site_name":"HSLS","article_published_time":"2020-02-25T11:06:18+00:00","article_modified_time":"2023-05-30T11:18:22+00:00","og_image":[{"width":676,"height":423,"url":"https:\/\/hsls.hr\/web\/wp-content\/uploads\/2023\/05\/Imotski_incident.jpe","type":"image\/jpeg"}],"author":"HSLS","twitter_card":"summary_large_image","twitter_misc":{"Napisao\/la":"HSLS","Procijenjeno vrijeme \u010ditanja":"1 minuta"},"schema":{"@context":"https:\/\/schema.org","@graph":[{"@type":"Article","@id":"https:\/\/hsls.hr\/web\/sloboda-govora-svima-govor-mrznje-nikome\/#article","isPartOf":{"@id":"https:\/\/hsls.hr\/web\/sloboda-govora-svima-govor-mrznje-nikome\/"},"author":{"name":"HSLS","@id":"https:\/\/hsls.hr\/web\/#\/schema\/person\/e3f651016d644a22e87c41fd9bc31f7b"},"headline":"Sloboda govora svima, govor mr\u017enje nikome!","datePublished":"2020-02-25T11:06:18+00:00","dateModified":"2023-05-30T11:18:22+00:00","mainEntityOfPage":{"@id":"https:\/\/hsls.hr\/web\/sloboda-govora-svima-govor-mrznje-nikome\/"},"wordCount":214,"image":{"@id":"https:\/\/hsls.hr\/web\/sloboda-govora-svima-govor-mrznje-nikome\/#primaryimage"},"thumbnailUrl":"https:\/\/hsls.hr\/web\/wp-content\/uploads\/2023\/05\/Imotski_incident.jpe","articleSection":["Nacionalno"],"inLanguage":"hr"},{"@type":"WebPage","@id":"https:\/\/hsls.hr\/web\/sloboda-govora-svima-govor-mrznje-nikome\/","url":"https:\/\/hsls.hr\/web\/sloboda-govora-svima-govor-mrznje-nikome\/","name":"Sloboda govora svima, govor mr\u017enje nikome! - HSLS","isPartOf":{"@id":"https:\/\/hsls.hr\/web\/#website"},"primaryImageOfPage":{"@id":"https:\/\/hsls.hr\/web\/sloboda-govora-svima-govor-mrznje-nikome\/#primaryimage"},"image":{"@id":"https:\/\/hsls.hr\/web\/sloboda-govora-svima-govor-mrznje-nikome\/#primaryimage"},"thumbnailUrl":"https:\/\/hsls.hr\/web\/wp-content\/uploads\/2023\/05\/Imotski_incident.jpe","datePublished":"2020-02-25T11:06:18+00:00","dateModified":"2023-05-30T11:18:22+00:00","author":{"@id":"https:\/\/hsls.hr\/web\/#\/schema\/person\/e3f651016d644a22e87c41fd9bc31f7b"},"breadcrumb":{"@id":"https:\/\/hsls.hr\/web\/sloboda-govora-svima-govor-mrznje-nikome\/#breadcrumb"},"inLanguage":"hr","potentialAction":[{"@type":"ReadAction","target":["https:\/\/hsls.hr\/web\/sloboda-govora-svima-govor-mrznje-nikome\/"]}]},{"@type":"ImageObject","inLanguage":"hr","@id":"https:\/\/hsls.hr\/web\/sloboda-govora-svima-govor-mrznje-nikome\/#primaryimage","url":"https:\/\/hsls.hr\/web\/wp-content\/uploads\/2023\/05\/Imotski_incident.jpe","contentUrl":"https:\/\/hsls.hr\/web\/wp-content\/uploads\/2023\/05\/Imotski_incident.jpe","width":676,"height":423},{"@type":"BreadcrumbList","@id":"https:\/\/hsls.hr\/web\/sloboda-govora-svima-govor-mrznje-nikome\/#breadcrumb","itemListElement":[{"@type":"ListItem","position":1,"name":"Po\u010detna stranica","item":"https:\/\/hsls.hr\/web\/"},{"@type":"ListItem","position":2,"name":"Sloboda govora svima, govor mr\u017enje nikome!"}]},{"@type":"WebSite","@id":"https:\/\/hsls.hr\/web\/#website","url":"https:\/\/hsls.hr\/web\/","name":"HSLS","description":"Hrvatska socijalno-liberalna stranka","potentialAction":[{"@type":"SearchAction","target":{"@type":"EntryPoint","urlTemplate":"https:\/\/hsls.hr\/web\/?s={search_term_string}"},"query-input":{"@type":"PropertyValueSpecification","valueRequired":true,"valueName":"search_term_string"}}],"inLanguage":"hr"},{"@type":"Person","@id":"https:\/\/hsls.hr\/web\/#\/schema\/person\/e3f651016d644a22e87c41fd9bc31f7b","name":"HSLS","image":{"@type":"ImageObject","inLanguage":"hr","@id":"https:\/\/secure.gravatar.com\/avatar\/1f45d97b500c25de1ecef91e0eaa08ca0ada41c344c17876869f452108429fb9?s=96&d=mm&r=g","url":"https:\/\/secure.gravatar.com\/avatar\/1f45d97b500c25de1ecef91e0eaa08ca0ada41c344c17876869f452108429fb9?s=96&d=mm&r=g","contentUrl":"https:\/\/secure.gravatar.com\/avatar\/1f45d97b500c25de1ecef91e0eaa08ca0ada41c344c17876869f452108429fb9?s=96&d=mm&r=g","caption":"HSLS"},"sameAs":["https:\/\/hsls.hr\/web"],"url":"https:\/\/hsls.hr\/web\/author\/hsadminls\/"}]}},"_links":{"self":[{"href":"https:\/\/hsls.hr\/web\/wp-json\/wp\/v2\/posts\/2857","targetHints":{"allow":["GET"]}}],"collection":[{"href":"https:\/\/hsls.hr\/web\/wp-json\/wp\/v2\/posts"}],"about":[{"href":"https:\/\/hsls.hr\/web\/wp-json\/wp\/v2\/types\/post"}],"author":[{"embeddable":true,"href":"https:\/\/hsls.hr\/web\/wp-json\/wp\/v2\/users\/1"}],"replies":[{"embeddable":true,"href":"https:\/\/hsls.hr\/web\/wp-json\/wp\/v2\/comments?post=2857"}],"version-history":[{"count":2,"href":"https:\/\/hsls.hr\/web\/wp-json\/wp\/v2\/posts\/2857\/revisions"}],"predecessor-version":[{"id":3141,"href":"https:\/\/hsls.hr\/web\/wp-json\/wp\/v2\/posts\/2857\/revisions\/3141"}],"wp:featuredmedia":[{"embeddable":true,"href":"https:\/\/hsls.hr\/web\/wp-json\/wp\/v2\/media\/2858"}],"wp:attachment":[{"href":"https:\/\/hsls.hr\/web\/wp-json\/wp\/v2\/media?parent=2857"}],"wp:term":[{"taxonomy":"category","embeddable":true,"href":"https:\/\/hsls.hr\/web\/wp-json\/wp\/v2\/categories?post=2857"},{"taxonomy":"post_tag","embeddable":true,"href":"https:\/\/hsls.hr\/web\/wp-json\/wp\/v2\/tags?post=2857"}],"curies":[{"name":"wp","href":"https:\/\/api.w.org\/{rel}","templated":true}]}}