{"id":2730,"date":"2021-11-21T18:45:10","date_gmt":"2021-11-21T18:45:10","guid":{"rendered":"https:\/\/hsls.hr\/web\/napad-na-medije-napad-je-na-temelje-liberalne-demokracije-i-drustvo-temeljeno-na-slobodi-govora\/"},"modified":"2023-05-30T08:29:48","modified_gmt":"2023-05-30T08:29:48","slug":"napad-na-medije-napad-je-na-temelje-liberalne-demokracije-i-drustvo-temeljeno-na-slobodi-govora","status":"publish","type":"post","link":"https:\/\/hsls.hr\/web\/napad-na-medije-napad-je-na-temelje-liberalne-demokracije-i-drustvo-temeljeno-na-slobodi-govora\/","title":{"rendered":"\u201eNapad na medije napad je na temelje liberalne demokracije i dru\u0161tvo  temeljeno na slobodi govora\u201c"},"content":{"rendered":"<p><strong>PRIOP\u0106ENJE ZA MEDIJE HSLS-a:<\/strong><\/p>\n<p><strong>\u201eNapad na medije napad je na temelje liberalne demokracije i dru\u0161tvo <\/strong><\/p>\n<p><strong>temeljeno na slobodi govora\u201c<\/strong><\/p>\n<p>Po\u0161tivanje slobode izra\u017eavanja u potpunosti je spojivo s o\u0161trom kritikom, ali HSLS najo\u0161trije osu\u0111uje napade na medije tijekom ju\u010dera\u0161njeg prosvjeda protiv covid-potvrda i epidemiolo\u0161kih mjera na Trgu bana Josipa Jela\u010di\u0107a jer to prelazi granice slobode govora.<\/p>\n<p>\u010cinjenica da je do napada na predstavnike medija i medije op\u0107enito do\u0161lo upravo povodom prosvjeda \u010diji je organizator \u201eInicijativa Prava i slobode\u201c potvr\u0111uje da je sloboda najve\u0107e politi\u010dko pitanje, a nerijetko i mit kad ju se degenerira na razinu ideolo\u0161kog instrumenta.<\/p>\n<p>Danas su svima puna usta slobode govora, a \u010desto od istih ljudi \u010dujemo suprotne stavove po pitanju slobode i prava manjina, istospolnih zajednica ili slobode poduzetni\u0161tva. Sloboda nije ne\u0161to \u0161to se uzima s police kada nam zatreba, ona se \u017eivi svakog dana i uvijek dolazi u paketu s odogovorno\u0161\u0107u, ali ne i uskra\u0107ivanjem prava te sloboda drugih pojedinaca u dru\u0161tvu, a ju\u010der smo svjedo\u010dili napadima kojima se u ime tu\u0111ih sloboda nasrnulo na temeljna prava i slobode predstavnika medija.<\/p>\n<p>Vrlo sli\u010dne koncepcije slobode dovele su i do prvih tada\u0161njih javnih napada na slobode drugih pod okriljem tzv. Kristalne no\u0107i i to u vrlo sli\u010dnim okolnostima, u kojima su pojedine politi\u010dke opcije manipulirale gra\u0111anima u stanju bijede, siroma\u0161tva, dru\u0161tvene i ekonomske krize, straha i o\u010daja kako bi pribjegli totalitarnom rje\u0161enju \u2013 napadu na drugog \u010dovjeka.<\/p>\n<p>Za demokratsku dr\u017eavu gra\u0111ani Hrvatske krvlju su se borili 90-ih godina, a ona je, premda nije idealna, jo\u0161 uvijek politi\u010dki slobodna dr\u017eava \u2013 u kojoj je ve\u0107ini njezinih gra\u0111ana omogu\u0107ena ista ta sloboda, ali bez nasilja. Sloboda nas stoga \u0161titi od zlouporabe dr\u017eave, ali dr\u017eava nas \u0161titi od zlouporabe slobode, onih koji bi prolijevali krv drugih u ime svojih koncepcija slobode.<\/p>\n<p>Kritike i argumenti ju\u010der su na skupu zamijenjeni zasjenjeni nasiljem. Upravo stoga, dok jo\u0161 nije kasno, HSLS ima potrebu reagirati jer sve je o\u010ditije da pojedinci instrumentaliziraju nezadovoljne gra\u0111ane i \u017eele kriti\u010dku kulturu zamijeniti hu\u0161ka\u010dkom nekulturom. Sukobima \u201emi\u201c \u2013 \u201eoni\u201c \u017eeli se iz funkcioniraju\u0107ih javnih arena, u kojima se sukobi rje\u0161avaju nenasilnim sredstvima, preseliti izvan dr\u017eavnih institucija, na ulicu.<\/p>\n<p>Rasprave o slobodi po\u017eeljne su zbog njezine neizmjerne vrijednosti, ali nju ne prepoznaju ni ne dijele oni koji uzvikuju da se sloboda ne prodaje, a istodobno slobode i prava drugih ne po\u0161tuju niti su zainteresirani za funkcioniranje poretka koji \u0161titi slobode svih, a ne samo \u201enjih\u201c.<\/p>\n<p>Dario Hrebak, v.r.<\/p>\n<p>Predsjednik HSLS-a<\/p>\n","protected":false},"excerpt":{"rendered":"<p>PRIOP\u0106ENJE ZA MEDIJE HSLS-a: \u201eNapad na medije napad je na temelje liberalne demokracije i dru\u0161tvo temeljeno na slobodi govora\u201c Po\u0161tivanje slobode izra\u017eavanja u potpunosti je spojivo s o\u0161trom kritikom, ali&hellip;<\/p>\n","protected":false},"author":1,"featured_media":2731,"comment_status":"closed","ping_status":"open","sticky":false,"template":"","format":"standard","meta":{"_lmt_disableupdate":"","_lmt_disable":"","footnotes":""},"categories":[1],"tags":[],"class_list":["post-2730","post","type-post","status-publish","format-standard","has-post-thumbnail","hentry","category-nacionalne-vijesti"],"yoast_head":"<!-- This site is optimized with the Yoast SEO plugin v27.5 - https:\/\/yoast.com\/product\/yoast-seo-wordpress\/ -->\n<title>\u201eNapad na medije napad je na temelje liberalne demokracije i dru\u0161tvo temeljeno na slobodi govora\u201c - HSLS<\/title>\n<meta name=\"robots\" content=\"index, follow, max-snippet:-1, max-image-preview:large, max-video-preview:-1\" \/>\n<link rel=\"canonical\" href=\"https:\/\/hsls.hr\/web\/napad-na-medije-napad-je-na-temelje-liberalne-demokracije-i-drustvo-temeljeno-na-slobodi-govora\/\" \/>\n<meta property=\"og:locale\" content=\"hr_HR\" \/>\n<meta property=\"og:type\" content=\"article\" \/>\n<meta property=\"og:title\" content=\"\u201eNapad na medije napad je na temelje liberalne demokracije i dru\u0161tvo temeljeno na slobodi govora\u201c - HSLS\" \/>\n<meta property=\"og:description\" content=\"PRIOP\u0106ENJE ZA MEDIJE HSLS-a: \u201eNapad na medije napad je na temelje liberalne demokracije i dru\u0161tvo temeljeno na slobodi govora\u201c Po\u0161tivanje slobode izra\u017eavanja u potpunosti je spojivo s o\u0161trom kritikom, ali&hellip;\" \/>\n<meta property=\"og:url\" content=\"https:\/\/hsls.hr\/web\/napad-na-medije-napad-je-na-temelje-liberalne-demokracije-i-drustvo-temeljeno-na-slobodi-govora\/\" \/>\n<meta property=\"og:site_name\" content=\"HSLS\" \/>\n<meta property=\"article:published_time\" content=\"2021-11-21T18:45:10+00:00\" \/>\n<meta property=\"article:modified_time\" content=\"2023-05-30T08:29:48+00:00\" \/>\n<meta property=\"og:image\" content=\"https:\/\/hsls.hr\/web\/wp-content\/uploads\/2023\/05\/press-g4c523cc1d_1920-1080x675-1.jpg\" \/>\n\t<meta property=\"og:image:width\" content=\"1080\" \/>\n\t<meta property=\"og:image:height\" content=\"675\" \/>\n\t<meta property=\"og:image:type\" content=\"image\/jpeg\" \/>\n<meta name=\"author\" content=\"HSLS\" \/>\n<meta name=\"twitter:card\" content=\"summary_large_image\" \/>\n<meta name=\"twitter:label1\" content=\"Napisao\/la\" \/>\n\t<meta name=\"twitter:data1\" content=\"HSLS\" \/>\n\t<meta name=\"twitter:label2\" content=\"Procijenjeno vrijeme \u010ditanja\" \/>\n\t<meta name=\"twitter:data2\" content=\"2 minute\" \/>\n<script type=\"application\/ld+json\" class=\"yoast-schema-graph\">{\"@context\":\"https:\\\/\\\/schema.org\",\"@graph\":[{\"@type\":\"Article\",\"@id\":\"https:\\\/\\\/hsls.hr\\\/web\\\/napad-na-medije-napad-je-na-temelje-liberalne-demokracije-i-drustvo-temeljeno-na-slobodi-govora\\\/#article\",\"isPartOf\":{\"@id\":\"https:\\\/\\\/hsls.hr\\\/web\\\/napad-na-medije-napad-je-na-temelje-liberalne-demokracije-i-drustvo-temeljeno-na-slobodi-govora\\\/\"},\"author\":{\"name\":\"HSLS\",\"@id\":\"https:\\\/\\\/hsls.hr\\\/web\\\/#\\\/schema\\\/person\\\/e3f651016d644a22e87c41fd9bc31f7b\"},\"headline\":\"\u201eNapad na medije napad je na temelje liberalne demokracije i dru\u0161tvo temeljeno na slobodi govora\u201c\",\"datePublished\":\"2021-11-21T18:45:10+00:00\",\"dateModified\":\"2023-05-30T08:29:48+00:00\",\"mainEntityOfPage\":{\"@id\":\"https:\\\/\\\/hsls.hr\\\/web\\\/napad-na-medije-napad-je-na-temelje-liberalne-demokracije-i-drustvo-temeljeno-na-slobodi-govora\\\/\"},\"wordCount\":471,\"image\":{\"@id\":\"https:\\\/\\\/hsls.hr\\\/web\\\/napad-na-medije-napad-je-na-temelje-liberalne-demokracije-i-drustvo-temeljeno-na-slobodi-govora\\\/#primaryimage\"},\"thumbnailUrl\":\"https:\\\/\\\/hsls.hr\\\/web\\\/wp-content\\\/uploads\\\/2023\\\/05\\\/press-g4c523cc1d_1920-1080x675-1.jpg\",\"articleSection\":[\"Nacionalno\"],\"inLanguage\":\"hr\"},{\"@type\":\"WebPage\",\"@id\":\"https:\\\/\\\/hsls.hr\\\/web\\\/napad-na-medije-napad-je-na-temelje-liberalne-demokracije-i-drustvo-temeljeno-na-slobodi-govora\\\/\",\"url\":\"https:\\\/\\\/hsls.hr\\\/web\\\/napad-na-medije-napad-je-na-temelje-liberalne-demokracije-i-drustvo-temeljeno-na-slobodi-govora\\\/\",\"name\":\"\u201eNapad na medije napad je na temelje liberalne demokracije i dru\u0161tvo temeljeno na slobodi govora\u201c - HSLS\",\"isPartOf\":{\"@id\":\"https:\\\/\\\/hsls.hr\\\/web\\\/#website\"},\"primaryImageOfPage\":{\"@id\":\"https:\\\/\\\/hsls.hr\\\/web\\\/napad-na-medije-napad-je-na-temelje-liberalne-demokracije-i-drustvo-temeljeno-na-slobodi-govora\\\/#primaryimage\"},\"image\":{\"@id\":\"https:\\\/\\\/hsls.hr\\\/web\\\/napad-na-medije-napad-je-na-temelje-liberalne-demokracije-i-drustvo-temeljeno-na-slobodi-govora\\\/#primaryimage\"},\"thumbnailUrl\":\"https:\\\/\\\/hsls.hr\\\/web\\\/wp-content\\\/uploads\\\/2023\\\/05\\\/press-g4c523cc1d_1920-1080x675-1.jpg\",\"datePublished\":\"2021-11-21T18:45:10+00:00\",\"dateModified\":\"2023-05-30T08:29:48+00:00\",\"author\":{\"@id\":\"https:\\\/\\\/hsls.hr\\\/web\\\/#\\\/schema\\\/person\\\/e3f651016d644a22e87c41fd9bc31f7b\"},\"breadcrumb\":{\"@id\":\"https:\\\/\\\/hsls.hr\\\/web\\\/napad-na-medije-napad-je-na-temelje-liberalne-demokracije-i-drustvo-temeljeno-na-slobodi-govora\\\/#breadcrumb\"},\"inLanguage\":\"hr\",\"potentialAction\":[{\"@type\":\"ReadAction\",\"target\":[\"https:\\\/\\\/hsls.hr\\\/web\\\/napad-na-medije-napad-je-na-temelje-liberalne-demokracije-i-drustvo-temeljeno-na-slobodi-govora\\\/\"]}]},{\"@type\":\"ImageObject\",\"inLanguage\":\"hr\",\"@id\":\"https:\\\/\\\/hsls.hr\\\/web\\\/napad-na-medije-napad-je-na-temelje-liberalne-demokracije-i-drustvo-temeljeno-na-slobodi-govora\\\/#primaryimage\",\"url\":\"https:\\\/\\\/hsls.hr\\\/web\\\/wp-content\\\/uploads\\\/2023\\\/05\\\/press-g4c523cc1d_1920-1080x675-1.jpg\",\"contentUrl\":\"https:\\\/\\\/hsls.hr\\\/web\\\/wp-content\\\/uploads\\\/2023\\\/05\\\/press-g4c523cc1d_1920-1080x675-1.jpg\",\"width\":1080,\"height\":675},{\"@type\":\"BreadcrumbList\",\"@id\":\"https:\\\/\\\/hsls.hr\\\/web\\\/napad-na-medije-napad-je-na-temelje-liberalne-demokracije-i-drustvo-temeljeno-na-slobodi-govora\\\/#breadcrumb\",\"itemListElement\":[{\"@type\":\"ListItem\",\"position\":1,\"name\":\"Po\u010detna stranica\",\"item\":\"https:\\\/\\\/hsls.hr\\\/web\\\/\"},{\"@type\":\"ListItem\",\"position\":2,\"name\":\"\u201eNapad na medije napad je na temelje liberalne demokracije i dru\u0161tvo temeljeno na slobodi govora\u201c\"}]},{\"@type\":\"WebSite\",\"@id\":\"https:\\\/\\\/hsls.hr\\\/web\\\/#website\",\"url\":\"https:\\\/\\\/hsls.hr\\\/web\\\/\",\"name\":\"HSLS\",\"description\":\"Hrvatska socijalno-liberalna stranka\",\"potentialAction\":[{\"@type\":\"SearchAction\",\"target\":{\"@type\":\"EntryPoint\",\"urlTemplate\":\"https:\\\/\\\/hsls.hr\\\/web\\\/?s={search_term_string}\"},\"query-input\":{\"@type\":\"PropertyValueSpecification\",\"valueRequired\":true,\"valueName\":\"search_term_string\"}}],\"inLanguage\":\"hr\"},{\"@type\":\"Person\",\"@id\":\"https:\\\/\\\/hsls.hr\\\/web\\\/#\\\/schema\\\/person\\\/e3f651016d644a22e87c41fd9bc31f7b\",\"name\":\"HSLS\",\"image\":{\"@type\":\"ImageObject\",\"inLanguage\":\"hr\",\"@id\":\"https:\\\/\\\/secure.gravatar.com\\\/avatar\\\/1f45d97b500c25de1ecef91e0eaa08ca0ada41c344c17876869f452108429fb9?s=96&d=mm&r=g\",\"url\":\"https:\\\/\\\/secure.gravatar.com\\\/avatar\\\/1f45d97b500c25de1ecef91e0eaa08ca0ada41c344c17876869f452108429fb9?s=96&d=mm&r=g\",\"contentUrl\":\"https:\\\/\\\/secure.gravatar.com\\\/avatar\\\/1f45d97b500c25de1ecef91e0eaa08ca0ada41c344c17876869f452108429fb9?s=96&d=mm&r=g\",\"caption\":\"HSLS\"},\"sameAs\":[\"https:\\\/\\\/hsls.hr\\\/web\"],\"url\":\"https:\\\/\\\/hsls.hr\\\/web\\\/author\\\/hsadminls\\\/\"}]}<\/script>\n<!-- \/ Yoast SEO plugin. -->","yoast_head_json":{"title":"\u201eNapad na medije napad je na temelje liberalne demokracije i dru\u0161tvo temeljeno na slobodi govora\u201c - HSLS","robots":{"index":"index","follow":"follow","max-snippet":"max-snippet:-1","max-image-preview":"max-image-preview:large","max-video-preview":"max-video-preview:-1"},"canonical":"https:\/\/hsls.hr\/web\/napad-na-medije-napad-je-na-temelje-liberalne-demokracije-i-drustvo-temeljeno-na-slobodi-govora\/","og_locale":"hr_HR","og_type":"article","og_title":"\u201eNapad na medije napad je na temelje liberalne demokracije i dru\u0161tvo temeljeno na slobodi govora\u201c - HSLS","og_description":"PRIOP\u0106ENJE ZA MEDIJE HSLS-a: \u201eNapad na medije napad je na temelje liberalne demokracije i dru\u0161tvo temeljeno na slobodi govora\u201c Po\u0161tivanje slobode izra\u017eavanja u potpunosti je spojivo s o\u0161trom kritikom, ali&hellip;","og_url":"https:\/\/hsls.hr\/web\/napad-na-medije-napad-je-na-temelje-liberalne-demokracije-i-drustvo-temeljeno-na-slobodi-govora\/","og_site_name":"HSLS","article_published_time":"2021-11-21T18:45:10+00:00","article_modified_time":"2023-05-30T08:29:48+00:00","og_image":[{"width":1080,"height":675,"url":"https:\/\/hsls.hr\/web\/wp-content\/uploads\/2023\/05\/press-g4c523cc1d_1920-1080x675-1.jpg","type":"image\/jpeg"}],"author":"HSLS","twitter_card":"summary_large_image","twitter_misc":{"Napisao\/la":"HSLS","Procijenjeno vrijeme \u010ditanja":"2 minute"},"schema":{"@context":"https:\/\/schema.org","@graph":[{"@type":"Article","@id":"https:\/\/hsls.hr\/web\/napad-na-medije-napad-je-na-temelje-liberalne-demokracije-i-drustvo-temeljeno-na-slobodi-govora\/#article","isPartOf":{"@id":"https:\/\/hsls.hr\/web\/napad-na-medije-napad-je-na-temelje-liberalne-demokracije-i-drustvo-temeljeno-na-slobodi-govora\/"},"author":{"name":"HSLS","@id":"https:\/\/hsls.hr\/web\/#\/schema\/person\/e3f651016d644a22e87c41fd9bc31f7b"},"headline":"\u201eNapad na medije napad je na temelje liberalne demokracije i dru\u0161tvo temeljeno na slobodi govora\u201c","datePublished":"2021-11-21T18:45:10+00:00","dateModified":"2023-05-30T08:29:48+00:00","mainEntityOfPage":{"@id":"https:\/\/hsls.hr\/web\/napad-na-medije-napad-je-na-temelje-liberalne-demokracije-i-drustvo-temeljeno-na-slobodi-govora\/"},"wordCount":471,"image":{"@id":"https:\/\/hsls.hr\/web\/napad-na-medije-napad-je-na-temelje-liberalne-demokracije-i-drustvo-temeljeno-na-slobodi-govora\/#primaryimage"},"thumbnailUrl":"https:\/\/hsls.hr\/web\/wp-content\/uploads\/2023\/05\/press-g4c523cc1d_1920-1080x675-1.jpg","articleSection":["Nacionalno"],"inLanguage":"hr"},{"@type":"WebPage","@id":"https:\/\/hsls.hr\/web\/napad-na-medije-napad-je-na-temelje-liberalne-demokracije-i-drustvo-temeljeno-na-slobodi-govora\/","url":"https:\/\/hsls.hr\/web\/napad-na-medije-napad-je-na-temelje-liberalne-demokracije-i-drustvo-temeljeno-na-slobodi-govora\/","name":"\u201eNapad na medije napad je na temelje liberalne demokracije i dru\u0161tvo temeljeno na slobodi govora\u201c - HSLS","isPartOf":{"@id":"https:\/\/hsls.hr\/web\/#website"},"primaryImageOfPage":{"@id":"https:\/\/hsls.hr\/web\/napad-na-medije-napad-je-na-temelje-liberalne-demokracije-i-drustvo-temeljeno-na-slobodi-govora\/#primaryimage"},"image":{"@id":"https:\/\/hsls.hr\/web\/napad-na-medije-napad-je-na-temelje-liberalne-demokracije-i-drustvo-temeljeno-na-slobodi-govora\/#primaryimage"},"thumbnailUrl":"https:\/\/hsls.hr\/web\/wp-content\/uploads\/2023\/05\/press-g4c523cc1d_1920-1080x675-1.jpg","datePublished":"2021-11-21T18:45:10+00:00","dateModified":"2023-05-30T08:29:48+00:00","author":{"@id":"https:\/\/hsls.hr\/web\/#\/schema\/person\/e3f651016d644a22e87c41fd9bc31f7b"},"breadcrumb":{"@id":"https:\/\/hsls.hr\/web\/napad-na-medije-napad-je-na-temelje-liberalne-demokracije-i-drustvo-temeljeno-na-slobodi-govora\/#breadcrumb"},"inLanguage":"hr","potentialAction":[{"@type":"ReadAction","target":["https:\/\/hsls.hr\/web\/napad-na-medije-napad-je-na-temelje-liberalne-demokracije-i-drustvo-temeljeno-na-slobodi-govora\/"]}]},{"@type":"ImageObject","inLanguage":"hr","@id":"https:\/\/hsls.hr\/web\/napad-na-medije-napad-je-na-temelje-liberalne-demokracije-i-drustvo-temeljeno-na-slobodi-govora\/#primaryimage","url":"https:\/\/hsls.hr\/web\/wp-content\/uploads\/2023\/05\/press-g4c523cc1d_1920-1080x675-1.jpg","contentUrl":"https:\/\/hsls.hr\/web\/wp-content\/uploads\/2023\/05\/press-g4c523cc1d_1920-1080x675-1.jpg","width":1080,"height":675},{"@type":"BreadcrumbList","@id":"https:\/\/hsls.hr\/web\/napad-na-medije-napad-je-na-temelje-liberalne-demokracije-i-drustvo-temeljeno-na-slobodi-govora\/#breadcrumb","itemListElement":[{"@type":"ListItem","position":1,"name":"Po\u010detna stranica","item":"https:\/\/hsls.hr\/web\/"},{"@type":"ListItem","position":2,"name":"\u201eNapad na medije napad je na temelje liberalne demokracije i dru\u0161tvo temeljeno na slobodi govora\u201c"}]},{"@type":"WebSite","@id":"https:\/\/hsls.hr\/web\/#website","url":"https:\/\/hsls.hr\/web\/","name":"HSLS","description":"Hrvatska socijalno-liberalna stranka","potentialAction":[{"@type":"SearchAction","target":{"@type":"EntryPoint","urlTemplate":"https:\/\/hsls.hr\/web\/?s={search_term_string}"},"query-input":{"@type":"PropertyValueSpecification","valueRequired":true,"valueName":"search_term_string"}}],"inLanguage":"hr"},{"@type":"Person","@id":"https:\/\/hsls.hr\/web\/#\/schema\/person\/e3f651016d644a22e87c41fd9bc31f7b","name":"HSLS","image":{"@type":"ImageObject","inLanguage":"hr","@id":"https:\/\/secure.gravatar.com\/avatar\/1f45d97b500c25de1ecef91e0eaa08ca0ada41c344c17876869f452108429fb9?s=96&d=mm&r=g","url":"https:\/\/secure.gravatar.com\/avatar\/1f45d97b500c25de1ecef91e0eaa08ca0ada41c344c17876869f452108429fb9?s=96&d=mm&r=g","contentUrl":"https:\/\/secure.gravatar.com\/avatar\/1f45d97b500c25de1ecef91e0eaa08ca0ada41c344c17876869f452108429fb9?s=96&d=mm&r=g","caption":"HSLS"},"sameAs":["https:\/\/hsls.hr\/web"],"url":"https:\/\/hsls.hr\/web\/author\/hsadminls\/"}]}},"_links":{"self":[{"href":"https:\/\/hsls.hr\/web\/wp-json\/wp\/v2\/posts\/2730","targetHints":{"allow":["GET"]}}],"collection":[{"href":"https:\/\/hsls.hr\/web\/wp-json\/wp\/v2\/posts"}],"about":[{"href":"https:\/\/hsls.hr\/web\/wp-json\/wp\/v2\/types\/post"}],"author":[{"embeddable":true,"href":"https:\/\/hsls.hr\/web\/wp-json\/wp\/v2\/users\/1"}],"replies":[{"embeddable":true,"href":"https:\/\/hsls.hr\/web\/wp-json\/wp\/v2\/comments?post=2730"}],"version-history":[{"count":2,"href":"https:\/\/hsls.hr\/web\/wp-json\/wp\/v2\/posts\/2730\/revisions"}],"predecessor-version":[{"id":3060,"href":"https:\/\/hsls.hr\/web\/wp-json\/wp\/v2\/posts\/2730\/revisions\/3060"}],"wp:featuredmedia":[{"embeddable":true,"href":"https:\/\/hsls.hr\/web\/wp-json\/wp\/v2\/media\/2731"}],"wp:attachment":[{"href":"https:\/\/hsls.hr\/web\/wp-json\/wp\/v2\/media?parent=2730"}],"wp:term":[{"taxonomy":"category","embeddable":true,"href":"https:\/\/hsls.hr\/web\/wp-json\/wp\/v2\/categories?post=2730"},{"taxonomy":"post_tag","embeddable":true,"href":"https:\/\/hsls.hr\/web\/wp-json\/wp\/v2\/tags?post=2730"}],"curies":[{"name":"wp","href":"https:\/\/api.w.org\/{rel}","templated":true}]}}