{"id":2632,"date":"2023-04-01T12:49:05","date_gmt":"2023-04-01T12:49:05","guid":{"rendered":"https:\/\/hsls.hr\/web\/vodstvo-hsls-a-iskazalo-podrsku-koaliciji-na-prijevremenim-izborima-za-gradsko-vijece-grada-varazdina-2\/"},"modified":"2023-05-30T07:41:57","modified_gmt":"2023-05-30T07:41:57","slug":"vodstvo-hsls-a-iskazalo-podrsku-koaliciji-na-prijevremenim-izborima-za-gradsko-vijece-grada-varazdina-2","status":"publish","type":"post","link":"https:\/\/hsls.hr\/web\/vodstvo-hsls-a-iskazalo-podrsku-koaliciji-na-prijevremenim-izborima-za-gradsko-vijece-grada-varazdina-2\/","title":{"rendered":"Vodstvo HSLS-a iskazalo podr\u0161ku koaliciji na prijevremenim izborima za Gradsko vije\u0107e Grada Vara\u017edina"},"content":{"rendered":"<p>Povodom izvanrednih izbora za Gradsko vije\u0107a Grada Vara\u017edina, koji \u0107e se odr\u017eati 16. travnja 2023. godine, predsjednik i saborski zastupnik HSLS-a, Dario Hrebak posjetio je grad Vara\u017edin zajedno s gradona\u010delnicom Vara\u017edinskih Toplica, Dragicom Ratkovi\u0107, Darkom Klasi\u0107em, saborskim zastupnikom HSLS-a te novim predsjednika HSLS-ovog Ogranka u Vara\u017edinu, Zoranom Vidovi\u0107em. U dru\u0161tvu liberala bili su i v.d. predsjednik HNS-a, Mirko Korotaj i nositelj zajedni\u010dke liste za Gradsko vije\u0107e, dr.sc. Igor Klopotan.<\/p>\n<p>Hrebak je dao podr\u0161ku listi koalicije HNS-HSLS-HSS Bra\u0107e Radi\u0107 i Hrvatskih laburista, a posebno u rje\u0161avanju mnogih goru\u0107ih pitanja Vara\u017edina: problema zbrinjavanja baliranog otpada na ulazu u grad koji se vu\u010de godinama, smanjenja i ukidanja stope prireza i komunalne naknade, zelene energije, problema prometne infrastrukture \u2013 posebice u prigradskim naseljima, digitalizacije gradskih upravnih procesa, smanjenja administracije.<\/p>\n<p>Hrebak je naglasio da se radi o odli\u010dnoj koaliciji, a posebno izrazio zadovoljstvo o \u0161to HSLS i HNS nakon duljeg vremena ponovno sura\u0111uju i grade pravu liberalnu opciju koja \u0107e provoditi projekte koji su dobri u interesu gra\u0111ana. Posebno je pohvalio dio izbornog programa koji se odnosi na smanjenje svih poreza te gradskog prireza, digitalizacije i, naravno, problema otpada.<\/p>\n<p>Ova koalicija centra \u0107e biti stabilizator politi\u010dke situacije koja je i dovela do prijevremenih izbora i zaustavila sve procese u gradu, a vjerujemo da \u0107e rezultati izbora biti putokaz svim strankama centra u Hrvatskoj za budu\u0107u suradnju na svim razinama izbora.<\/p>\n","protected":false},"excerpt":{"rendered":"<p>Povodom izvanrednih izbora za Gradsko vije\u0107a Grada Vara\u017edina, koji \u0107e se odr\u017eati 16. travnja 2023. godine, predsjednik i saborski zastupnik HSLS-a, Dario Hrebak posjetio je grad Vara\u017edin zajedno s gradona\u010delnicom&hellip;<\/p>\n","protected":false},"author":1,"featured_media":2633,"comment_status":"closed","ping_status":"open","sticky":false,"template":"","format":"standard","meta":{"_lmt_disableupdate":"","_lmt_disable":"","footnotes":""},"categories":[3],"tags":[],"class_list":["post-2632","post","type-post","status-publish","format-standard","has-post-thumbnail","hentry","category-zagrebacke-vijesti"],"yoast_head":"<!-- This site is optimized with the Yoast SEO plugin v27.5 - https:\/\/yoast.com\/product\/yoast-seo-wordpress\/ -->\n<title>Vodstvo HSLS-a iskazalo podr\u0161ku koaliciji na prijevremenim izborima za Gradsko vije\u0107e Grada Vara\u017edina - HSLS<\/title>\n<meta name=\"robots\" content=\"index, follow, max-snippet:-1, max-image-preview:large, max-video-preview:-1\" \/>\n<link rel=\"canonical\" href=\"https:\/\/hsls.hr\/web\/vodstvo-hsls-a-iskazalo-podrsku-koaliciji-na-prijevremenim-izborima-za-gradsko-vijece-grada-varazdina-2\/\" \/>\n<meta property=\"og:locale\" content=\"hr_HR\" \/>\n<meta property=\"og:type\" content=\"article\" \/>\n<meta property=\"og:title\" content=\"Vodstvo HSLS-a iskazalo podr\u0161ku koaliciji na prijevremenim izborima za Gradsko vije\u0107e Grada Vara\u017edina - HSLS\" \/>\n<meta property=\"og:description\" content=\"Povodom izvanrednih izbora za Gradsko vije\u0107a Grada Vara\u017edina, koji \u0107e se odr\u017eati 16. travnja 2023. godine, predsjednik i saborski zastupnik HSLS-a, Dario Hrebak posjetio je grad Vara\u017edin zajedno s gradona\u010delnicom&hellip;\" \/>\n<meta property=\"og:url\" content=\"https:\/\/hsls.hr\/web\/vodstvo-hsls-a-iskazalo-podrsku-koaliciji-na-prijevremenim-izborima-za-gradsko-vijece-grada-varazdina-2\/\" \/>\n<meta property=\"og:site_name\" content=\"HSLS\" \/>\n<meta property=\"article:published_time\" content=\"2023-04-01T12:49:05+00:00\" \/>\n<meta property=\"article:modified_time\" content=\"2023-05-30T07:41:57+00:00\" \/>\n<meta property=\"og:image\" content=\"https:\/\/hsls.hr\/web\/wp-content\/uploads\/2023\/05\/WhatsApp-Image-2023-04-01-at-13.02.35-1080x675-1.jpe\" \/>\n\t<meta property=\"og:image:width\" content=\"1080\" \/>\n\t<meta property=\"og:image:height\" content=\"675\" \/>\n\t<meta property=\"og:image:type\" content=\"image\/jpeg\" \/>\n<meta name=\"author\" content=\"HSLS\" \/>\n<meta name=\"twitter:card\" content=\"summary_large_image\" \/>\n<meta name=\"twitter:label1\" content=\"Napisao\/la\" \/>\n\t<meta name=\"twitter:data1\" content=\"HSLS\" \/>\n\t<meta name=\"twitter:label2\" content=\"Procijenjeno vrijeme \u010ditanja\" \/>\n\t<meta name=\"twitter:data2\" content=\"1 minuta\" \/>\n<script type=\"application\/ld+json\" class=\"yoast-schema-graph\">{\"@context\":\"https:\\\/\\\/schema.org\",\"@graph\":[{\"@type\":\"Article\",\"@id\":\"https:\\\/\\\/hsls.hr\\\/web\\\/vodstvo-hsls-a-iskazalo-podrsku-koaliciji-na-prijevremenim-izborima-za-gradsko-vijece-grada-varazdina-2\\\/#article\",\"isPartOf\":{\"@id\":\"https:\\\/\\\/hsls.hr\\\/web\\\/vodstvo-hsls-a-iskazalo-podrsku-koaliciji-na-prijevremenim-izborima-za-gradsko-vijece-grada-varazdina-2\\\/\"},\"author\":{\"name\":\"HSLS\",\"@id\":\"https:\\\/\\\/hsls.hr\\\/web\\\/#\\\/schema\\\/person\\\/e3f651016d644a22e87c41fd9bc31f7b\"},\"headline\":\"Vodstvo HSLS-a iskazalo podr\u0161ku koaliciji na prijevremenim izborima za Gradsko vije\u0107e Grada Vara\u017edina\",\"datePublished\":\"2023-04-01T12:49:05+00:00\",\"dateModified\":\"2023-05-30T07:41:57+00:00\",\"mainEntityOfPage\":{\"@id\":\"https:\\\/\\\/hsls.hr\\\/web\\\/vodstvo-hsls-a-iskazalo-podrsku-koaliciji-na-prijevremenim-izborima-za-gradsko-vijece-grada-varazdina-2\\\/\"},\"wordCount\":263,\"image\":{\"@id\":\"https:\\\/\\\/hsls.hr\\\/web\\\/vodstvo-hsls-a-iskazalo-podrsku-koaliciji-na-prijevremenim-izborima-za-gradsko-vijece-grada-varazdina-2\\\/#primaryimage\"},\"thumbnailUrl\":\"https:\\\/\\\/hsls.hr\\\/web\\\/wp-content\\\/uploads\\\/2023\\\/05\\\/WhatsApp-Image-2023-04-01-at-13.02.35-1080x675-1.jpe\",\"articleSection\":[\"Zagreb\"],\"inLanguage\":\"hr\"},{\"@type\":\"WebPage\",\"@id\":\"https:\\\/\\\/hsls.hr\\\/web\\\/vodstvo-hsls-a-iskazalo-podrsku-koaliciji-na-prijevremenim-izborima-za-gradsko-vijece-grada-varazdina-2\\\/\",\"url\":\"https:\\\/\\\/hsls.hr\\\/web\\\/vodstvo-hsls-a-iskazalo-podrsku-koaliciji-na-prijevremenim-izborima-za-gradsko-vijece-grada-varazdina-2\\\/\",\"name\":\"Vodstvo HSLS-a iskazalo podr\u0161ku koaliciji na prijevremenim izborima za Gradsko vije\u0107e Grada Vara\u017edina - HSLS\",\"isPartOf\":{\"@id\":\"https:\\\/\\\/hsls.hr\\\/web\\\/#website\"},\"primaryImageOfPage\":{\"@id\":\"https:\\\/\\\/hsls.hr\\\/web\\\/vodstvo-hsls-a-iskazalo-podrsku-koaliciji-na-prijevremenim-izborima-za-gradsko-vijece-grada-varazdina-2\\\/#primaryimage\"},\"image\":{\"@id\":\"https:\\\/\\\/hsls.hr\\\/web\\\/vodstvo-hsls-a-iskazalo-podrsku-koaliciji-na-prijevremenim-izborima-za-gradsko-vijece-grada-varazdina-2\\\/#primaryimage\"},\"thumbnailUrl\":\"https:\\\/\\\/hsls.hr\\\/web\\\/wp-content\\\/uploads\\\/2023\\\/05\\\/WhatsApp-Image-2023-04-01-at-13.02.35-1080x675-1.jpe\",\"datePublished\":\"2023-04-01T12:49:05+00:00\",\"dateModified\":\"2023-05-30T07:41:57+00:00\",\"author\":{\"@id\":\"https:\\\/\\\/hsls.hr\\\/web\\\/#\\\/schema\\\/person\\\/e3f651016d644a22e87c41fd9bc31f7b\"},\"breadcrumb\":{\"@id\":\"https:\\\/\\\/hsls.hr\\\/web\\\/vodstvo-hsls-a-iskazalo-podrsku-koaliciji-na-prijevremenim-izborima-za-gradsko-vijece-grada-varazdina-2\\\/#breadcrumb\"},\"inLanguage\":\"hr\",\"potentialAction\":[{\"@type\":\"ReadAction\",\"target\":[\"https:\\\/\\\/hsls.hr\\\/web\\\/vodstvo-hsls-a-iskazalo-podrsku-koaliciji-na-prijevremenim-izborima-za-gradsko-vijece-grada-varazdina-2\\\/\"]}]},{\"@type\":\"ImageObject\",\"inLanguage\":\"hr\",\"@id\":\"https:\\\/\\\/hsls.hr\\\/web\\\/vodstvo-hsls-a-iskazalo-podrsku-koaliciji-na-prijevremenim-izborima-za-gradsko-vijece-grada-varazdina-2\\\/#primaryimage\",\"url\":\"https:\\\/\\\/hsls.hr\\\/web\\\/wp-content\\\/uploads\\\/2023\\\/05\\\/WhatsApp-Image-2023-04-01-at-13.02.35-1080x675-1.jpe\",\"contentUrl\":\"https:\\\/\\\/hsls.hr\\\/web\\\/wp-content\\\/uploads\\\/2023\\\/05\\\/WhatsApp-Image-2023-04-01-at-13.02.35-1080x675-1.jpe\",\"width\":1080,\"height\":675},{\"@type\":\"BreadcrumbList\",\"@id\":\"https:\\\/\\\/hsls.hr\\\/web\\\/vodstvo-hsls-a-iskazalo-podrsku-koaliciji-na-prijevremenim-izborima-za-gradsko-vijece-grada-varazdina-2\\\/#breadcrumb\",\"itemListElement\":[{\"@type\":\"ListItem\",\"position\":1,\"name\":\"Po\u010detna stranica\",\"item\":\"https:\\\/\\\/hsls.hr\\\/web\\\/\"},{\"@type\":\"ListItem\",\"position\":2,\"name\":\"Vodstvo HSLS-a iskazalo podr\u0161ku koaliciji na prijevremenim izborima za Gradsko vije\u0107e Grada Vara\u017edina\"}]},{\"@type\":\"WebSite\",\"@id\":\"https:\\\/\\\/hsls.hr\\\/web\\\/#website\",\"url\":\"https:\\\/\\\/hsls.hr\\\/web\\\/\",\"name\":\"HSLS\",\"description\":\"Hrvatska socijalno-liberalna stranka\",\"potentialAction\":[{\"@type\":\"SearchAction\",\"target\":{\"@type\":\"EntryPoint\",\"urlTemplate\":\"https:\\\/\\\/hsls.hr\\\/web\\\/?s={search_term_string}\"},\"query-input\":{\"@type\":\"PropertyValueSpecification\",\"valueRequired\":true,\"valueName\":\"search_term_string\"}}],\"inLanguage\":\"hr\"},{\"@type\":\"Person\",\"@id\":\"https:\\\/\\\/hsls.hr\\\/web\\\/#\\\/schema\\\/person\\\/e3f651016d644a22e87c41fd9bc31f7b\",\"name\":\"HSLS\",\"image\":{\"@type\":\"ImageObject\",\"inLanguage\":\"hr\",\"@id\":\"https:\\\/\\\/secure.gravatar.com\\\/avatar\\\/1f45d97b500c25de1ecef91e0eaa08ca0ada41c344c17876869f452108429fb9?s=96&d=mm&r=g\",\"url\":\"https:\\\/\\\/secure.gravatar.com\\\/avatar\\\/1f45d97b500c25de1ecef91e0eaa08ca0ada41c344c17876869f452108429fb9?s=96&d=mm&r=g\",\"contentUrl\":\"https:\\\/\\\/secure.gravatar.com\\\/avatar\\\/1f45d97b500c25de1ecef91e0eaa08ca0ada41c344c17876869f452108429fb9?s=96&d=mm&r=g\",\"caption\":\"HSLS\"},\"sameAs\":[\"https:\\\/\\\/hsls.hr\\\/web\"],\"url\":\"https:\\\/\\\/hsls.hr\\\/web\\\/author\\\/hsadminls\\\/\"}]}<\/script>\n<!-- \/ Yoast SEO plugin. -->","yoast_head_json":{"title":"Vodstvo HSLS-a iskazalo podr\u0161ku koaliciji na prijevremenim izborima za Gradsko vije\u0107e Grada Vara\u017edina - HSLS","robots":{"index":"index","follow":"follow","max-snippet":"max-snippet:-1","max-image-preview":"max-image-preview:large","max-video-preview":"max-video-preview:-1"},"canonical":"https:\/\/hsls.hr\/web\/vodstvo-hsls-a-iskazalo-podrsku-koaliciji-na-prijevremenim-izborima-za-gradsko-vijece-grada-varazdina-2\/","og_locale":"hr_HR","og_type":"article","og_title":"Vodstvo HSLS-a iskazalo podr\u0161ku koaliciji na prijevremenim izborima za Gradsko vije\u0107e Grada Vara\u017edina - HSLS","og_description":"Povodom izvanrednih izbora za Gradsko vije\u0107a Grada Vara\u017edina, koji \u0107e se odr\u017eati 16. travnja 2023. godine, predsjednik i saborski zastupnik HSLS-a, Dario Hrebak posjetio je grad Vara\u017edin zajedno s gradona\u010delnicom&hellip;","og_url":"https:\/\/hsls.hr\/web\/vodstvo-hsls-a-iskazalo-podrsku-koaliciji-na-prijevremenim-izborima-za-gradsko-vijece-grada-varazdina-2\/","og_site_name":"HSLS","article_published_time":"2023-04-01T12:49:05+00:00","article_modified_time":"2023-05-30T07:41:57+00:00","og_image":[{"width":1080,"height":675,"url":"https:\/\/hsls.hr\/web\/wp-content\/uploads\/2023\/05\/WhatsApp-Image-2023-04-01-at-13.02.35-1080x675-1.jpe","type":"image\/jpeg"}],"author":"HSLS","twitter_card":"summary_large_image","twitter_misc":{"Napisao\/la":"HSLS","Procijenjeno vrijeme \u010ditanja":"1 minuta"},"schema":{"@context":"https:\/\/schema.org","@graph":[{"@type":"Article","@id":"https:\/\/hsls.hr\/web\/vodstvo-hsls-a-iskazalo-podrsku-koaliciji-na-prijevremenim-izborima-za-gradsko-vijece-grada-varazdina-2\/#article","isPartOf":{"@id":"https:\/\/hsls.hr\/web\/vodstvo-hsls-a-iskazalo-podrsku-koaliciji-na-prijevremenim-izborima-za-gradsko-vijece-grada-varazdina-2\/"},"author":{"name":"HSLS","@id":"https:\/\/hsls.hr\/web\/#\/schema\/person\/e3f651016d644a22e87c41fd9bc31f7b"},"headline":"Vodstvo HSLS-a iskazalo podr\u0161ku koaliciji na prijevremenim izborima za Gradsko vije\u0107e Grada Vara\u017edina","datePublished":"2023-04-01T12:49:05+00:00","dateModified":"2023-05-30T07:41:57+00:00","mainEntityOfPage":{"@id":"https:\/\/hsls.hr\/web\/vodstvo-hsls-a-iskazalo-podrsku-koaliciji-na-prijevremenim-izborima-za-gradsko-vijece-grada-varazdina-2\/"},"wordCount":263,"image":{"@id":"https:\/\/hsls.hr\/web\/vodstvo-hsls-a-iskazalo-podrsku-koaliciji-na-prijevremenim-izborima-za-gradsko-vijece-grada-varazdina-2\/#primaryimage"},"thumbnailUrl":"https:\/\/hsls.hr\/web\/wp-content\/uploads\/2023\/05\/WhatsApp-Image-2023-04-01-at-13.02.35-1080x675-1.jpe","articleSection":["Zagreb"],"inLanguage":"hr"},{"@type":"WebPage","@id":"https:\/\/hsls.hr\/web\/vodstvo-hsls-a-iskazalo-podrsku-koaliciji-na-prijevremenim-izborima-za-gradsko-vijece-grada-varazdina-2\/","url":"https:\/\/hsls.hr\/web\/vodstvo-hsls-a-iskazalo-podrsku-koaliciji-na-prijevremenim-izborima-za-gradsko-vijece-grada-varazdina-2\/","name":"Vodstvo HSLS-a iskazalo podr\u0161ku koaliciji na prijevremenim izborima za Gradsko vije\u0107e Grada Vara\u017edina - HSLS","isPartOf":{"@id":"https:\/\/hsls.hr\/web\/#website"},"primaryImageOfPage":{"@id":"https:\/\/hsls.hr\/web\/vodstvo-hsls-a-iskazalo-podrsku-koaliciji-na-prijevremenim-izborima-za-gradsko-vijece-grada-varazdina-2\/#primaryimage"},"image":{"@id":"https:\/\/hsls.hr\/web\/vodstvo-hsls-a-iskazalo-podrsku-koaliciji-na-prijevremenim-izborima-za-gradsko-vijece-grada-varazdina-2\/#primaryimage"},"thumbnailUrl":"https:\/\/hsls.hr\/web\/wp-content\/uploads\/2023\/05\/WhatsApp-Image-2023-04-01-at-13.02.35-1080x675-1.jpe","datePublished":"2023-04-01T12:49:05+00:00","dateModified":"2023-05-30T07:41:57+00:00","author":{"@id":"https:\/\/hsls.hr\/web\/#\/schema\/person\/e3f651016d644a22e87c41fd9bc31f7b"},"breadcrumb":{"@id":"https:\/\/hsls.hr\/web\/vodstvo-hsls-a-iskazalo-podrsku-koaliciji-na-prijevremenim-izborima-za-gradsko-vijece-grada-varazdina-2\/#breadcrumb"},"inLanguage":"hr","potentialAction":[{"@type":"ReadAction","target":["https:\/\/hsls.hr\/web\/vodstvo-hsls-a-iskazalo-podrsku-koaliciji-na-prijevremenim-izborima-za-gradsko-vijece-grada-varazdina-2\/"]}]},{"@type":"ImageObject","inLanguage":"hr","@id":"https:\/\/hsls.hr\/web\/vodstvo-hsls-a-iskazalo-podrsku-koaliciji-na-prijevremenim-izborima-za-gradsko-vijece-grada-varazdina-2\/#primaryimage","url":"https:\/\/hsls.hr\/web\/wp-content\/uploads\/2023\/05\/WhatsApp-Image-2023-04-01-at-13.02.35-1080x675-1.jpe","contentUrl":"https:\/\/hsls.hr\/web\/wp-content\/uploads\/2023\/05\/WhatsApp-Image-2023-04-01-at-13.02.35-1080x675-1.jpe","width":1080,"height":675},{"@type":"BreadcrumbList","@id":"https:\/\/hsls.hr\/web\/vodstvo-hsls-a-iskazalo-podrsku-koaliciji-na-prijevremenim-izborima-za-gradsko-vijece-grada-varazdina-2\/#breadcrumb","itemListElement":[{"@type":"ListItem","position":1,"name":"Po\u010detna stranica","item":"https:\/\/hsls.hr\/web\/"},{"@type":"ListItem","position":2,"name":"Vodstvo HSLS-a iskazalo podr\u0161ku koaliciji na prijevremenim izborima za Gradsko vije\u0107e Grada Vara\u017edina"}]},{"@type":"WebSite","@id":"https:\/\/hsls.hr\/web\/#website","url":"https:\/\/hsls.hr\/web\/","name":"HSLS","description":"Hrvatska socijalno-liberalna stranka","potentialAction":[{"@type":"SearchAction","target":{"@type":"EntryPoint","urlTemplate":"https:\/\/hsls.hr\/web\/?s={search_term_string}"},"query-input":{"@type":"PropertyValueSpecification","valueRequired":true,"valueName":"search_term_string"}}],"inLanguage":"hr"},{"@type":"Person","@id":"https:\/\/hsls.hr\/web\/#\/schema\/person\/e3f651016d644a22e87c41fd9bc31f7b","name":"HSLS","image":{"@type":"ImageObject","inLanguage":"hr","@id":"https:\/\/secure.gravatar.com\/avatar\/1f45d97b500c25de1ecef91e0eaa08ca0ada41c344c17876869f452108429fb9?s=96&d=mm&r=g","url":"https:\/\/secure.gravatar.com\/avatar\/1f45d97b500c25de1ecef91e0eaa08ca0ada41c344c17876869f452108429fb9?s=96&d=mm&r=g","contentUrl":"https:\/\/secure.gravatar.com\/avatar\/1f45d97b500c25de1ecef91e0eaa08ca0ada41c344c17876869f452108429fb9?s=96&d=mm&r=g","caption":"HSLS"},"sameAs":["https:\/\/hsls.hr\/web"],"url":"https:\/\/hsls.hr\/web\/author\/hsadminls\/"}]}},"_links":{"self":[{"href":"https:\/\/hsls.hr\/web\/wp-json\/wp\/v2\/posts\/2632","targetHints":{"allow":["GET"]}}],"collection":[{"href":"https:\/\/hsls.hr\/web\/wp-json\/wp\/v2\/posts"}],"about":[{"href":"https:\/\/hsls.hr\/web\/wp-json\/wp\/v2\/types\/post"}],"author":[{"embeddable":true,"href":"https:\/\/hsls.hr\/web\/wp-json\/wp\/v2\/users\/1"}],"replies":[{"embeddable":true,"href":"https:\/\/hsls.hr\/web\/wp-json\/wp\/v2\/comments?post=2632"}],"version-history":[{"count":2,"href":"https:\/\/hsls.hr\/web\/wp-json\/wp\/v2\/posts\/2632\/revisions"}],"predecessor-version":[{"id":3025,"href":"https:\/\/hsls.hr\/web\/wp-json\/wp\/v2\/posts\/2632\/revisions\/3025"}],"wp:featuredmedia":[{"embeddable":true,"href":"https:\/\/hsls.hr\/web\/wp-json\/wp\/v2\/media\/2633"}],"wp:attachment":[{"href":"https:\/\/hsls.hr\/web\/wp-json\/wp\/v2\/media?parent=2632"}],"wp:term":[{"taxonomy":"category","embeddable":true,"href":"https:\/\/hsls.hr\/web\/wp-json\/wp\/v2\/categories?post=2632"},{"taxonomy":"post_tag","embeddable":true,"href":"https:\/\/hsls.hr\/web\/wp-json\/wp\/v2\/tags?post=2632"}],"curies":[{"name":"wp","href":"https:\/\/api.w.org\/{rel}","templated":true}]}}