{"id":2629,"date":"2023-04-01T18:47:49","date_gmt":"2023-04-01T18:47:49","guid":{"rendered":"https:\/\/hsls.hr\/web\/seminar-koristenje-energije-u-jls-s-naglaskom-na-obnovljive-izvore\/"},"modified":"2023-05-30T07:52:39","modified_gmt":"2023-05-30T07:52:39","slug":"seminar-koristenje-energije-u-jls-s-naglaskom-na-obnovljive-izvore","status":"publish","type":"post","link":"https:\/\/hsls.hr\/web\/seminar-koristenje-energije-u-jls-s-naglaskom-na-obnovljive-izvore\/","title":{"rendered":"Seminar \u2018Kori\u0161tenje energije u JLS s naglaskom na obnovljive izvore\u2019"},"content":{"rendered":"<p>Ovog vikenda na\u0161e \u010dlanice i \u010dlanovi sudjeluju na jo\u0161 jednom seminaru u suradnji s na\u0161im prijateljima iz Friedrich-Naumann-Stiftung f\u00fcr die Freiheit, a tema je \u2018Kori\u0161tenje energije u JLS s naglaskom na obnovljive izvore\u2019.<\/p>\n<p>Poseban naglasak stavljen je na kori\u0161tenje geotermalne energije, o \u010demu predaju Mladen \u0160krlec i Dragutin Domitrovi\u0107, konzultanti i poduzetnici na podru\u010dju geotermalne energije i \u010dlanovi upravnih tijela Hrvatske udruge za geotermalnu energiju.<\/p>\n<p>Osim njih, predava\u010di su i:<br \/>\n\u2013 Du\u0161ko Ki\u0161beri, konzultant i biv\u0161i pro\u010delnik Upravnog odjela za gospodarstvo Istarske \u017eupanije<br \/>\n\u2013 Mirko Budi\u0161a, HSLS-ov predsjednik Odbora za okoli\u0161 i zamjenik direktora Fonda za za\u0161titu okoli\u0161a i energetsku u\u010dinkovitost<br \/>\n\u2013 Dario Hrebak, predsjednik i saborski zastupnik HSLS-a te gradona\u010delnik Bjelovara<\/p>\n","protected":false},"excerpt":{"rendered":"<p>Ovog vikenda na\u0161e \u010dlanice i \u010dlanovi sudjeluju na jo\u0161 jednom seminaru u suradnji s na\u0161im prijateljima iz Friedrich-Naumann-Stiftung f\u00fcr die Freiheit, a tema je \u2018Kori\u0161tenje energije u JLS s naglaskom&hellip;<\/p>\n","protected":false},"author":1,"featured_media":2339,"comment_status":"closed","ping_status":"open","sticky":false,"template":"","format":"standard","meta":{"_lmt_disableupdate":"","_lmt_disable":"","footnotes":""},"categories":[1],"tags":[],"class_list":["post-2629","post","type-post","status-publish","format-standard","has-post-thumbnail","hentry","category-nacionalne-vijesti"],"yoast_head":"<!-- This site is optimized with the Yoast SEO plugin v27.5 - https:\/\/yoast.com\/product\/yoast-seo-wordpress\/ -->\n<title>Seminar \u2018Kori\u0161tenje energije u JLS s naglaskom na obnovljive izvore\u2019 - HSLS<\/title>\n<meta name=\"robots\" content=\"index, follow, max-snippet:-1, max-image-preview:large, max-video-preview:-1\" \/>\n<link rel=\"canonical\" href=\"https:\/\/hsls.hr\/web\/seminar-koristenje-energije-u-jls-s-naglaskom-na-obnovljive-izvore\/\" \/>\n<meta property=\"og:locale\" content=\"hr_HR\" \/>\n<meta property=\"og:type\" content=\"article\" \/>\n<meta property=\"og:title\" content=\"Seminar \u2018Kori\u0161tenje energije u JLS s naglaskom na obnovljive izvore\u2019 - HSLS\" \/>\n<meta property=\"og:description\" content=\"Ovog vikenda na\u0161e \u010dlanice i \u010dlanovi sudjeluju na jo\u0161 jednom seminaru u suradnji s na\u0161im prijateljima iz Friedrich-Naumann-Stiftung f\u00fcr die Freiheit, a tema je \u2018Kori\u0161tenje energije u JLS s naglaskom&hellip;\" \/>\n<meta property=\"og:url\" content=\"https:\/\/hsls.hr\/web\/seminar-koristenje-energije-u-jls-s-naglaskom-na-obnovljive-izvore\/\" \/>\n<meta property=\"og:site_name\" content=\"HSLS\" \/>\n<meta property=\"article:published_time\" content=\"2023-04-01T18:47:49+00:00\" \/>\n<meta property=\"article:modified_time\" content=\"2023-05-30T07:52:39+00:00\" \/>\n<meta property=\"og:image\" content=\"https:\/\/hsls.hr\/web\/wp-content\/uploads\/2023\/04\/WhatsApp-Image-2023-04-01-at-17.42.59-2-980x735-1.jpeg\" \/>\n\t<meta property=\"og:image:width\" content=\"980\" \/>\n\t<meta property=\"og:image:height\" content=\"735\" \/>\n\t<meta property=\"og:image:type\" content=\"image\/jpeg\" \/>\n<meta name=\"author\" content=\"HSLS\" \/>\n<meta name=\"twitter:card\" content=\"summary_large_image\" \/>\n<meta name=\"twitter:label1\" content=\"Napisao\/la\" \/>\n\t<meta name=\"twitter:data1\" content=\"HSLS\" \/>\n\t<meta name=\"twitter:label2\" content=\"Procijenjeno vrijeme \u010ditanja\" \/>\n\t<meta name=\"twitter:data2\" content=\"1 minuta\" \/>\n<script type=\"application\/ld+json\" class=\"yoast-schema-graph\">{\"@context\":\"https:\\\/\\\/schema.org\",\"@graph\":[{\"@type\":\"Article\",\"@id\":\"https:\\\/\\\/hsls.hr\\\/web\\\/seminar-koristenje-energije-u-jls-s-naglaskom-na-obnovljive-izvore\\\/#article\",\"isPartOf\":{\"@id\":\"https:\\\/\\\/hsls.hr\\\/web\\\/seminar-koristenje-energije-u-jls-s-naglaskom-na-obnovljive-izvore\\\/\"},\"author\":{\"name\":\"HSLS\",\"@id\":\"https:\\\/\\\/hsls.hr\\\/web\\\/#\\\/schema\\\/person\\\/e3f651016d644a22e87c41fd9bc31f7b\"},\"headline\":\"Seminar \u2018Kori\u0161tenje energije u JLS s naglaskom na obnovljive izvore\u2019\",\"datePublished\":\"2023-04-01T18:47:49+00:00\",\"dateModified\":\"2023-05-30T07:52:39+00:00\",\"mainEntityOfPage\":{\"@id\":\"https:\\\/\\\/hsls.hr\\\/web\\\/seminar-koristenje-energije-u-jls-s-naglaskom-na-obnovljive-izvore\\\/\"},\"wordCount\":136,\"image\":{\"@id\":\"https:\\\/\\\/hsls.hr\\\/web\\\/seminar-koristenje-energije-u-jls-s-naglaskom-na-obnovljive-izvore\\\/#primaryimage\"},\"thumbnailUrl\":\"https:\\\/\\\/hsls.hr\\\/web\\\/wp-content\\\/uploads\\\/2023\\\/04\\\/WhatsApp-Image-2023-04-01-at-17.42.59-2-980x735-1.jpeg\",\"articleSection\":[\"Nacionalno\"],\"inLanguage\":\"hr\"},{\"@type\":\"WebPage\",\"@id\":\"https:\\\/\\\/hsls.hr\\\/web\\\/seminar-koristenje-energije-u-jls-s-naglaskom-na-obnovljive-izvore\\\/\",\"url\":\"https:\\\/\\\/hsls.hr\\\/web\\\/seminar-koristenje-energije-u-jls-s-naglaskom-na-obnovljive-izvore\\\/\",\"name\":\"Seminar \u2018Kori\u0161tenje energije u JLS s naglaskom na obnovljive izvore\u2019 - HSLS\",\"isPartOf\":{\"@id\":\"https:\\\/\\\/hsls.hr\\\/web\\\/#website\"},\"primaryImageOfPage\":{\"@id\":\"https:\\\/\\\/hsls.hr\\\/web\\\/seminar-koristenje-energije-u-jls-s-naglaskom-na-obnovljive-izvore\\\/#primaryimage\"},\"image\":{\"@id\":\"https:\\\/\\\/hsls.hr\\\/web\\\/seminar-koristenje-energije-u-jls-s-naglaskom-na-obnovljive-izvore\\\/#primaryimage\"},\"thumbnailUrl\":\"https:\\\/\\\/hsls.hr\\\/web\\\/wp-content\\\/uploads\\\/2023\\\/04\\\/WhatsApp-Image-2023-04-01-at-17.42.59-2-980x735-1.jpeg\",\"datePublished\":\"2023-04-01T18:47:49+00:00\",\"dateModified\":\"2023-05-30T07:52:39+00:00\",\"author\":{\"@id\":\"https:\\\/\\\/hsls.hr\\\/web\\\/#\\\/schema\\\/person\\\/e3f651016d644a22e87c41fd9bc31f7b\"},\"breadcrumb\":{\"@id\":\"https:\\\/\\\/hsls.hr\\\/web\\\/seminar-koristenje-energije-u-jls-s-naglaskom-na-obnovljive-izvore\\\/#breadcrumb\"},\"inLanguage\":\"hr\",\"potentialAction\":[{\"@type\":\"ReadAction\",\"target\":[\"https:\\\/\\\/hsls.hr\\\/web\\\/seminar-koristenje-energije-u-jls-s-naglaskom-na-obnovljive-izvore\\\/\"]}]},{\"@type\":\"ImageObject\",\"inLanguage\":\"hr\",\"@id\":\"https:\\\/\\\/hsls.hr\\\/web\\\/seminar-koristenje-energije-u-jls-s-naglaskom-na-obnovljive-izvore\\\/#primaryimage\",\"url\":\"https:\\\/\\\/hsls.hr\\\/web\\\/wp-content\\\/uploads\\\/2023\\\/04\\\/WhatsApp-Image-2023-04-01-at-17.42.59-2-980x735-1.jpeg\",\"contentUrl\":\"https:\\\/\\\/hsls.hr\\\/web\\\/wp-content\\\/uploads\\\/2023\\\/04\\\/WhatsApp-Image-2023-04-01-at-17.42.59-2-980x735-1.jpeg\",\"width\":980,\"height\":735},{\"@type\":\"BreadcrumbList\",\"@id\":\"https:\\\/\\\/hsls.hr\\\/web\\\/seminar-koristenje-energije-u-jls-s-naglaskom-na-obnovljive-izvore\\\/#breadcrumb\",\"itemListElement\":[{\"@type\":\"ListItem\",\"position\":1,\"name\":\"Po\u010detna stranica\",\"item\":\"https:\\\/\\\/hsls.hr\\\/web\\\/\"},{\"@type\":\"ListItem\",\"position\":2,\"name\":\"Seminar \u2018Kori\u0161tenje energije u JLS s naglaskom na obnovljive izvore\u2019\"}]},{\"@type\":\"WebSite\",\"@id\":\"https:\\\/\\\/hsls.hr\\\/web\\\/#website\",\"url\":\"https:\\\/\\\/hsls.hr\\\/web\\\/\",\"name\":\"HSLS\",\"description\":\"Hrvatska socijalno-liberalna stranka\",\"potentialAction\":[{\"@type\":\"SearchAction\",\"target\":{\"@type\":\"EntryPoint\",\"urlTemplate\":\"https:\\\/\\\/hsls.hr\\\/web\\\/?s={search_term_string}\"},\"query-input\":{\"@type\":\"PropertyValueSpecification\",\"valueRequired\":true,\"valueName\":\"search_term_string\"}}],\"inLanguage\":\"hr\"},{\"@type\":\"Person\",\"@id\":\"https:\\\/\\\/hsls.hr\\\/web\\\/#\\\/schema\\\/person\\\/e3f651016d644a22e87c41fd9bc31f7b\",\"name\":\"HSLS\",\"image\":{\"@type\":\"ImageObject\",\"inLanguage\":\"hr\",\"@id\":\"https:\\\/\\\/secure.gravatar.com\\\/avatar\\\/1f45d97b500c25de1ecef91e0eaa08ca0ada41c344c17876869f452108429fb9?s=96&d=mm&r=g\",\"url\":\"https:\\\/\\\/secure.gravatar.com\\\/avatar\\\/1f45d97b500c25de1ecef91e0eaa08ca0ada41c344c17876869f452108429fb9?s=96&d=mm&r=g\",\"contentUrl\":\"https:\\\/\\\/secure.gravatar.com\\\/avatar\\\/1f45d97b500c25de1ecef91e0eaa08ca0ada41c344c17876869f452108429fb9?s=96&d=mm&r=g\",\"caption\":\"HSLS\"},\"sameAs\":[\"https:\\\/\\\/hsls.hr\\\/web\"],\"url\":\"https:\\\/\\\/hsls.hr\\\/web\\\/author\\\/hsadminls\\\/\"}]}<\/script>\n<!-- \/ Yoast SEO plugin. -->","yoast_head_json":{"title":"Seminar \u2018Kori\u0161tenje energije u JLS s naglaskom na obnovljive izvore\u2019 - HSLS","robots":{"index":"index","follow":"follow","max-snippet":"max-snippet:-1","max-image-preview":"max-image-preview:large","max-video-preview":"max-video-preview:-1"},"canonical":"https:\/\/hsls.hr\/web\/seminar-koristenje-energije-u-jls-s-naglaskom-na-obnovljive-izvore\/","og_locale":"hr_HR","og_type":"article","og_title":"Seminar \u2018Kori\u0161tenje energije u JLS s naglaskom na obnovljive izvore\u2019 - HSLS","og_description":"Ovog vikenda na\u0161e \u010dlanice i \u010dlanovi sudjeluju na jo\u0161 jednom seminaru u suradnji s na\u0161im prijateljima iz Friedrich-Naumann-Stiftung f\u00fcr die Freiheit, a tema je \u2018Kori\u0161tenje energije u JLS s naglaskom&hellip;","og_url":"https:\/\/hsls.hr\/web\/seminar-koristenje-energije-u-jls-s-naglaskom-na-obnovljive-izvore\/","og_site_name":"HSLS","article_published_time":"2023-04-01T18:47:49+00:00","article_modified_time":"2023-05-30T07:52:39+00:00","og_image":[{"width":980,"height":735,"url":"https:\/\/hsls.hr\/web\/wp-content\/uploads\/2023\/04\/WhatsApp-Image-2023-04-01-at-17.42.59-2-980x735-1.jpeg","type":"image\/jpeg"}],"author":"HSLS","twitter_card":"summary_large_image","twitter_misc":{"Napisao\/la":"HSLS","Procijenjeno vrijeme \u010ditanja":"1 minuta"},"schema":{"@context":"https:\/\/schema.org","@graph":[{"@type":"Article","@id":"https:\/\/hsls.hr\/web\/seminar-koristenje-energije-u-jls-s-naglaskom-na-obnovljive-izvore\/#article","isPartOf":{"@id":"https:\/\/hsls.hr\/web\/seminar-koristenje-energije-u-jls-s-naglaskom-na-obnovljive-izvore\/"},"author":{"name":"HSLS","@id":"https:\/\/hsls.hr\/web\/#\/schema\/person\/e3f651016d644a22e87c41fd9bc31f7b"},"headline":"Seminar \u2018Kori\u0161tenje energije u JLS s naglaskom na obnovljive izvore\u2019","datePublished":"2023-04-01T18:47:49+00:00","dateModified":"2023-05-30T07:52:39+00:00","mainEntityOfPage":{"@id":"https:\/\/hsls.hr\/web\/seminar-koristenje-energije-u-jls-s-naglaskom-na-obnovljive-izvore\/"},"wordCount":136,"image":{"@id":"https:\/\/hsls.hr\/web\/seminar-koristenje-energije-u-jls-s-naglaskom-na-obnovljive-izvore\/#primaryimage"},"thumbnailUrl":"https:\/\/hsls.hr\/web\/wp-content\/uploads\/2023\/04\/WhatsApp-Image-2023-04-01-at-17.42.59-2-980x735-1.jpeg","articleSection":["Nacionalno"],"inLanguage":"hr"},{"@type":"WebPage","@id":"https:\/\/hsls.hr\/web\/seminar-koristenje-energije-u-jls-s-naglaskom-na-obnovljive-izvore\/","url":"https:\/\/hsls.hr\/web\/seminar-koristenje-energije-u-jls-s-naglaskom-na-obnovljive-izvore\/","name":"Seminar \u2018Kori\u0161tenje energije u JLS s naglaskom na obnovljive izvore\u2019 - HSLS","isPartOf":{"@id":"https:\/\/hsls.hr\/web\/#website"},"primaryImageOfPage":{"@id":"https:\/\/hsls.hr\/web\/seminar-koristenje-energije-u-jls-s-naglaskom-na-obnovljive-izvore\/#primaryimage"},"image":{"@id":"https:\/\/hsls.hr\/web\/seminar-koristenje-energije-u-jls-s-naglaskom-na-obnovljive-izvore\/#primaryimage"},"thumbnailUrl":"https:\/\/hsls.hr\/web\/wp-content\/uploads\/2023\/04\/WhatsApp-Image-2023-04-01-at-17.42.59-2-980x735-1.jpeg","datePublished":"2023-04-01T18:47:49+00:00","dateModified":"2023-05-30T07:52:39+00:00","author":{"@id":"https:\/\/hsls.hr\/web\/#\/schema\/person\/e3f651016d644a22e87c41fd9bc31f7b"},"breadcrumb":{"@id":"https:\/\/hsls.hr\/web\/seminar-koristenje-energije-u-jls-s-naglaskom-na-obnovljive-izvore\/#breadcrumb"},"inLanguage":"hr","potentialAction":[{"@type":"ReadAction","target":["https:\/\/hsls.hr\/web\/seminar-koristenje-energije-u-jls-s-naglaskom-na-obnovljive-izvore\/"]}]},{"@type":"ImageObject","inLanguage":"hr","@id":"https:\/\/hsls.hr\/web\/seminar-koristenje-energije-u-jls-s-naglaskom-na-obnovljive-izvore\/#primaryimage","url":"https:\/\/hsls.hr\/web\/wp-content\/uploads\/2023\/04\/WhatsApp-Image-2023-04-01-at-17.42.59-2-980x735-1.jpeg","contentUrl":"https:\/\/hsls.hr\/web\/wp-content\/uploads\/2023\/04\/WhatsApp-Image-2023-04-01-at-17.42.59-2-980x735-1.jpeg","width":980,"height":735},{"@type":"BreadcrumbList","@id":"https:\/\/hsls.hr\/web\/seminar-koristenje-energije-u-jls-s-naglaskom-na-obnovljive-izvore\/#breadcrumb","itemListElement":[{"@type":"ListItem","position":1,"name":"Po\u010detna stranica","item":"https:\/\/hsls.hr\/web\/"},{"@type":"ListItem","position":2,"name":"Seminar \u2018Kori\u0161tenje energije u JLS s naglaskom na obnovljive izvore\u2019"}]},{"@type":"WebSite","@id":"https:\/\/hsls.hr\/web\/#website","url":"https:\/\/hsls.hr\/web\/","name":"HSLS","description":"Hrvatska socijalno-liberalna stranka","potentialAction":[{"@type":"SearchAction","target":{"@type":"EntryPoint","urlTemplate":"https:\/\/hsls.hr\/web\/?s={search_term_string}"},"query-input":{"@type":"PropertyValueSpecification","valueRequired":true,"valueName":"search_term_string"}}],"inLanguage":"hr"},{"@type":"Person","@id":"https:\/\/hsls.hr\/web\/#\/schema\/person\/e3f651016d644a22e87c41fd9bc31f7b","name":"HSLS","image":{"@type":"ImageObject","inLanguage":"hr","@id":"https:\/\/secure.gravatar.com\/avatar\/1f45d97b500c25de1ecef91e0eaa08ca0ada41c344c17876869f452108429fb9?s=96&d=mm&r=g","url":"https:\/\/secure.gravatar.com\/avatar\/1f45d97b500c25de1ecef91e0eaa08ca0ada41c344c17876869f452108429fb9?s=96&d=mm&r=g","contentUrl":"https:\/\/secure.gravatar.com\/avatar\/1f45d97b500c25de1ecef91e0eaa08ca0ada41c344c17876869f452108429fb9?s=96&d=mm&r=g","caption":"HSLS"},"sameAs":["https:\/\/hsls.hr\/web"],"url":"https:\/\/hsls.hr\/web\/author\/hsadminls\/"}]}},"_links":{"self":[{"href":"https:\/\/hsls.hr\/web\/wp-json\/wp\/v2\/posts\/2629","targetHints":{"allow":["GET"]}}],"collection":[{"href":"https:\/\/hsls.hr\/web\/wp-json\/wp\/v2\/posts"}],"about":[{"href":"https:\/\/hsls.hr\/web\/wp-json\/wp\/v2\/types\/post"}],"author":[{"embeddable":true,"href":"https:\/\/hsls.hr\/web\/wp-json\/wp\/v2\/users\/1"}],"replies":[{"embeddable":true,"href":"https:\/\/hsls.hr\/web\/wp-json\/wp\/v2\/comments?post=2629"}],"version-history":[{"count":2,"href":"https:\/\/hsls.hr\/web\/wp-json\/wp\/v2\/posts\/2629\/revisions"}],"predecessor-version":[{"id":3024,"href":"https:\/\/hsls.hr\/web\/wp-json\/wp\/v2\/posts\/2629\/revisions\/3024"}],"wp:featuredmedia":[{"embeddable":true,"href":"https:\/\/hsls.hr\/web\/wp-json\/wp\/v2\/media\/2339"}],"wp:attachment":[{"href":"https:\/\/hsls.hr\/web\/wp-json\/wp\/v2\/media?parent=2629"}],"wp:term":[{"taxonomy":"category","embeddable":true,"href":"https:\/\/hsls.hr\/web\/wp-json\/wp\/v2\/categories?post=2629"},{"taxonomy":"post_tag","embeddable":true,"href":"https:\/\/hsls.hr\/web\/wp-json\/wp\/v2\/tags?post=2629"}],"curies":[{"name":"wp","href":"https:\/\/api.w.org\/{rel}","templated":true}]}}