{"id":1767,"date":"2022-10-17T19:59:02","date_gmt":"2022-10-17T19:59:02","guid":{"rendered":"https:\/\/hsls.hr\/web\/?p=1767"},"modified":"2023-05-29T12:13:56","modified_gmt":"2023-05-29T12:13:56","slug":"ksaver-40-godina-izgubljeni-u-svom-gradu","status":"publish","type":"post","link":"https:\/\/hsls.hr\/web\/ksaver-40-godina-izgubljeni-u-svom-gradu\/","title":{"rendered":"KSAVER \u2013 40 godina izgubljeni u svom gradu!"},"content":{"rendered":"<p>Od kako je izgra\u0111en kompleks Ksaver koji sa\u010dinjava preko 200 ku\u0107nih brojeva nije posjedovao adekvatnu prostornu evidenciju smjerokaza koji bi svakoga namjernika uputili gdje na 35.000m2 prostora na 7 kaskada je ciljana adresa.<\/p>\n<p>Taj nedostatak je svaku osobu, a posebice onu koja \u017eivi sama, u slu\u010daju hitne potrebe izlagao riziku izostanka adekvatne hitne pomo\u0107i ukoliko ta ista osoba nije pri punoj svijesti da navodi djelatnika hitnih slu\u017ebi kroz labirint do svoje adrese. Ku\u0107ni brojevi postavljeni su poprili\u010dno \u010dudnom logikom te su dostave i hitne intervencije ote\u017eani zbog ovog pravog labirinta 200-ak ku\u0107nih brojeva koji ote\u017eavaju orijentaciju svim stanarima kao i korisnicima prostora.<\/p>\n<p>Na inicijativu \u010dlanova ogranka HSLS-a Gornji grad, organizirana je izrada plana i pokrenut projekt adekvatne prostorne evidencije kompleksa Ksaver. Prvu fazu je uspje\u0161no realizirali u suradnji s Gradskim uredom za katastar i geodetske poslove, Odsjek za prostornu evidenciju koji je izna\u0161ao sredstava da se izradi i montira dio smjerokaza koji upu\u0107uju one koji kompleksu pristupaju iz Mlinarske ulice i Jurjevske ulice gdje se po eta\u017eama nalaze koji rasponi ku\u0107nih brojeva.<\/p>\n<p>\u010clanovi HSLS-a nisu bili potaknuti izgubljenim dostavlja\u010dima ili proma\u0161enim sastancima u Ministarstvu zdravstva, iako su i oni dobar razlog, ve\u0107 brigom u osami na\u0161ih starijih sugra\u0111ana do kojih hitne slu\u017ebe nisu znale do\u0107i ukoliko ih oni sami u samom trenutku borbe za \u017eivot ne navode k sebi.<\/p>\n<p>Ovo je po\u010detak akcije , cilj treba biti u narednoj godini provesti plan i realizirati adekvatnu prostornu evidenciju kompleksa Ksaver kako bi svatko bio siguran da \u0107e biti prona\u0111en, bilo da mu \u017euri netko s online naru\u010denim ru\u010dkom ili da mu spasi \u017eivot!<\/p>\n<p>Djelujemo svi zajedno jer nas treba biti briga za svoje sugra\u0111ane , nitko ne smije biti izgubljen i prepu\u0161ten sam sebi u svojem gradu!<\/p>\n","protected":false},"excerpt":{"rendered":"<p>Od kako je izgra\u0111en kompleks Ksaver koji sa\u010dinjava preko 200 ku\u0107nih brojeva nije posjedovao adekvatnu prostornu evidenciju smjerokaza koji bi svakoga namjernika uputili gdje na 35.000m2 prostora na 7 kaskada&hellip;<\/p>\n","protected":false},"author":1,"featured_media":2440,"comment_status":"open","ping_status":"open","sticky":false,"template":"","format":"standard","meta":{"_lmt_disableupdate":"","_lmt_disable":"","footnotes":""},"categories":[3],"tags":[],"class_list":["post-1767","post","type-post","status-publish","format-standard","has-post-thumbnail","hentry","category-zagrebacke-vijesti"],"yoast_head":"<!-- This site is optimized with the Yoast SEO plugin v27.5 - https:\/\/yoast.com\/product\/yoast-seo-wordpress\/ -->\n<title>KSAVER \u2013 40 godina izgubljeni u svom gradu! - HSLS<\/title>\n<meta name=\"robots\" content=\"index, follow, max-snippet:-1, max-image-preview:large, max-video-preview:-1\" \/>\n<link rel=\"canonical\" href=\"https:\/\/hsls.hr\/web\/ksaver-40-godina-izgubljeni-u-svom-gradu\/\" \/>\n<meta property=\"og:locale\" content=\"hr_HR\" \/>\n<meta property=\"og:type\" content=\"article\" \/>\n<meta property=\"og:title\" content=\"KSAVER \u2013 40 godina izgubljeni u svom gradu! - HSLS\" \/>\n<meta property=\"og:description\" content=\"Od kako je izgra\u0111en kompleks Ksaver koji sa\u010dinjava preko 200 ku\u0107nih brojeva nije posjedovao adekvatnu prostornu evidenciju smjerokaza koji bi svakoga namjernika uputili gdje na 35.000m2 prostora na 7 kaskada&hellip;\" \/>\n<meta property=\"og:url\" content=\"https:\/\/hsls.hr\/web\/ksaver-40-godina-izgubljeni-u-svom-gradu\/\" \/>\n<meta property=\"og:site_name\" content=\"HSLS\" \/>\n<meta property=\"article:published_time\" content=\"2022-10-17T19:59:02+00:00\" \/>\n<meta property=\"article:modified_time\" content=\"2023-05-29T12:13:56+00:00\" \/>\n<meta property=\"og:image\" content=\"https:\/\/hsls.hr\/web\/wp-content\/uploads\/2022\/10\/3E0696A6-4C0A-4DB0-BB38-A4E9A14B4C76.jpeg\" \/>\n\t<meta property=\"og:image:width\" content=\"640\" \/>\n\t<meta property=\"og:image:height\" content=\"480\" \/>\n\t<meta property=\"og:image:type\" content=\"image\/jpeg\" \/>\n<meta name=\"author\" content=\"HSLS\" \/>\n<meta name=\"twitter:card\" content=\"summary_large_image\" \/>\n<meta name=\"twitter:label1\" content=\"Napisao\/la\" \/>\n\t<meta name=\"twitter:data1\" content=\"HSLS\" \/>\n\t<meta name=\"twitter:label2\" content=\"Procijenjeno vrijeme \u010ditanja\" \/>\n\t<meta name=\"twitter:data2\" content=\"2 minute\" \/>\n<script type=\"application\/ld+json\" class=\"yoast-schema-graph\">{\"@context\":\"https:\\\/\\\/schema.org\",\"@graph\":[{\"@type\":\"Article\",\"@id\":\"https:\\\/\\\/hsls.hr\\\/web\\\/ksaver-40-godina-izgubljeni-u-svom-gradu\\\/#article\",\"isPartOf\":{\"@id\":\"https:\\\/\\\/hsls.hr\\\/web\\\/ksaver-40-godina-izgubljeni-u-svom-gradu\\\/\"},\"author\":{\"name\":\"HSLS\",\"@id\":\"https:\\\/\\\/hsls.hr\\\/web\\\/#\\\/schema\\\/person\\\/e3f651016d644a22e87c41fd9bc31f7b\"},\"headline\":\"KSAVER \u2013 40 godina izgubljeni u svom gradu!\",\"datePublished\":\"2022-10-17T19:59:02+00:00\",\"dateModified\":\"2023-05-29T12:13:56+00:00\",\"mainEntityOfPage\":{\"@id\":\"https:\\\/\\\/hsls.hr\\\/web\\\/ksaver-40-godina-izgubljeni-u-svom-gradu\\\/\"},\"wordCount\":316,\"commentCount\":0,\"image\":{\"@id\":\"https:\\\/\\\/hsls.hr\\\/web\\\/ksaver-40-godina-izgubljeni-u-svom-gradu\\\/#primaryimage\"},\"thumbnailUrl\":\"https:\\\/\\\/hsls.hr\\\/web\\\/wp-content\\\/uploads\\\/2022\\\/10\\\/3E0696A6-4C0A-4DB0-BB38-A4E9A14B4C76.jpeg\",\"articleSection\":[\"Zagreb\"],\"inLanguage\":\"hr\",\"potentialAction\":[{\"@type\":\"CommentAction\",\"name\":\"Comment\",\"target\":[\"https:\\\/\\\/hsls.hr\\\/web\\\/ksaver-40-godina-izgubljeni-u-svom-gradu\\\/#respond\"]}]},{\"@type\":\"WebPage\",\"@id\":\"https:\\\/\\\/hsls.hr\\\/web\\\/ksaver-40-godina-izgubljeni-u-svom-gradu\\\/\",\"url\":\"https:\\\/\\\/hsls.hr\\\/web\\\/ksaver-40-godina-izgubljeni-u-svom-gradu\\\/\",\"name\":\"KSAVER \u2013 40 godina izgubljeni u svom gradu! - HSLS\",\"isPartOf\":{\"@id\":\"https:\\\/\\\/hsls.hr\\\/web\\\/#website\"},\"primaryImageOfPage\":{\"@id\":\"https:\\\/\\\/hsls.hr\\\/web\\\/ksaver-40-godina-izgubljeni-u-svom-gradu\\\/#primaryimage\"},\"image\":{\"@id\":\"https:\\\/\\\/hsls.hr\\\/web\\\/ksaver-40-godina-izgubljeni-u-svom-gradu\\\/#primaryimage\"},\"thumbnailUrl\":\"https:\\\/\\\/hsls.hr\\\/web\\\/wp-content\\\/uploads\\\/2022\\\/10\\\/3E0696A6-4C0A-4DB0-BB38-A4E9A14B4C76.jpeg\",\"datePublished\":\"2022-10-17T19:59:02+00:00\",\"dateModified\":\"2023-05-29T12:13:56+00:00\",\"author\":{\"@id\":\"https:\\\/\\\/hsls.hr\\\/web\\\/#\\\/schema\\\/person\\\/e3f651016d644a22e87c41fd9bc31f7b\"},\"breadcrumb\":{\"@id\":\"https:\\\/\\\/hsls.hr\\\/web\\\/ksaver-40-godina-izgubljeni-u-svom-gradu\\\/#breadcrumb\"},\"inLanguage\":\"hr\",\"potentialAction\":[{\"@type\":\"ReadAction\",\"target\":[\"https:\\\/\\\/hsls.hr\\\/web\\\/ksaver-40-godina-izgubljeni-u-svom-gradu\\\/\"]}]},{\"@type\":\"ImageObject\",\"inLanguage\":\"hr\",\"@id\":\"https:\\\/\\\/hsls.hr\\\/web\\\/ksaver-40-godina-izgubljeni-u-svom-gradu\\\/#primaryimage\",\"url\":\"https:\\\/\\\/hsls.hr\\\/web\\\/wp-content\\\/uploads\\\/2022\\\/10\\\/3E0696A6-4C0A-4DB0-BB38-A4E9A14B4C76.jpeg\",\"contentUrl\":\"https:\\\/\\\/hsls.hr\\\/web\\\/wp-content\\\/uploads\\\/2022\\\/10\\\/3E0696A6-4C0A-4DB0-BB38-A4E9A14B4C76.jpeg\",\"width\":640,\"height\":480},{\"@type\":\"BreadcrumbList\",\"@id\":\"https:\\\/\\\/hsls.hr\\\/web\\\/ksaver-40-godina-izgubljeni-u-svom-gradu\\\/#breadcrumb\",\"itemListElement\":[{\"@type\":\"ListItem\",\"position\":1,\"name\":\"Po\u010detna stranica\",\"item\":\"https:\\\/\\\/hsls.hr\\\/web\\\/\"},{\"@type\":\"ListItem\",\"position\":2,\"name\":\"KSAVER \u2013 40 godina izgubljeni u svom gradu!\"}]},{\"@type\":\"WebSite\",\"@id\":\"https:\\\/\\\/hsls.hr\\\/web\\\/#website\",\"url\":\"https:\\\/\\\/hsls.hr\\\/web\\\/\",\"name\":\"HSLS\",\"description\":\"Hrvatska socijalno-liberalna stranka\",\"potentialAction\":[{\"@type\":\"SearchAction\",\"target\":{\"@type\":\"EntryPoint\",\"urlTemplate\":\"https:\\\/\\\/hsls.hr\\\/web\\\/?s={search_term_string}\"},\"query-input\":{\"@type\":\"PropertyValueSpecification\",\"valueRequired\":true,\"valueName\":\"search_term_string\"}}],\"inLanguage\":\"hr\"},{\"@type\":\"Person\",\"@id\":\"https:\\\/\\\/hsls.hr\\\/web\\\/#\\\/schema\\\/person\\\/e3f651016d644a22e87c41fd9bc31f7b\",\"name\":\"HSLS\",\"image\":{\"@type\":\"ImageObject\",\"inLanguage\":\"hr\",\"@id\":\"https:\\\/\\\/secure.gravatar.com\\\/avatar\\\/1f45d97b500c25de1ecef91e0eaa08ca0ada41c344c17876869f452108429fb9?s=96&d=mm&r=g\",\"url\":\"https:\\\/\\\/secure.gravatar.com\\\/avatar\\\/1f45d97b500c25de1ecef91e0eaa08ca0ada41c344c17876869f452108429fb9?s=96&d=mm&r=g\",\"contentUrl\":\"https:\\\/\\\/secure.gravatar.com\\\/avatar\\\/1f45d97b500c25de1ecef91e0eaa08ca0ada41c344c17876869f452108429fb9?s=96&d=mm&r=g\",\"caption\":\"HSLS\"},\"sameAs\":[\"https:\\\/\\\/hsls.hr\\\/web\"],\"url\":\"https:\\\/\\\/hsls.hr\\\/web\\\/author\\\/hsadminls\\\/\"}]}<\/script>\n<!-- \/ Yoast SEO plugin. -->","yoast_head_json":{"title":"KSAVER \u2013 40 godina izgubljeni u svom gradu! - HSLS","robots":{"index":"index","follow":"follow","max-snippet":"max-snippet:-1","max-image-preview":"max-image-preview:large","max-video-preview":"max-video-preview:-1"},"canonical":"https:\/\/hsls.hr\/web\/ksaver-40-godina-izgubljeni-u-svom-gradu\/","og_locale":"hr_HR","og_type":"article","og_title":"KSAVER \u2013 40 godina izgubljeni u svom gradu! - HSLS","og_description":"Od kako je izgra\u0111en kompleks Ksaver koji sa\u010dinjava preko 200 ku\u0107nih brojeva nije posjedovao adekvatnu prostornu evidenciju smjerokaza koji bi svakoga namjernika uputili gdje na 35.000m2 prostora na 7 kaskada&hellip;","og_url":"https:\/\/hsls.hr\/web\/ksaver-40-godina-izgubljeni-u-svom-gradu\/","og_site_name":"HSLS","article_published_time":"2022-10-17T19:59:02+00:00","article_modified_time":"2023-05-29T12:13:56+00:00","og_image":[{"width":640,"height":480,"url":"https:\/\/hsls.hr\/web\/wp-content\/uploads\/2022\/10\/3E0696A6-4C0A-4DB0-BB38-A4E9A14B4C76.jpeg","type":"image\/jpeg"}],"author":"HSLS","twitter_card":"summary_large_image","twitter_misc":{"Napisao\/la":"HSLS","Procijenjeno vrijeme \u010ditanja":"2 minute"},"schema":{"@context":"https:\/\/schema.org","@graph":[{"@type":"Article","@id":"https:\/\/hsls.hr\/web\/ksaver-40-godina-izgubljeni-u-svom-gradu\/#article","isPartOf":{"@id":"https:\/\/hsls.hr\/web\/ksaver-40-godina-izgubljeni-u-svom-gradu\/"},"author":{"name":"HSLS","@id":"https:\/\/hsls.hr\/web\/#\/schema\/person\/e3f651016d644a22e87c41fd9bc31f7b"},"headline":"KSAVER \u2013 40 godina izgubljeni u svom gradu!","datePublished":"2022-10-17T19:59:02+00:00","dateModified":"2023-05-29T12:13:56+00:00","mainEntityOfPage":{"@id":"https:\/\/hsls.hr\/web\/ksaver-40-godina-izgubljeni-u-svom-gradu\/"},"wordCount":316,"commentCount":0,"image":{"@id":"https:\/\/hsls.hr\/web\/ksaver-40-godina-izgubljeni-u-svom-gradu\/#primaryimage"},"thumbnailUrl":"https:\/\/hsls.hr\/web\/wp-content\/uploads\/2022\/10\/3E0696A6-4C0A-4DB0-BB38-A4E9A14B4C76.jpeg","articleSection":["Zagreb"],"inLanguage":"hr","potentialAction":[{"@type":"CommentAction","name":"Comment","target":["https:\/\/hsls.hr\/web\/ksaver-40-godina-izgubljeni-u-svom-gradu\/#respond"]}]},{"@type":"WebPage","@id":"https:\/\/hsls.hr\/web\/ksaver-40-godina-izgubljeni-u-svom-gradu\/","url":"https:\/\/hsls.hr\/web\/ksaver-40-godina-izgubljeni-u-svom-gradu\/","name":"KSAVER \u2013 40 godina izgubljeni u svom gradu! - HSLS","isPartOf":{"@id":"https:\/\/hsls.hr\/web\/#website"},"primaryImageOfPage":{"@id":"https:\/\/hsls.hr\/web\/ksaver-40-godina-izgubljeni-u-svom-gradu\/#primaryimage"},"image":{"@id":"https:\/\/hsls.hr\/web\/ksaver-40-godina-izgubljeni-u-svom-gradu\/#primaryimage"},"thumbnailUrl":"https:\/\/hsls.hr\/web\/wp-content\/uploads\/2022\/10\/3E0696A6-4C0A-4DB0-BB38-A4E9A14B4C76.jpeg","datePublished":"2022-10-17T19:59:02+00:00","dateModified":"2023-05-29T12:13:56+00:00","author":{"@id":"https:\/\/hsls.hr\/web\/#\/schema\/person\/e3f651016d644a22e87c41fd9bc31f7b"},"breadcrumb":{"@id":"https:\/\/hsls.hr\/web\/ksaver-40-godina-izgubljeni-u-svom-gradu\/#breadcrumb"},"inLanguage":"hr","potentialAction":[{"@type":"ReadAction","target":["https:\/\/hsls.hr\/web\/ksaver-40-godina-izgubljeni-u-svom-gradu\/"]}]},{"@type":"ImageObject","inLanguage":"hr","@id":"https:\/\/hsls.hr\/web\/ksaver-40-godina-izgubljeni-u-svom-gradu\/#primaryimage","url":"https:\/\/hsls.hr\/web\/wp-content\/uploads\/2022\/10\/3E0696A6-4C0A-4DB0-BB38-A4E9A14B4C76.jpeg","contentUrl":"https:\/\/hsls.hr\/web\/wp-content\/uploads\/2022\/10\/3E0696A6-4C0A-4DB0-BB38-A4E9A14B4C76.jpeg","width":640,"height":480},{"@type":"BreadcrumbList","@id":"https:\/\/hsls.hr\/web\/ksaver-40-godina-izgubljeni-u-svom-gradu\/#breadcrumb","itemListElement":[{"@type":"ListItem","position":1,"name":"Po\u010detna stranica","item":"https:\/\/hsls.hr\/web\/"},{"@type":"ListItem","position":2,"name":"KSAVER \u2013 40 godina izgubljeni u svom gradu!"}]},{"@type":"WebSite","@id":"https:\/\/hsls.hr\/web\/#website","url":"https:\/\/hsls.hr\/web\/","name":"HSLS","description":"Hrvatska socijalno-liberalna stranka","potentialAction":[{"@type":"SearchAction","target":{"@type":"EntryPoint","urlTemplate":"https:\/\/hsls.hr\/web\/?s={search_term_string}"},"query-input":{"@type":"PropertyValueSpecification","valueRequired":true,"valueName":"search_term_string"}}],"inLanguage":"hr"},{"@type":"Person","@id":"https:\/\/hsls.hr\/web\/#\/schema\/person\/e3f651016d644a22e87c41fd9bc31f7b","name":"HSLS","image":{"@type":"ImageObject","inLanguage":"hr","@id":"https:\/\/secure.gravatar.com\/avatar\/1f45d97b500c25de1ecef91e0eaa08ca0ada41c344c17876869f452108429fb9?s=96&d=mm&r=g","url":"https:\/\/secure.gravatar.com\/avatar\/1f45d97b500c25de1ecef91e0eaa08ca0ada41c344c17876869f452108429fb9?s=96&d=mm&r=g","contentUrl":"https:\/\/secure.gravatar.com\/avatar\/1f45d97b500c25de1ecef91e0eaa08ca0ada41c344c17876869f452108429fb9?s=96&d=mm&r=g","caption":"HSLS"},"sameAs":["https:\/\/hsls.hr\/web"],"url":"https:\/\/hsls.hr\/web\/author\/hsadminls\/"}]}},"_links":{"self":[{"href":"https:\/\/hsls.hr\/web\/wp-json\/wp\/v2\/posts\/1767","targetHints":{"allow":["GET"]}}],"collection":[{"href":"https:\/\/hsls.hr\/web\/wp-json\/wp\/v2\/posts"}],"about":[{"href":"https:\/\/hsls.hr\/web\/wp-json\/wp\/v2\/types\/post"}],"author":[{"embeddable":true,"href":"https:\/\/hsls.hr\/web\/wp-json\/wp\/v2\/users\/1"}],"replies":[{"embeddable":true,"href":"https:\/\/hsls.hr\/web\/wp-json\/wp\/v2\/comments?post=1767"}],"version-history":[{"count":2,"href":"https:\/\/hsls.hr\/web\/wp-json\/wp\/v2\/posts\/1767\/revisions"}],"predecessor-version":[{"id":2430,"href":"https:\/\/hsls.hr\/web\/wp-json\/wp\/v2\/posts\/1767\/revisions\/2430"}],"wp:featuredmedia":[{"embeddable":true,"href":"https:\/\/hsls.hr\/web\/wp-json\/wp\/v2\/media\/2440"}],"wp:attachment":[{"href":"https:\/\/hsls.hr\/web\/wp-json\/wp\/v2\/media?parent=1767"}],"wp:term":[{"taxonomy":"category","embeddable":true,"href":"https:\/\/hsls.hr\/web\/wp-json\/wp\/v2\/categories?post=1767"},{"taxonomy":"post_tag","embeddable":true,"href":"https:\/\/hsls.hr\/web\/wp-json\/wp\/v2\/tags?post=1767"}],"curies":[{"name":"wp","href":"https:\/\/api.w.org\/{rel}","templated":true}]}}