{"id":1688,"date":"2022-11-30T19:58:48","date_gmt":"2022-11-30T19:58:48","guid":{"rendered":"https:\/\/hsls.hr\/web\/?p=1688"},"modified":"2023-05-29T13:50:24","modified_gmt":"2023-05-29T13:50:24","slug":"ukrajina-i-misija-europske-unije-za-vojnu-pomoc-za-potporu-ukrajini-eumam","status":"publish","type":"post","link":"https:\/\/hsls.hr\/web\/ukrajina-i-misija-europske-unije-za-vojnu-pomoc-za-potporu-ukrajini-eumam\/","title":{"rendered":"Ukrajina i misija Europske unije za vojnu pomo\u0107 za potporu Ukrajini EUMAM"},"content":{"rendered":"<p>Izmjenama hrvatskog Ustava od 9. studenoga 2000. godine Republika Hrvatska je od polupredsjedni\u010dke postala parlamentarna republika. Jedan od inicijatora tih promjena bio je HSLS, pri \u010demu nismo mogli pretpostaviti da \u0107e taj znatan demokratski iskorak u Hrvatskoj zbog lo\u0161e formuliranog zakona o ovlastima predsjednika danas postati kamen spoticanja na razini funkcioniranja dr\u017eave.<\/p>\n<p>Podru\u010dje \u010dije je normalno svakodnevno funkcioniranje znatno ote\u017eano jest suradnja izme\u0111u Ureda predsjednika i Ministarstva obrane. U Ustavu RH navodi se da je Predsjednik Republike vrhovni zapovjednik oru\u017eanih snaga Republike Hrvatske. Me\u0111utim, ure\u0111enje svakodnevnog upravljanja sustavom oru\u017eanih snaga Ustavom prepu\u0161teno je zakonima, prije svega Zakonu o obrani i Zakonu o slu\u017ebi u Oru\u017eanim snagama. \u0160to se ti\u010de Ustava, treba tako\u0111er podsjetiti da je njime predvi\u0111ena me\u0111usobna suradnja nositelja vlasti u okviru njezine trodiobe, me\u0111utim njezino je funkcioniranje po prvi put od nastanka dr\u017eave ugro\u017eeno.<\/p>\n<p>Hrvatska je sada\u0161njim nedovoljno definiranim zakonskim okvirom upravljanja oru\u017eanim snagama, u pogledu kojeg postoji sunadle\u017enost izme\u0111u ta dva dr\u017eavna tijela, postala anomalija me\u0111u europskim parlamentarnim demokracijama.<\/p>\n<p>Kada norme o nadle\u017enosti nisu jasno definirane, nerijetko dolazi do spora o izvr\u0161enju ovlasti raspodijeljenih Ustavom i zakonima izme\u0111u razli\u010ditih nositelja vlasti. Naravno, norme mo\u017ee svatko tuma\u010diti, ali obvezuju\u0107e i slu\u017ebeno tuma\u010denje mo\u017ee pru\u017eiti jedino Ustavni sud.<\/p>\n<p>U slu\u010daju misije Europske unije za vojnu pomo\u0107 za potporu Ukrajini EUMAM radi se o pomo\u0107i europskoj dr\u017eavi koja je izlo\u017eena najgoroj razini agresije kakvu nismo vidjeli od kraja II. svjetskog rata. Predsjednik ka\u017ee da nismo du\u017eni pomo\u0107i jer prema njegovu mi\u0161ljenju Ukrajina nije savezni\u010dka dr\u017eava.<\/p>\n<p>Predsjednik prije nekoliko je dana ispratio jo\u0161 jedan kontingent hrvatskih vojnika na Kosovo, koje tako\u0111er nije savezni\u010dka dr\u017eava, barem ne prema kriterijima predsjednika jer Kosovo nije ni \u010dlanica NATO-a ni Europske unije. A opet, hrvatski vojnici ondje su upu\u0107eni u okviru operacije KFOR-a i mi smo o na\u0161em sudjelovanju kao i nizu sudjelovanja proteklih godina tako\u0111er glasali ovdje u Hrvatskom saboru. Isto tako, predsjednik se zala\u017ee za odlazak hrvatskih vojnika u Bosnu i Hercegovinu. Opet, po kojoj osnovi kad BiH nije ni \u010dlanica NATO saveza ni EU-a, a prema tuma\u010denju predsjednika, ni savezni\u010dka dr\u017eava. Predsjednik bi tamo hrvatske vojnike poslao u okviru misije EUFOR-a (Snage Europske unije za Bosnu i Hercegovinu) Altea. Altea je operacija Europske unije u dr\u017eavi koja nije \u010dlanica.<\/p>\n<p>Koja je razlika izme\u0111u europske operacije Altea i europske operacije EUMAM Ukrajina? Prema predsjedniku hrvatski vojnici mogu u europsku operaciju Altea, ali ne mogu sudjelovati u isto tako europskoj operaciji EUMAM, koja je znatno manje rizi\u010dna. Naime, da se ne la\u017eemo, hrvatski vojnici u Bosni i Hercegovini zasigurno ne\u0107e biti rado vi\u0111eni u svim njezinim dijelovima. Me\u0111utim, to predsjedniku ne smeta.<\/p>\n<p>S druge strane, kad treba ukrajinske vojnike obu\u010diti o razminiravanju i spa\u0161avanju ranjenika, to pak ne mo\u017ee. Jer, eto, to je prevelik rizik. Kao da se tra\u017ei da hrvatski instruktori idu u Ukrajinu, a ne da ukrajinski vojnici do\u0111u u Hrvatsku.<\/p>\n<p>Ka\u017ee predsjednik da bi to bilo mije\u0161anje i uvla\u010denje u rat. Slanje topova od 130 milimetara dometa ve\u0107eg od 30 kilometara predstavlja navodno manje bitno mije\u0161anje. Predsjednik tvrdi da \u0107e nam Rusi vi\u0161e zamjeriti \u0161to obu\u010davamo vojnike koji \u0107e \u010distiti mine i zbrinjavati ranjenike, nego da \u0161aljemo oru\u017eje.<\/p>\n<p>Hrvatska je \u010dlanica i NATO saveza i Europske unije. \u010clanstvo nije samo povlastica, nego i obaveza. Hrvatske oru\u017eane snage premale su i preslabo naoru\u017eane da same obrane Hrvatsku od mogu\u0107e agresije. Zbog toga se pouzdamo u obranu NATO saveza i to je niz godina bio glavni izgovor vladama za smanjenje vojnog prora\u010duna kao i neulaganje u na\u0161e oru\u017eane snage, pa tako i pogotovo vladi kojoj je predsjednik bio na \u010delu. Ili bi Hrvatska, po \u017eelji predsjednika i njegovih politi\u010dkih istomi\u0161ljenika, trebala postati druga Orbanova Ma\u0111arska, koja bi rado imala pristup europskom jedinstvenom tr\u017ei\u0161tu i europskim fondovima, a politi\u010dki bila bli\u017ea Rusiji. Vodi li nas predsjednik u smjeru Ma\u0111arske, i pri\u017eeljkuje li Milanovi\u0107 biti drugi Orban?<\/p>\n<p>Odbijanjem da da suglasnost za sudjelovanje u misiji Europske unije za vojnu pomo\u0107 Ukrajini vodi nas upravo u tom smjeru. O\u010digledno je predsjedniku, odjednom va\u017ena navodna procedura koja vidimo da nije sporna, a zanemario je cilj ove misije. Ovo je zapravo samo izgovor jer su onda istovjetne odluke donesene u zadnjih 10 godina tako\u0111er bile nepropisne, ba\u0161 kao i sve odluke koje je donijela njegova vlada u vezi sa istozna\u010dnim pitanjima obrane. Na\u017ealost, predsjednik ovakvim osporavanjem odluka nastavlja s demontiranjem i gubitkom povjerenja gra\u0111ana u sve dr\u017eavne institucije, koje i on predstavlja ili je predstavljao, i to prije svega zbog vlastitog populizma ili ta\u0161tine, ne mare\u0107i pritom za \u0161tetu koja se radi Republici Hrvatskoj na me\u0111unarodnom planu. Ovakvo u\u010destalo diskreditiranje Hrvatske na me\u0111unarodnoj razini svrstava nas u zemlje s nestabilnim i nepouzdanim politi\u010dkim sustavom. Sutra \u017eelimo investicije i me\u0111unarodna ulaganja u Hrvatsku, \u017eelimo biti relevantan faktor u zastupanju na\u0161ih interesa u Europi, ali i na\u0161ih manjina u susjednim zemljama, no sve to mo\u017eemo zaboraviti jer investicije ne dolaze u zemlje nestabilnog politi\u010dkog okvira i nedosljedne politike. Europski fondovi klju\u010dni su za razvoj Hrvatske, kao \u0161to je i NATO izrazito bitan za obranu Hrvatske. Ne smijemo zaboraviti da svako \u010dlanstvo uklju\u010duje kako benefite tako i obveze. Pristupanjem ovim organizacijama kao i proces usvajanja zapadnih vrijednosti bio je strate\u0161ki cilj Hrvatske i sredi\u0161te te\u017enji hrvatskog naroda od osnutka dr\u017eave. Me\u0111utim, ako se nastavi ovakva diskreditiraju\u0107a i politika suprotna ve\u0107ini politika zapadnih zemalja od predsjednika, dosada\u0161nje politi\u010dke uspjehe mo\u017eemo ugroziti i ostati samo slijepo crijevo Europe ili dio nestabilnog Balkana, a nipo\u0161to ravnopravna zemlja zapadne Europe. I to hrvatska javnost mora znati.<\/p>\n<p>Hrvatska koja ne po\u0161tuje europske prijatelje kao ni me\u0111unarodne obveze koje je preuzela te odbija sudjelovati u europskim projektima i opravdava agresiju jedne zemlje na drugu zemlju, je dr\u017eava koja negira osnovne postulate i politi\u010dku legitimaciju Ujedinjenih radova.<\/p>\n<p>Devet mjeseci nakon usvajanja Deklaracije o Ukrajini, i to u kontekstu nastavka ruske agresije na tu zemlju te neposredno nakon intenziviranja ruskih vojnih napada na civilne ciljeve u toj zemlji i sramotne ruske aneksije dijela ukrajinskog teritorija, odjednom je onima koji podr\u017eavaju deklaracije i vrijednosti \u201ena papiru\u201c problem podr\u017eati politi\u010dku misiju, kojom se djelima provode izgovorene rije\u010di, usvojene deklaracije i utvr\u0111ene vrijednosti.<\/p>\n<p>Kao liberali vodimo se osnovnom idejom slobode i demokracije, a ona u na\u0161oj dr\u017eavi ima respektabilnu tradiciju od 1989. Zala\u017eu\u0107i se danas za hrvatsku, europsku i globalnu demokratsku perspektivu, HSLS nedvojbeno podr\u017eava ovu odluku i apelira na politi\u010dku odgovornost ostalih predstavnika na\u0161ih gra\u0111ana u Hrvatskom saboru, nebudimo licemjerni jer prije 30 godina i mi smo bili skoro u istoj poziciji. Naime, ovdje je rije\u010d o ciljevima o kojima je u hrvatskoj politici dosad postojao konsenzus, a koji i dalje nema alternativu.<\/p>\n<p><em>Pi\u0161e Darko Klasi\u0107<\/em><\/p>\n","protected":false},"excerpt":{"rendered":"<p>Izmjenama hrvatskog Ustava od 9. studenoga 2000. godine Republika Hrvatska je od polupredsjedni\u010dke postala parlamentarna republika. Jedan od inicijatora tih promjena bio je HSLS, pri \u010demu nismo mogli pretpostaviti da&hellip;<\/p>\n","protected":false},"author":1,"featured_media":2488,"comment_status":"open","ping_status":"open","sticky":false,"template":"","format":"standard","meta":{"_lmt_disableupdate":"","_lmt_disable":"","footnotes":""},"categories":[1],"tags":[],"class_list":["post-1688","post","type-post","status-publish","format-standard","has-post-thumbnail","hentry","category-nacionalne-vijesti"],"yoast_head":"<!-- This site is optimized with the Yoast SEO plugin v27.5 - https:\/\/yoast.com\/product\/yoast-seo-wordpress\/ -->\n<title>Ukrajina i misija Europske unije za vojnu pomo\u0107 za potporu Ukrajini EUMAM - HSLS<\/title>\n<meta name=\"robots\" content=\"index, follow, max-snippet:-1, max-image-preview:large, max-video-preview:-1\" \/>\n<link rel=\"canonical\" href=\"https:\/\/hsls.hr\/web\/ukrajina-i-misija-europske-unije-za-vojnu-pomoc-za-potporu-ukrajini-eumam\/\" \/>\n<meta property=\"og:locale\" content=\"hr_HR\" \/>\n<meta property=\"og:type\" content=\"article\" \/>\n<meta property=\"og:title\" content=\"Ukrajina i misija Europske unije za vojnu pomo\u0107 za potporu Ukrajini EUMAM - HSLS\" \/>\n<meta property=\"og:description\" content=\"Izmjenama hrvatskog Ustava od 9. studenoga 2000. godine Republika Hrvatska je od polupredsjedni\u010dke postala parlamentarna republika. Jedan od inicijatora tih promjena bio je HSLS, pri \u010demu nismo mogli pretpostaviti da&hellip;\" \/>\n<meta property=\"og:url\" content=\"https:\/\/hsls.hr\/web\/ukrajina-i-misija-europske-unije-za-vojnu-pomoc-za-potporu-ukrajini-eumam\/\" \/>\n<meta property=\"og:site_name\" content=\"HSLS\" \/>\n<meta property=\"article:published_time\" content=\"2022-11-30T19:58:48+00:00\" \/>\n<meta property=\"article:modified_time\" content=\"2023-05-29T13:50:24+00:00\" \/>\n<meta property=\"og:image\" content=\"https:\/\/hsls.hr\/web\/wp-content\/uploads\/2023\/05\/317486228_521294493372817_5830800652239061774_n-e1685367739483.jpg\" \/>\n\t<meta property=\"og:image:width\" content=\"843\" \/>\n\t<meta property=\"og:image:height\" content=\"632\" \/>\n\t<meta property=\"og:image:type\" content=\"image\/jpeg\" \/>\n<meta name=\"author\" content=\"HSLS\" \/>\n<meta name=\"twitter:card\" content=\"summary_large_image\" \/>\n<meta name=\"twitter:label1\" content=\"Napisao\/la\" \/>\n\t<meta name=\"twitter:data1\" content=\"HSLS\" \/>\n\t<meta name=\"twitter:label2\" content=\"Procijenjeno vrijeme \u010ditanja\" \/>\n\t<meta name=\"twitter:data2\" content=\"6 minuta\" \/>\n<script type=\"application\/ld+json\" class=\"yoast-schema-graph\">{\"@context\":\"https:\\\/\\\/schema.org\",\"@graph\":[{\"@type\":\"Article\",\"@id\":\"https:\\\/\\\/hsls.hr\\\/web\\\/ukrajina-i-misija-europske-unije-za-vojnu-pomoc-za-potporu-ukrajini-eumam\\\/#article\",\"isPartOf\":{\"@id\":\"https:\\\/\\\/hsls.hr\\\/web\\\/ukrajina-i-misija-europske-unije-za-vojnu-pomoc-za-potporu-ukrajini-eumam\\\/\"},\"author\":{\"name\":\"HSLS\",\"@id\":\"https:\\\/\\\/hsls.hr\\\/web\\\/#\\\/schema\\\/person\\\/e3f651016d644a22e87c41fd9bc31f7b\"},\"headline\":\"Ukrajina i misija Europske unije za vojnu pomo\u0107 za potporu Ukrajini EUMAM\",\"datePublished\":\"2022-11-30T19:58:48+00:00\",\"dateModified\":\"2023-05-29T13:50:24+00:00\",\"mainEntityOfPage\":{\"@id\":\"https:\\\/\\\/hsls.hr\\\/web\\\/ukrajina-i-misija-europske-unije-za-vojnu-pomoc-za-potporu-ukrajini-eumam\\\/\"},\"wordCount\":1231,\"commentCount\":0,\"image\":{\"@id\":\"https:\\\/\\\/hsls.hr\\\/web\\\/ukrajina-i-misija-europske-unije-za-vojnu-pomoc-za-potporu-ukrajini-eumam\\\/#primaryimage\"},\"thumbnailUrl\":\"https:\\\/\\\/hsls.hr\\\/web\\\/wp-content\\\/uploads\\\/2023\\\/05\\\/317486228_521294493372817_5830800652239061774_n-e1685367739483.jpg\",\"articleSection\":[\"Nacionalno\"],\"inLanguage\":\"hr\",\"potentialAction\":[{\"@type\":\"CommentAction\",\"name\":\"Comment\",\"target\":[\"https:\\\/\\\/hsls.hr\\\/web\\\/ukrajina-i-misija-europske-unije-za-vojnu-pomoc-za-potporu-ukrajini-eumam\\\/#respond\"]}]},{\"@type\":\"WebPage\",\"@id\":\"https:\\\/\\\/hsls.hr\\\/web\\\/ukrajina-i-misija-europske-unije-za-vojnu-pomoc-za-potporu-ukrajini-eumam\\\/\",\"url\":\"https:\\\/\\\/hsls.hr\\\/web\\\/ukrajina-i-misija-europske-unije-za-vojnu-pomoc-za-potporu-ukrajini-eumam\\\/\",\"name\":\"Ukrajina i misija Europske unije za vojnu pomo\u0107 za potporu Ukrajini EUMAM - HSLS\",\"isPartOf\":{\"@id\":\"https:\\\/\\\/hsls.hr\\\/web\\\/#website\"},\"primaryImageOfPage\":{\"@id\":\"https:\\\/\\\/hsls.hr\\\/web\\\/ukrajina-i-misija-europske-unije-za-vojnu-pomoc-za-potporu-ukrajini-eumam\\\/#primaryimage\"},\"image\":{\"@id\":\"https:\\\/\\\/hsls.hr\\\/web\\\/ukrajina-i-misija-europske-unije-za-vojnu-pomoc-za-potporu-ukrajini-eumam\\\/#primaryimage\"},\"thumbnailUrl\":\"https:\\\/\\\/hsls.hr\\\/web\\\/wp-content\\\/uploads\\\/2023\\\/05\\\/317486228_521294493372817_5830800652239061774_n-e1685367739483.jpg\",\"datePublished\":\"2022-11-30T19:58:48+00:00\",\"dateModified\":\"2023-05-29T13:50:24+00:00\",\"author\":{\"@id\":\"https:\\\/\\\/hsls.hr\\\/web\\\/#\\\/schema\\\/person\\\/e3f651016d644a22e87c41fd9bc31f7b\"},\"breadcrumb\":{\"@id\":\"https:\\\/\\\/hsls.hr\\\/web\\\/ukrajina-i-misija-europske-unije-za-vojnu-pomoc-za-potporu-ukrajini-eumam\\\/#breadcrumb\"},\"inLanguage\":\"hr\",\"potentialAction\":[{\"@type\":\"ReadAction\",\"target\":[\"https:\\\/\\\/hsls.hr\\\/web\\\/ukrajina-i-misija-europske-unije-za-vojnu-pomoc-za-potporu-ukrajini-eumam\\\/\"]}]},{\"@type\":\"ImageObject\",\"inLanguage\":\"hr\",\"@id\":\"https:\\\/\\\/hsls.hr\\\/web\\\/ukrajina-i-misija-europske-unije-za-vojnu-pomoc-za-potporu-ukrajini-eumam\\\/#primaryimage\",\"url\":\"https:\\\/\\\/hsls.hr\\\/web\\\/wp-content\\\/uploads\\\/2023\\\/05\\\/317486228_521294493372817_5830800652239061774_n-e1685367739483.jpg\",\"contentUrl\":\"https:\\\/\\\/hsls.hr\\\/web\\\/wp-content\\\/uploads\\\/2023\\\/05\\\/317486228_521294493372817_5830800652239061774_n-e1685367739483.jpg\",\"width\":843,\"height\":632},{\"@type\":\"BreadcrumbList\",\"@id\":\"https:\\\/\\\/hsls.hr\\\/web\\\/ukrajina-i-misija-europske-unije-za-vojnu-pomoc-za-potporu-ukrajini-eumam\\\/#breadcrumb\",\"itemListElement\":[{\"@type\":\"ListItem\",\"position\":1,\"name\":\"Po\u010detna stranica\",\"item\":\"https:\\\/\\\/hsls.hr\\\/web\\\/\"},{\"@type\":\"ListItem\",\"position\":2,\"name\":\"Ukrajina i misija Europske unije za vojnu pomo\u0107 za potporu Ukrajini EUMAM\"}]},{\"@type\":\"WebSite\",\"@id\":\"https:\\\/\\\/hsls.hr\\\/web\\\/#website\",\"url\":\"https:\\\/\\\/hsls.hr\\\/web\\\/\",\"name\":\"HSLS\",\"description\":\"Hrvatska socijalno-liberalna stranka\",\"potentialAction\":[{\"@type\":\"SearchAction\",\"target\":{\"@type\":\"EntryPoint\",\"urlTemplate\":\"https:\\\/\\\/hsls.hr\\\/web\\\/?s={search_term_string}\"},\"query-input\":{\"@type\":\"PropertyValueSpecification\",\"valueRequired\":true,\"valueName\":\"search_term_string\"}}],\"inLanguage\":\"hr\"},{\"@type\":\"Person\",\"@id\":\"https:\\\/\\\/hsls.hr\\\/web\\\/#\\\/schema\\\/person\\\/e3f651016d644a22e87c41fd9bc31f7b\",\"name\":\"HSLS\",\"image\":{\"@type\":\"ImageObject\",\"inLanguage\":\"hr\",\"@id\":\"https:\\\/\\\/secure.gravatar.com\\\/avatar\\\/1f45d97b500c25de1ecef91e0eaa08ca0ada41c344c17876869f452108429fb9?s=96&d=mm&r=g\",\"url\":\"https:\\\/\\\/secure.gravatar.com\\\/avatar\\\/1f45d97b500c25de1ecef91e0eaa08ca0ada41c344c17876869f452108429fb9?s=96&d=mm&r=g\",\"contentUrl\":\"https:\\\/\\\/secure.gravatar.com\\\/avatar\\\/1f45d97b500c25de1ecef91e0eaa08ca0ada41c344c17876869f452108429fb9?s=96&d=mm&r=g\",\"caption\":\"HSLS\"},\"sameAs\":[\"https:\\\/\\\/hsls.hr\\\/web\"],\"url\":\"https:\\\/\\\/hsls.hr\\\/web\\\/author\\\/hsadminls\\\/\"}]}<\/script>\n<!-- \/ Yoast SEO plugin. -->","yoast_head_json":{"title":"Ukrajina i misija Europske unije za vojnu pomo\u0107 za potporu Ukrajini EUMAM - HSLS","robots":{"index":"index","follow":"follow","max-snippet":"max-snippet:-1","max-image-preview":"max-image-preview:large","max-video-preview":"max-video-preview:-1"},"canonical":"https:\/\/hsls.hr\/web\/ukrajina-i-misija-europske-unije-za-vojnu-pomoc-za-potporu-ukrajini-eumam\/","og_locale":"hr_HR","og_type":"article","og_title":"Ukrajina i misija Europske unije za vojnu pomo\u0107 za potporu Ukrajini EUMAM - HSLS","og_description":"Izmjenama hrvatskog Ustava od 9. studenoga 2000. godine Republika Hrvatska je od polupredsjedni\u010dke postala parlamentarna republika. Jedan od inicijatora tih promjena bio je HSLS, pri \u010demu nismo mogli pretpostaviti da&hellip;","og_url":"https:\/\/hsls.hr\/web\/ukrajina-i-misija-europske-unije-za-vojnu-pomoc-za-potporu-ukrajini-eumam\/","og_site_name":"HSLS","article_published_time":"2022-11-30T19:58:48+00:00","article_modified_time":"2023-05-29T13:50:24+00:00","og_image":[{"width":843,"height":632,"url":"https:\/\/hsls.hr\/web\/wp-content\/uploads\/2023\/05\/317486228_521294493372817_5830800652239061774_n-e1685367739483.jpg","type":"image\/jpeg"}],"author":"HSLS","twitter_card":"summary_large_image","twitter_misc":{"Napisao\/la":"HSLS","Procijenjeno vrijeme \u010ditanja":"6 minuta"},"schema":{"@context":"https:\/\/schema.org","@graph":[{"@type":"Article","@id":"https:\/\/hsls.hr\/web\/ukrajina-i-misija-europske-unije-za-vojnu-pomoc-za-potporu-ukrajini-eumam\/#article","isPartOf":{"@id":"https:\/\/hsls.hr\/web\/ukrajina-i-misija-europske-unije-za-vojnu-pomoc-za-potporu-ukrajini-eumam\/"},"author":{"name":"HSLS","@id":"https:\/\/hsls.hr\/web\/#\/schema\/person\/e3f651016d644a22e87c41fd9bc31f7b"},"headline":"Ukrajina i misija Europske unije za vojnu pomo\u0107 za potporu Ukrajini EUMAM","datePublished":"2022-11-30T19:58:48+00:00","dateModified":"2023-05-29T13:50:24+00:00","mainEntityOfPage":{"@id":"https:\/\/hsls.hr\/web\/ukrajina-i-misija-europske-unije-za-vojnu-pomoc-za-potporu-ukrajini-eumam\/"},"wordCount":1231,"commentCount":0,"image":{"@id":"https:\/\/hsls.hr\/web\/ukrajina-i-misija-europske-unije-za-vojnu-pomoc-za-potporu-ukrajini-eumam\/#primaryimage"},"thumbnailUrl":"https:\/\/hsls.hr\/web\/wp-content\/uploads\/2023\/05\/317486228_521294493372817_5830800652239061774_n-e1685367739483.jpg","articleSection":["Nacionalno"],"inLanguage":"hr","potentialAction":[{"@type":"CommentAction","name":"Comment","target":["https:\/\/hsls.hr\/web\/ukrajina-i-misija-europske-unije-za-vojnu-pomoc-za-potporu-ukrajini-eumam\/#respond"]}]},{"@type":"WebPage","@id":"https:\/\/hsls.hr\/web\/ukrajina-i-misija-europske-unije-za-vojnu-pomoc-za-potporu-ukrajini-eumam\/","url":"https:\/\/hsls.hr\/web\/ukrajina-i-misija-europske-unije-za-vojnu-pomoc-za-potporu-ukrajini-eumam\/","name":"Ukrajina i misija Europske unije za vojnu pomo\u0107 za potporu Ukrajini EUMAM - HSLS","isPartOf":{"@id":"https:\/\/hsls.hr\/web\/#website"},"primaryImageOfPage":{"@id":"https:\/\/hsls.hr\/web\/ukrajina-i-misija-europske-unije-za-vojnu-pomoc-za-potporu-ukrajini-eumam\/#primaryimage"},"image":{"@id":"https:\/\/hsls.hr\/web\/ukrajina-i-misija-europske-unije-za-vojnu-pomoc-za-potporu-ukrajini-eumam\/#primaryimage"},"thumbnailUrl":"https:\/\/hsls.hr\/web\/wp-content\/uploads\/2023\/05\/317486228_521294493372817_5830800652239061774_n-e1685367739483.jpg","datePublished":"2022-11-30T19:58:48+00:00","dateModified":"2023-05-29T13:50:24+00:00","author":{"@id":"https:\/\/hsls.hr\/web\/#\/schema\/person\/e3f651016d644a22e87c41fd9bc31f7b"},"breadcrumb":{"@id":"https:\/\/hsls.hr\/web\/ukrajina-i-misija-europske-unije-za-vojnu-pomoc-za-potporu-ukrajini-eumam\/#breadcrumb"},"inLanguage":"hr","potentialAction":[{"@type":"ReadAction","target":["https:\/\/hsls.hr\/web\/ukrajina-i-misija-europske-unije-za-vojnu-pomoc-za-potporu-ukrajini-eumam\/"]}]},{"@type":"ImageObject","inLanguage":"hr","@id":"https:\/\/hsls.hr\/web\/ukrajina-i-misija-europske-unije-za-vojnu-pomoc-za-potporu-ukrajini-eumam\/#primaryimage","url":"https:\/\/hsls.hr\/web\/wp-content\/uploads\/2023\/05\/317486228_521294493372817_5830800652239061774_n-e1685367739483.jpg","contentUrl":"https:\/\/hsls.hr\/web\/wp-content\/uploads\/2023\/05\/317486228_521294493372817_5830800652239061774_n-e1685367739483.jpg","width":843,"height":632},{"@type":"BreadcrumbList","@id":"https:\/\/hsls.hr\/web\/ukrajina-i-misija-europske-unije-za-vojnu-pomoc-za-potporu-ukrajini-eumam\/#breadcrumb","itemListElement":[{"@type":"ListItem","position":1,"name":"Po\u010detna stranica","item":"https:\/\/hsls.hr\/web\/"},{"@type":"ListItem","position":2,"name":"Ukrajina i misija Europske unije za vojnu pomo\u0107 za potporu Ukrajini EUMAM"}]},{"@type":"WebSite","@id":"https:\/\/hsls.hr\/web\/#website","url":"https:\/\/hsls.hr\/web\/","name":"HSLS","description":"Hrvatska socijalno-liberalna stranka","potentialAction":[{"@type":"SearchAction","target":{"@type":"EntryPoint","urlTemplate":"https:\/\/hsls.hr\/web\/?s={search_term_string}"},"query-input":{"@type":"PropertyValueSpecification","valueRequired":true,"valueName":"search_term_string"}}],"inLanguage":"hr"},{"@type":"Person","@id":"https:\/\/hsls.hr\/web\/#\/schema\/person\/e3f651016d644a22e87c41fd9bc31f7b","name":"HSLS","image":{"@type":"ImageObject","inLanguage":"hr","@id":"https:\/\/secure.gravatar.com\/avatar\/1f45d97b500c25de1ecef91e0eaa08ca0ada41c344c17876869f452108429fb9?s=96&d=mm&r=g","url":"https:\/\/secure.gravatar.com\/avatar\/1f45d97b500c25de1ecef91e0eaa08ca0ada41c344c17876869f452108429fb9?s=96&d=mm&r=g","contentUrl":"https:\/\/secure.gravatar.com\/avatar\/1f45d97b500c25de1ecef91e0eaa08ca0ada41c344c17876869f452108429fb9?s=96&d=mm&r=g","caption":"HSLS"},"sameAs":["https:\/\/hsls.hr\/web"],"url":"https:\/\/hsls.hr\/web\/author\/hsadminls\/"}]}},"_links":{"self":[{"href":"https:\/\/hsls.hr\/web\/wp-json\/wp\/v2\/posts\/1688","targetHints":{"allow":["GET"]}}],"collection":[{"href":"https:\/\/hsls.hr\/web\/wp-json\/wp\/v2\/posts"}],"about":[{"href":"https:\/\/hsls.hr\/web\/wp-json\/wp\/v2\/types\/post"}],"author":[{"embeddable":true,"href":"https:\/\/hsls.hr\/web\/wp-json\/wp\/v2\/users\/1"}],"replies":[{"embeddable":true,"href":"https:\/\/hsls.hr\/web\/wp-json\/wp\/v2\/comments?post=1688"}],"version-history":[{"count":3,"href":"https:\/\/hsls.hr\/web\/wp-json\/wp\/v2\/posts\/1688\/revisions"}],"predecessor-version":[{"id":2408,"href":"https:\/\/hsls.hr\/web\/wp-json\/wp\/v2\/posts\/1688\/revisions\/2408"}],"wp:featuredmedia":[{"embeddable":true,"href":"https:\/\/hsls.hr\/web\/wp-json\/wp\/v2\/media\/2488"}],"wp:attachment":[{"href":"https:\/\/hsls.hr\/web\/wp-json\/wp\/v2\/media?parent=1688"}],"wp:term":[{"taxonomy":"category","embeddable":true,"href":"https:\/\/hsls.hr\/web\/wp-json\/wp\/v2\/categories?post=1688"},{"taxonomy":"post_tag","embeddable":true,"href":"https:\/\/hsls.hr\/web\/wp-json\/wp\/v2\/tags?post=1688"}],"curies":[{"name":"wp","href":"https:\/\/api.w.org\/{rel}","templated":true}]}}